{"id":183960,"date":"2025-06-17T18:17:10","date_gmt":"2025-06-17T18:17:10","guid":{"rendered":"https:\/\/www.europesays.com\/fr\/183960\/"},"modified":"2025-06-17T18:17:10","modified_gmt":"2025-06-17T18:17:10","slug":"le-plan-de-leurope-pour-mobiliser-et-attirer-les-capitaux","status":"publish","type":"post","link":"https:\/\/www.europesays.com\/fr\/183960\/","title":{"rendered":"Le plan de l\u2019Europe pour mobiliser et attirer les capitaux"},"content":{"rendered":"<p><strong>D\u00c9CRYPTAGE<\/strong> &#8211; L\u2019Union des march\u00e9s de capitaux commence \u00e0 prendre forme. Bruxelles a annonc\u00e9 des mesures pour relancer la titrisation en Europe et permettre aux banques de pr\u00eater davantage.<\/p>\n<p class=\"fig-paragraph\">Tout doucement, le projet d\u2019<a href=\"http:\/\/www.lefigaro.fr\/societes\/epargne-europeenne-macron-veut-lancer-l-union-des-marches-de-capitaux-dans-les-douze-mois-20240425\" target=\"_blank\" data-fig-type=\"Article\" rel=\"noopener\" data-gtm-custom-categorie=\"navigation\" data-gtm-custom-action=\"crossclick\" data-gtm-custom-label=\"Contextuel\" data-gtm-event=\"customEventSPE\" data-fig-domain=\"LEFIGARO\">Union des march\u00e9s capitaux europ\u00e9ens<\/a>\u00a0commence \u00e0 prendre forme. Rebaptis\u00e9 projet d\u2019Union de l\u2019\u00e9pargne et de l\u2019investissement, il doit notamment permettre \u00e0 l\u2019Europe d\u2019attirer les investisseurs internationaux, de mieux mobiliser l\u2019\u00e9norme tr\u00e9sor d\u2019<a href=\"http:\/\/www.lefigaro.fr\/conjoncture\/la-france-a-la-manoeuvre-pour-creer-un-label-d-epargne-europeen-20250604\" target=\"_blank\" data-fig-type=\"Article\" rel=\"noopener\" data-gtm-custom-categorie=\"navigation\" data-gtm-custom-action=\"crossclick\" data-gtm-custom-label=\"Contextuel\" data-gtm-event=\"customEventSPE\" data-fig-domain=\"LEFIGARO\">\u00e9pargne des Europ\u00e9ens<\/a>\u00a0pour l\u2019\u00e9conomie du continent et de mieux financer les entreprises.<\/p>\n<p class=\"fig-paragraph\">Pour l\u2019heure, les comptes n\u2019y sont pas, car si le march\u00e9 unique s\u2019est concr\u00e9tis\u00e9 pour la libre circulation des marchandises et des personnes, c\u2019est encore loin d\u2019\u00eatre une r\u00e9alit\u00e9 pour les flux financiers. Contrairement aux \u00c9tats-Unis, le march\u00e9 europ\u00e9en dans ce domaine reste tr\u00e8s fragment\u00e9 en autant de pays. Cela l\u2019emp\u00eache de rivaliser avec eux ou avec la Chine.<\/p>\n<p class=\"fig-paragraph\">Or, les besoins du Vieux Continent sont colossaux. En septembre,\u00a0<a href=\"http:\/\/www.lefigaro.fr\/conjoncture\/en-decrochage-par-rapport-aux-etats-unis-l-europe-doit-absolument-ameliorer-sa-productivite-alerte-mario-draghi-20240909\" data-fig-type=\"NewsFlash\" data-gtm-custom-categorie=\"navigation\" data-gtm-custom-action=\"crossclick\" data-gtm-custom-label=\"Contextuel\" data-gtm-event=\"customEventSPE\" data-fig-domain=\"LEFIGARO\" target=\"_blank\" rel=\"noopener\">Mario Draghi<\/a>, l\u2019ancien pr\u00e9sident de la BCE estimait qu\u2019il faudrait investir 800\u00a0milliards d\u2019euros suppl\u00e9mentaires par an dans l\u2019innovation ou la transition \u00e9cologique pour enrayer le d\u00e9clin de la comp\u00e9titivit\u00e9 de\u2026<\/p>\n<p class=\"fig-premium-paywall__infos\">\n        Cet article est r\u00e9serv\u00e9 aux abonn\u00e9s.        Il vous reste 87% \u00e0 d\u00e9couvrir.\n    <\/p>\n<p>                <img  data- alt=\"Le Figaro\" class=\"fig-img--complete fig-img\"\/><\/p>\n<p class=\"fig-premium-paywall__title\">Vente Flash<\/p>\n<p class=\"fig-premium-paywall__subtitle\">3,99\u20ac par mois pendant 12 mois. Sans engagement.<\/p>\n<p class=\"fig-premium-paywall__connect\">\n                D\u00e9j\u00e0 abonn\u00e9\u00a0?                <a class=\"fig-premium-paywall__connect-link\" href=\"https:\/\/connect.lefigaro.fr\/login?client=horizon_web&amp;type=main&amp;redirect_uri=https%3A%2F%2Fwww.lefigaro.fr%2Fconjoncture%2Fle-plan-de-l-europe-pour-mobiliser-et-attirer-les-capitaux-20250617\" data-js-gtm=\"{&quot;customCategorie&quot;: &quot;conversion&quot;, &quot;customAction&quot;: &quot;before_Landing_Connexion_paywall_auto&quot;, &quot;customLabel&quot;: &quot;bGVmaWdhcm8uZnJfXzFmMDRiNzQ4LThjYzItNmI1MC1iNzNiLTJiZGRjYWE5ODEwMF9fQXJ0aWNsZQ==_Le plan de l\u2019Europe pour mobiliser et attirer les capitaux_275&quot;, &quot;customIDSPE&quot;: &quot;bGVmaWdhcm8uZnJfXzFmMDRiNzQ4LThjYzItNmI1MC1iNzNiLTJiZGRjYWE5ODEwMF9fQXJ0aWNsZQ==&quot;, &quot;event&quot;: &quot;customEventSPE&quot;}\" target=\"_blank\" rel=\"noopener\"><br \/>\n                    Connectez-vous<br \/>\n                <\/a>\n            <\/p>\n","protected":false},"excerpt":{"rendered":"D\u00c9CRYPTAGE &#8211; L\u2019Union des march\u00e9s de capitaux commence \u00e0 prendre forme. Bruxelles a annonc\u00e9 des mesures pour relancer&hellip;\n","protected":false},"author":2,"featured_media":183961,"comment_status":"","ping_status":"","sticky":false,"template":"","format":"standard","meta":{"footnotes":""},"categories":[1586],"tags":[339,11,4282,340,2360,343,345,350,130,344,352,349,33,341,313,1777,674,1011,27,346,342,353,2112,351,347,12,348,25,354],"class_list":{"0":"post-183960","1":"post","2":"type-post","3":"status-publish","4":"format-standard","5":"has-post-thumbnail","7":"category-europe","8":"tag-actualite-economique","9":"tag-actualites","10":"tag-banques","11":"tag-bourse","12":"tag-bruxelles","13":"tag-cac-40","14":"tag-chef-dentreprise","15":"tag-concurrence","16":"tag-consommation","17":"tag-creation-dentreprise","18":"tag-crise","19":"tag-delocalisations","20":"tag-economie","21":"tag-emploi","22":"tag-entreprises","23":"tag-eu","24":"tag-europe","25":"tag-fr","26":"tag-france","27":"tag-grands-patrons","28":"tag-impots","29":"tag-licenciements","30":"tag-marches-financiers","31":"tag-monopole","32":"tag-multinationales","33":"tag-news","34":"tag-privatisation","35":"tag-republique-francaise","36":"tag-unio"},"share_on_mastodon":{"url":"https:\/\/pubeurope.com\/@fr\/114700081334070903","error":""},"_links":{"self":[{"href":"https:\/\/www.europesays.com\/fr\/wp-json\/wp\/v2\/posts\/183960","targetHints":{"allow":["GET"]}}],"collection":[{"href":"https:\/\/www.europesays.com\/fr\/wp-json\/wp\/v2\/posts"}],"about":[{"href":"https:\/\/www.europesays.com\/fr\/wp-json\/wp\/v2\/types\/post"}],"author":[{"embeddable":true,"href":"https:\/\/www.europesays.com\/fr\/wp-json\/wp\/v2\/users\/2"}],"replies":[{"embeddable":true,"href":"https:\/\/www.europesays.com\/fr\/wp-json\/wp\/v2\/comments?post=183960"}],"version-history":[{"count":0,"href":"https:\/\/www.europesays.com\/fr\/wp-json\/wp\/v2\/posts\/183960\/revisions"}],"wp:featuredmedia":[{"embeddable":true,"href":"https:\/\/www.europesays.com\/fr\/wp-json\/wp\/v2\/media\/183961"}],"wp:attachment":[{"href":"https:\/\/www.europesays.com\/fr\/wp-json\/wp\/v2\/media?parent=183960"}],"wp:term":[{"taxonomy":"category","embeddable":true,"href":"https:\/\/www.europesays.com\/fr\/wp-json\/wp\/v2\/categories?post=183960"},{"taxonomy":"post_tag","embeddable":true,"href":"https:\/\/www.europesays.com\/fr\/wp-json\/wp\/v2\/tags?post=183960"}],"curies":[{"name":"wp","href":"https:\/\/api.w.org\/{rel}","templated":true}]}}