{"id":183962,"date":"2025-06-17T18:18:10","date_gmt":"2025-06-17T18:18:10","guid":{"rendered":"https:\/\/www.europesays.com\/fr\/183962\/"},"modified":"2025-06-17T18:18:10","modified_gmt":"2025-06-17T18:18:10","slug":"il-y-a-40-ans-les-dirigeants-europeens-inventaient-la-libre-circulation-des-personnes","status":"publish","type":"post","link":"https:\/\/www.europesays.com\/fr\/183962\/","title":{"rendered":"Il y a 40 ans, les dirigeants europ\u00e9ens inventaient la libre circulation des personnes"},"content":{"rendered":"<p>\n                                                Circuler librement au sein de l&rsquo;Union europ\u00e9enne est devenu pour les citoyens des 27 une telle \u00e9vidence qu&rsquo;on n&rsquo;y pr\u00eate plus attention ou presque&#8230; sign\u00e9 dans la petite ville de Schengen au Luxembourg, l&rsquo;accord du m\u00eame nom f\u00eate ce mois-ci son 40\u00e8 anniversaire. Une c\u00e9l\u00e9bration sous le signe de l&rsquo;inqui\u00e9tude en raison de la r\u00e9apparition des contr\u00f4les aux fronti\u00e8res int\u00e9rieures, de plus en plus nombreux.                    <\/p>\n<p><strong>Invit\u00e9 : <a href=\"https:\/\/institutdelors.eu\/auteurs\/jerome-vignon\/\" target=\"_blank\" rel=\"noopener\">J\u00e9r\u00f4me Vignon<\/a>, chercheur \u00e0 l&rsquo;Institut Jacques Delors, sp\u00e9cialiste des questions sociales et migratoires.<\/strong><\/p>\n<p>\u00a0<\/p>\n<p> <strong>Qu\u2019est-ce qu\u2019une femme ?<\/strong> <\/p>\n<p>\u00c0 cette question,\u00a0<strong>la Cour Supr\u00eame de <a href=\"https:\/\/www.rfi.fr\/fr\/tag\/royaume-uni\/\" target=\"_self\" rel=\"noopener\">Grande-Bretagne<\/a> a r\u00e9pondu clairement : la d\u00e9finition est biologique<\/strong> et non pas li\u00e9e au genre. Le d\u00e9bat \u00e9tait apparu en \u00c9cosse en 2018 quand le gouvernement et le Parlement avaient mis en place des moyens de protection d\u00e9di\u00e9s aux femmes, et des quotas pour favoriser leur acc\u00e8s aux postes de direction dans l\u2019administration. Le texte incluant parmi les b\u00e9n\u00e9ficiaires les <strong><a href=\"https:\/\/www.rfi.fr\/fr\/tag\/lgbtq \/\" target=\"_self\" rel=\"noopener\">personnes transsexuelles<\/a><\/strong>, dont le certificat de naissance n\u2019indiquait pas qu&rsquo;elles \u00e9taient n\u00e9es femmes. La controverse est donc close.<\/p>\n<p>Mais <strong>en \u00c9cosse, un mois et demi apr\u00e8s la d\u00e9cision, des restrictions sont apparues \u00e0 l\u2019encontre des personnes qui ont chang\u00e9 de sexe, ou souhaitent le faire, et ces derni\u00e8res s\u2019inqui\u00e8tent, y compris pour leur s\u00e9curit\u00e9<\/strong>. Reportage \u00e0 Aberdeen, <strong>Thomas Harms.<\/strong><\/p>\n<p>\u00a0<\/p>\n<p> <strong>La vogue du mariage express au Danemark<\/strong> <\/p>\n<p><strong>Une chronique de Malvina Raud,<\/strong> journaliste pour <strong>ENTR<\/strong>, le m\u00e9dia des 18-35 ans qui parle d&rsquo;Europe\u202fsur les <strong><a href=\"https:\/\/www.rfi.fr\/fr\/tag\/r\u00e9seaux-sociaux\/\" target=\"_self\" rel=\"noopener\">r\u00e9seaux sociaux<\/a><\/strong>.<\/p>\n<p>Chaque ann\u00e9e, des milliers de couples affluent d&rsquo;Europe et m\u00eame de beaucoup plus loin parfois pour se passer la bague au doigt au <strong><a href=\"https:\/\/www.rfi.fr\/fr\/tag\/danemark\/\" target=\"_self\" rel=\"noopener\">Danemark<\/a><\/strong> ! Intrigu\u00e9e, l&rsquo;\u00e9quipe d&rsquo;Entr est all\u00e9e voir pourquoi ces couples font autant de kilom\u00e8tres pour se marier !<\/p>\n<p><strong><a href=\"https:\/\/www.youtube.com\/watch?v=WU9jJ0RgvE8\" target=\"_blank\" rel=\"noopener\">Retrouvez le reportage vid\u00e9o de Malvina Raud et Jade Briend-Guy<\/a><\/strong> sur les r\u00e9seaux sociaux d&rsquo;Entr.<\/p>\n<p>\u00a0<\/p>\n<p>\u00a0<\/p>\n<p> <strong>Incendies de for\u00eat et exploitation foresti\u00e8re<\/strong> <\/p>\n<p>\u00c0 l&rsquo;approche de l&rsquo;\u00e9t\u00e9, l&rsquo;alerte aux feux de for\u00eats est lanc\u00e9e. Leur fr\u00e9quence augmente : depuis 2021, plus de 5.200 kilom\u00e8tres carr\u00e9s ont \u00e9t\u00e9 ravag\u00e9s par les flammes dans les 27 pays de l&rsquo;Union. <strong>Le <a href=\"https:\/\/www.rfi.fr\/fr\/tag\/portugal\/\" target=\"_self\" rel=\"noopener\">Portugal<\/a> est l&rsquo;un des plus touch\u00e9s<\/strong>. La for\u00eat occupe 36% du territoire du pays et son exploitation repr\u00e9sente 8% de ses exportations. <strong>R\u00e9guli\u00e8rement accus\u00e9 d&rsquo;\u00eatre responsables des incendies, l&rsquo;industrie papeti\u00e8re met en avant la bonne gestion de ses immenses for\u00eats d&rsquo;eucalyptus<\/strong>&#8230;\u00a0 et pr\u00f4ne. Mais l\u2019entretien de la for\u00eat co\u00fbte cher et beaucoup de petites parcelles sont mal entretenues. Les <strong><a href=\"https:\/\/www.rfi.fr\/fr\/tag\/industrie\/\" target=\"_self\" rel=\"noopener\">industriels<\/a><\/strong> plaident pour une gestion concert\u00e9e avec les petits propri\u00e9taires.\u00a0 Reportage\u00a0 <strong>Marie-Line Darcy.<\/strong><\/p>\n","protected":false},"excerpt":{"rendered":"Circuler librement au sein de l&rsquo;Union europ\u00e9enne est devenu pour les citoyens des 27 une telle \u00e9vidence qu&rsquo;on&hellip;\n","protected":false},"author":2,"featured_media":183963,"comment_status":"","ping_status":"","sticky":false,"template":"","format":"standard","meta":{"footnotes":""},"categories":[1586],"tags":[2361,11,1777,674,1779,1011,27,1061,12,25,1778,364],"class_list":{"0":"post-183962","1":"post","2":"type-post","3":"status-publish","4":"format-standard","5":"has-post-thumbnail","7":"category-europe","8":"tag-accents-deurope","9":"tag-actualites","10":"tag-eu","11":"tag-europe","12":"tag-european-union","13":"tag-fr","14":"tag-france","15":"tag-immigration","16":"tag-news","17":"tag-republique-francaise","18":"tag-ue","19":"tag-union-europeenne"},"share_on_mastodon":{"url":"https:\/\/pubeurope.com\/@fr\/114700085118451295","error":""},"_links":{"self":[{"href":"https:\/\/www.europesays.com\/fr\/wp-json\/wp\/v2\/posts\/183962","targetHints":{"allow":["GET"]}}],"collection":[{"href":"https:\/\/www.europesays.com\/fr\/wp-json\/wp\/v2\/posts"}],"about":[{"href":"https:\/\/www.europesays.com\/fr\/wp-json\/wp\/v2\/types\/post"}],"author":[{"embeddable":true,"href":"https:\/\/www.europesays.com\/fr\/wp-json\/wp\/v2\/users\/2"}],"replies":[{"embeddable":true,"href":"https:\/\/www.europesays.com\/fr\/wp-json\/wp\/v2\/comments?post=183962"}],"version-history":[{"count":0,"href":"https:\/\/www.europesays.com\/fr\/wp-json\/wp\/v2\/posts\/183962\/revisions"}],"wp:featuredmedia":[{"embeddable":true,"href":"https:\/\/www.europesays.com\/fr\/wp-json\/wp\/v2\/media\/183963"}],"wp:attachment":[{"href":"https:\/\/www.europesays.com\/fr\/wp-json\/wp\/v2\/media?parent=183962"}],"wp:term":[{"taxonomy":"category","embeddable":true,"href":"https:\/\/www.europesays.com\/fr\/wp-json\/wp\/v2\/categories?post=183962"},{"taxonomy":"post_tag","embeddable":true,"href":"https:\/\/www.europesays.com\/fr\/wp-json\/wp\/v2\/tags?post=183962"}],"curies":[{"name":"wp","href":"https:\/\/api.w.org\/{rel}","templated":true}]}}