{"id":183972,"date":"2025-06-17T18:24:10","date_gmt":"2025-06-17T18:24:10","guid":{"rendered":"https:\/\/www.europesays.com\/fr\/183972\/"},"modified":"2025-06-17T18:24:10","modified_gmt":"2025-06-17T18:24:10","slug":"joe-van-niekerk-de-la-jungle-du-costa-rica-a-celle-de-la-tete-des-rugbymen","status":"publish","type":"post","link":"https:\/\/www.europesays.com\/fr\/183972\/","title":{"rendered":"Joe van Niekerk, de la jungle du Costa Rica \u00e0 celle de la t\u00eate des rugbymen"},"content":{"rendered":"<p><strong>PORTRAIT &#8211;<\/strong> Pendant cinq ans, l\u2019ancien capitaine du RCT s\u2019est reconnect\u00e9 \u00e0 la nature. Il aimerait d\u00e9sormais aider au bien \u00eatre mental des joueurs sous pression.<\/p>\n<p class=\"fig-paragraph\">Du jour au lendemain, treize ans de carri\u00e8re, 52\u00a0s\u00e9lections et 4\u00a0troph\u00e9es prestigieux ont \u00e9t\u00e9 mis entre parenth\u00e8ses. Les raisons\u00a0? L\u2019envie de s\u2019\u00e9vader, de se reconnecter avec\u00a0<a href=\"http:\/\/www.lefigaro.fr\/voyages\/inspiration\/sur-les-routes-de-france-nos-40-etapes-culturelles-nature-et-gourmandes-20250425\" target=\"_blank\" data-fig-type=\"Article\" rel=\"noopener\" data-gtm-custom-categorie=\"navigation\" data-gtm-custom-action=\"crossclick\" data-gtm-custom-label=\"Contextuel\" data-gtm-event=\"customEventSPE\" data-fig-domain=\"LEFIGARO\">ce que la nature offre de plus beau<\/a>. Ou simplement l\u2019envie de prendre une grande respiration apr\u00e8s une vie marqu\u00e9e par les chocs, les blessures, les larmes, les rendez-vous glorieux ou manqu\u00e9s. Joe van Niekerk a fait ce choix il y a pr\u00e8s de cinq ans.<\/p>\n<p class=\"fig-paragraph\">\u00ab\u00a0Je me suis demand\u00e9 qui j\u2019\u00e9tais en dehors du rugby. Sans ma carri\u00e8re, sans mes succ\u00e8s, qui suis-je\u00a0? Je me suis dit qu\u2019on s\u2019en fichait un peu de savoir combien de troph\u00e9es j\u2019avais pu gagner, ce que j\u2019avais fait dans le rugby ou encore ce que je valais sur les r\u00e9seaux sociaux. Je voulais faire des d\u00e9couvertes et explorer un monde. J\u2019ai r\u00e9alis\u00e9 que je voulais aider, donner de l\u2019amour et soigner les gens\u00a0\u00bb, pose, avec son sourire habituel, l\u2019ancien international sud-africain.<\/p>\n<p class=\"fig-paragraph\">L\u2019aventure est maintenant termin\u00e9e. La r\u00e9flexion a \u00e9t\u00e9 m\u00fbrement r\u00e9fl\u00e9chie.\u00a0<a href=\"http:\/\/www.lefigaro.fr\/sciences\/une-ferme-experimentale-de-l-inrae-teste-un-nouveau-modele-agricole-dans-les-vosges-20240222\" target=\"_blank\" data-fig-type=\"Article\" rel=\"noopener\" data-gtm-custom-categorie=\"navigation\" data-gtm-custom-action=\"crossclick\" data-gtm-custom-label=\"Contextuel\" data-gtm-event=\"customEventSPE\" data-fig-domain=\"LEFIGARO\">La ferme\u2026<\/a><\/p>\n<p class=\"fig-premium-paywall__infos\">\n        Cet article est r\u00e9serv\u00e9 aux abonn\u00e9s.        Il vous reste 84% \u00e0 d\u00e9couvrir.\n    <\/p>\n<p>                <img  data- alt=\"Le Figaro\" class=\"fig-img--complete fig-img\"\/><\/p>\n<p class=\"fig-premium-paywall__title\">Vente Flash<\/p>\n<p class=\"fig-premium-paywall__subtitle\">3,99\u20ac par mois pendant 12 mois. Sans engagement.<\/p>\n<p class=\"fig-premium-paywall__connect\">\n                D\u00e9j\u00e0 abonn\u00e9\u00a0?                <a class=\"fig-premium-paywall__connect-link\" href=\"https:\/\/connect.lefigaro.fr\/login?client=horizon_web&amp;type=main&amp;redirect_uri=https%3A%2F%2Fwww.lefigaro.fr%2Fsports%2Frugby%2Fjoe-van-niekerk-de-la-jungle-du-costa-rica-a-celle-des-tetes-des-rugbymen-20250617\" data-js-gtm=\"{&quot;customCategorie&quot;: &quot;conversion&quot;, &quot;customAction&quot;: &quot;before_Landing_Connexion_paywall_auto&quot;, &quot;customLabel&quot;: &quot;bGVmaWdhcm8uZnJfXzFmMDRiNzA1LWMzMjQtNmYxYS1iNDI2LThmMGEwYzA4YWY5Ml9fQXJ0aWNsZQ==_Joe van Niekerk, de la jungle du Costa Rica \u00e0 celle de la t\u00eate des rugbymen_82&quot;, &quot;customIDSPE&quot;: &quot;bGVmaWdhcm8uZnJfXzFmMDRiNzA1LWMzMjQtNmYxYS1iNDI2LThmMGEwYzA4YWY5Ml9fQXJ0aWNsZQ==&quot;, &quot;event&quot;: &quot;customEventSPE&quot;}\" target=\"_blank\" rel=\"noopener\"><br \/>\n                    Connectez-vous<br \/>\n                <\/a>\n            <\/p>\n","protected":false},"excerpt":{"rendered":"PORTRAIT &#8211; Pendant cinq ans, l\u2019ancien capitaine du RCT s\u2019est reconnect\u00e9 \u00e0 la nature. Il aimerait d\u00e9sormais aider&hellip;\n","protected":false},"author":2,"featured_media":183973,"comment_status":"","ping_status":"","sticky":false,"template":"","format":"standard","meta":{"footnotes":""},"categories":[1416],"tags":[2306,525,2309,1981,2313,1089,451,814,1011,27,955,2308,2311,8177,1980,479,10405,1468,2259,2307,60,478,2310,2312,513],"class_list":{"0":"post-183972","1":"post","2":"type-post","3":"status-publish","4":"format-standard","5":"has-post-thumbnail","7":"category-rugby","8":"tag-6-nations","9":"tag-calendrier","10":"tag-challenge-europeen","11":"tag-classement","12":"tag-clermont","13":"tag-coupe-deurope","14":"tag-coupe-du-monde","15":"tag-direct","16":"tag-fr","17":"tag-france","18":"tag-match","19":"tag-pro-d2","20":"tag-racing","21":"tag-rc-toulon","22":"tag-resultats","23":"tag-rugby","24":"tag-rugby-club-toulonnais","25":"tag-rugby-football","26":"tag-score","27":"tag-six-nations","28":"tag-sports","29":"tag-top-14","30":"tag-toulon","31":"tag-toulouse","32":"tag-xv-de-france"},"share_on_mastodon":{"url":"","error":""},"_links":{"self":[{"href":"https:\/\/www.europesays.com\/fr\/wp-json\/wp\/v2\/posts\/183972","targetHints":{"allow":["GET"]}}],"collection":[{"href":"https:\/\/www.europesays.com\/fr\/wp-json\/wp\/v2\/posts"}],"about":[{"href":"https:\/\/www.europesays.com\/fr\/wp-json\/wp\/v2\/types\/post"}],"author":[{"embeddable":true,"href":"https:\/\/www.europesays.com\/fr\/wp-json\/wp\/v2\/users\/2"}],"replies":[{"embeddable":true,"href":"https:\/\/www.europesays.com\/fr\/wp-json\/wp\/v2\/comments?post=183972"}],"version-history":[{"count":0,"href":"https:\/\/www.europesays.com\/fr\/wp-json\/wp\/v2\/posts\/183972\/revisions"}],"wp:featuredmedia":[{"embeddable":true,"href":"https:\/\/www.europesays.com\/fr\/wp-json\/wp\/v2\/media\/183973"}],"wp:attachment":[{"href":"https:\/\/www.europesays.com\/fr\/wp-json\/wp\/v2\/media?parent=183972"}],"wp:term":[{"taxonomy":"category","embeddable":true,"href":"https:\/\/www.europesays.com\/fr\/wp-json\/wp\/v2\/categories?post=183972"},{"taxonomy":"post_tag","embeddable":true,"href":"https:\/\/www.europesays.com\/fr\/wp-json\/wp\/v2\/tags?post=183972"}],"curies":[{"name":"wp","href":"https:\/\/api.w.org\/{rel}","templated":true}]}}