{"id":183975,"date":"2025-06-17T18:27:17","date_gmt":"2025-06-17T18:27:17","guid":{"rendered":"https:\/\/www.europesays.com\/fr\/183975\/"},"modified":"2025-06-17T18:27:17","modified_gmt":"2025-06-17T18:27:17","slug":"poncharal-nimagine-pas-vinales-pousser-ktm-a-le-changer-dequipe","status":"publish","type":"post","link":"https:\/\/www.europesays.com\/fr\/183975\/","title":{"rendered":"Poncharal n&rsquo;imagine pas Vi\u00f1ales pousser KTM \u00e0 le changer d&rsquo;\u00e9quipe"},"content":{"rendered":"<p>Alors que le premier tiers du championnat est pass\u00e9, la situation chez KTM interroge. <a href=\"https:\/\/fr.motorsport.com\/driver\/pedro-acosta\/840236\/\" target=\"_blank\" rel=\"noopener\">Pedro Acosta<\/a> multiplie les messages d&rsquo;alerte \u00e0 l&rsquo;encontre du constructeur, sans toutefois franchir le pas d&rsquo;annoncer une volont\u00e9 de d\u00e9part. Malgr\u00e9 des performances qui le d\u00e9\u00e7oivent, il domine son co\u00e9quipier <a href=\"https:\/\/fr.motorsport.com\/driver\/brad-binder\/109383\/\" target=\"_blank\" rel=\"noopener\">Brad Binder<\/a>, le plus ancien de la bande, de fa\u00e7on nette et r\u00e9guli\u00e8re. Quant au team Tech3, qui a accueilli deux nouveaux venus dans le groupe KTM, il a vu \u00e9merger un <a href=\"https:\/\/fr.motorsport.com\/driver\/maverick-vinales\/96553\/\" target=\"_blank\" rel=\"noopener\">Maverick Vi\u00f1ales<\/a> aussi convaincant en piste qu&rsquo;en dehors, et s&rsquo;effondrer <a href=\"https:\/\/fr.motorsport.com\/driver\/enea-bastianini\/109398\/\" target=\"_blank\" rel=\"noopener\">Enea Bastianini<\/a>.<\/p>\n<p>Sachant que les positions ont souvent \u00e9t\u00e9 interchangeables par le pass\u00e9 dans le quatuor de Mattighofen, o\u00f9 les quatre pilotes sont directement sous contrat avec le constructeur plut\u00f4t qu&rsquo;avec une \u00e9quipe, on peut s&rsquo;interroger sur la tournure que prendra le line-up si la dynamique devait rester aussi d\u00e9s\u00e9quilibr\u00e9e.<\/p>\n<p>\u00ab\u00a0Les faits sont clairs\u00a0:\u00a0les contrats permettraient un changement\u00a0\u00bb, conc\u00e8de Herv\u00e9 Poncharal \u00e0 <a href=\"https:\/\/www.gpone.com\/it\/2025\/06\/12\/motogp\/poncharal-vinales-nel-team-ufficiale-nel-2026-la-palla-e-nel-campo-di-ktm.html\" target=\"_blank\" rel=\"noopener\">GPOne<\/a>. Et d&rsquo;ajouter\u00a0:\u00a0\u00ab\u00a0Les quatre pilotes sont sous contrat avec KTM pour 2025 et 2026, alors la balle est dans le camp de Pit Beirer, le directeur du motorsport. Je pense que Pit et la direction de KTM sont assez satisfaits des bin\u00f4mes de pilotes actuels. Je ne pense pas qu&rsquo;il y aura de changement.\u00a0\u00bb<\/p>\n<p>   <img decoding=\"async\" draggable=\"false\" src=\"https:\/\/www.europesays.com\/fr\/wp-content\/uploads\/2025\/06\/herve-poncharal-tech-3.jpg\" alt=\"Herv\u00e9 Poncharal\" width=\"1200\" height=\"800\" loading=\"lazy\"\/> <\/p>\n<p class=\"title\">Herv\u00e9 Poncharal<\/p>\n<p class=\"photographer\">Photo de: Marc Fleury<\/p>\n<p>\u00ab\u00a0Pedro et Brad courent pour l&rsquo;\u00e9quipe officielle et je crois que l&rsquo;atmosph\u00e8re et la relation de travail y sont tr\u00e8s bonnes. Quant \u00e0 Maverick, il a souvent compliment\u00e9 Tech3 et le staff. Il n&rsquo;y a pas de diff\u00e9rence au niveau des motos\u00a0:\u00a0les pilotes KTM Tech3 re\u00e7oivent le m\u00eame soutien que ceux de l&rsquo;\u00e9quipe officielle. Je ne sais pas si un changement de personnel aurait du sens, mais honn\u00eatement, cette situation ne m&rsquo;inqui\u00e8te pas particuli\u00e8rement.\u00a0\u00bb<\/p>\n<p>Cependant, le patron du team Tech3 le sait bien, la poursuite de telles performances de la part de Vi\u00f1ales pourrait inciter \u00e0 un transfert de sa part dans l&rsquo;\u00e9quipe d&rsquo;usine qui, en d\u00e9pit de l&rsquo;\u00e9galit\u00e9 de moyens, aurait des allures de promotion. \u00ab\u00a0Il y aura des discussions, probablement entre Pit, Maverick et moi. Mais pour le moment, je n&rsquo;arrive pas imaginer Maverick exercer de pression sur qui que ce soit pour int\u00e9grer l&rsquo;\u00e9quipe officielle\u00a0\u00bb, souligne-t-il.<\/p>\n<p>La situation de Bastianini attriste Poncharal<\/p>\n<p>En attendant, la situation d&rsquo;Enea Bastianini ne peut qu&rsquo;interpeler. L&rsquo;Italien ne parvient pas \u00e0 se faire \u00e0 la RC16, et m\u00eame <a href=\"https:\/\/fr.motorsport.com\/motogp\/news\/ktm-veritable-test-positif-aerodynamique-aragon\/10731218\/\" target=\"_self\" rel=\"noopener\">un test jug\u00e9 enthousiasmant par ses coll\u00e8gues<\/a> l&rsquo;a laiss\u00e9 de marbre, lui qui n&rsquo;attend qu&rsquo;une pi\u00e8ce qui pour le moment n&rsquo;est pas disponible.<\/p>\n<p>Lire aussi :<\/p>\n<p>\u00ab\u00a0\u00c7a m&rsquo;attriste de voir qu&rsquo;un grand pilote comme Enea n&rsquo;ait pas r\u00e9ussi \u00e0 s&rsquo;adapter \u00e0 la KTM jusqu&rsquo;\u00e0 pr\u00e9sent\u00a0\u00bb, regrette Herv\u00e9 Poncharal. \u00ab\u00a0Il fait de gros efforts pour cela, il s&rsquo;investit au maximum et il a \u00e0 ses c\u00f4t\u00e9s le chef m\u00e9canicien qu&rsquo;il adore, Alberto &lsquo;Pigiamino&rsquo; Giribuola. Ils sont tr\u00e8s heureux de pouvoir travailler ensemble pour la premi\u00e8re fois depuis leur saison 2022 chez Gresini, mais pour des raisons que nous ne comprenons pas encore totalement, nous n&rsquo;avons jamais r\u00e9ussi \u00e0 donner \u00e0 Enea les sensations qu&rsquo;il attendait de la part de la RC16.\u00a0\u00bb<\/p>\n<p>   <img decoding=\"async\" draggable=\"false\" src=\"https:\/\/www.europesays.com\/fr\/wp-content\/uploads\/2025\/06\/1750184837_274_enea-bastianini-red-bull-ktm-t.jpg\" alt=\"La situation devient tr\u00e8s compliqu\u00e9e pour Enea Bastianini.\" width=\"1200\" height=\"800\" loading=\"lazy\"\/> <\/p>\n<p class=\"title\">La situation devient tr\u00e8s compliqu\u00e9e pour Enea Bastianini.<\/p>\n<p class=\"photographer\">Photo de: Rob Gray \/ Polarity Photo<\/p>\n<p>Alors que Vi\u00f1ales s&rsquo;est battu pour la victoire au Qatar et a su multiplier les apparitions dans le top 5-6, y compris en qualifications, Bastianini a obtenu en tout et pour tout trois entr\u00e9es dans le top 10. Jamais qualifi\u00e9 plus haut que la 17e position, l&rsquo;Italien d\u00e9crit inlassablement des difficult\u00e9s \u00e0 se sentir \u00e0 l&rsquo;aise et \u00e0 faire performer sa moto.<\/p>\n<p>\u00ab\u00a0Il sait que la KTM est comp\u00e9titive, il voit ce que sont capables de faire son co\u00e9quipier Vi\u00f1ales, ainsi que Pedro et Brad, mais pour le moment Enea n&rsquo;a pas r\u00e9ussi \u00e0 obtenir les r\u00e9sultats qu&rsquo;il esp\u00e9rait, surtout le vendredi et en qualifications, et \u00e7a me d\u00e9sole vraiment\u00a0\u00bb,\u00a0d\u00e9plore Herv\u00e9 Poncharal. \u00ab\u00a0\u00c7a me rend triste, par exemple, quand au soir du test d&rsquo;Arag\u00f3n, d&rsquo;un c\u00f4t\u00e9 du stand il y a de la joie apr\u00e8s avoir sign\u00e9 le meilleur temps, tout le monde est positif et souriant, et de l&rsquo;autre on voit des mines d\u00e9confites.\u00a0\u00bb<\/p>\n<p>\u00ab\u00a0Nous nous creusons la t\u00eate, nous r\u00e9fl\u00e9chissons \u00e0 ce que nous pouvons faire pour aider Enea, mais apr\u00e8s trois tests hivernaux et huit Grands Prix, on peut dire que l&rsquo;on a pratiquement tout essay\u00e9 pour adapter la moto \u00e0 son style de pilotage. Nous travaillons dur pour comprendre quelles autres avanc\u00e9es sont possibles afin de lui apporter un d\u00e9clic et de permettre \u00e0 Enea de trouver les sensations qu&rsquo;il recherche.\u00a0\u00bb<\/p>\n<p>Lire aussi :<\/p>\n<p>Dans cet article<\/p>\n<p>    L\u00e9na Buffa\n<\/p>\n<p>    MotoGP\n<\/p>\n<p>    Maverick Vi\u00f1ales\n<\/p>\n<p>    Tech 3\n<\/p>\n<p>    Red Bull KTM Factory Racing\n<\/p>\n<p>Soyez le premier inform\u00e9 et souscrivez aux alertes mails pour recevoir les infos en temps r\u00e9el<\/p>\n<p>    S&rsquo;abonner aux alertes de news<\/p>\n","protected":false},"excerpt":{"rendered":"Alors que le premier tiers du championnat est pass\u00e9, la situation chez KTM interroge. Pedro Acosta multiplie les&hellip;\n","protected":false},"author":2,"featured_media":183976,"comment_status":"","ping_status":"","sticky":false,"template":"","format":"standard","meta":{"footnotes":""},"categories":[1413],"tags":[1011,27,5712,1457,1456,1458,3068,60,3374],"class_list":{"0":"post-183975","1":"post","2":"type-post","3":"status-publish","4":"format-standard","5":"has-post-thumbnail","7":"category-moto","8":"tag-fr","9":"tag-france","10":"tag-maverick-viu00f1ales","11":"tag-moto","12":"tag-motocycle","13":"tag-motogp","14":"tag-red-bull-ktm-factory-racing","15":"tag-sports","16":"tag-tech-3"},"share_on_mastodon":{"url":"https:\/\/pubeurope.com\/@fr\/114700120580598846","error":""},"_links":{"self":[{"href":"https:\/\/www.europesays.com\/fr\/wp-json\/wp\/v2\/posts\/183975","targetHints":{"allow":["GET"]}}],"collection":[{"href":"https:\/\/www.europesays.com\/fr\/wp-json\/wp\/v2\/posts"}],"about":[{"href":"https:\/\/www.europesays.com\/fr\/wp-json\/wp\/v2\/types\/post"}],"author":[{"embeddable":true,"href":"https:\/\/www.europesays.com\/fr\/wp-json\/wp\/v2\/users\/2"}],"replies":[{"embeddable":true,"href":"https:\/\/www.europesays.com\/fr\/wp-json\/wp\/v2\/comments?post=183975"}],"version-history":[{"count":0,"href":"https:\/\/www.europesays.com\/fr\/wp-json\/wp\/v2\/posts\/183975\/revisions"}],"wp:featuredmedia":[{"embeddable":true,"href":"https:\/\/www.europesays.com\/fr\/wp-json\/wp\/v2\/media\/183976"}],"wp:attachment":[{"href":"https:\/\/www.europesays.com\/fr\/wp-json\/wp\/v2\/media?parent=183975"}],"wp:term":[{"taxonomy":"category","embeddable":true,"href":"https:\/\/www.europesays.com\/fr\/wp-json\/wp\/v2\/categories?post=183975"},{"taxonomy":"post_tag","embeddable":true,"href":"https:\/\/www.europesays.com\/fr\/wp-json\/wp\/v2\/tags?post=183975"}],"curies":[{"name":"wp","href":"https:\/\/api.w.org\/{rel}","templated":true}]}}