{"id":183977,"date":"2025-06-17T18:28:10","date_gmt":"2025-06-17T18:28:10","guid":{"rendered":"https:\/\/www.europesays.com\/fr\/183977\/"},"modified":"2025-06-17T18:28:10","modified_gmt":"2025-06-17T18:28:10","slug":"lewis-hamilton-devaste-davoir-ecrase-une-marmotte-au-gp-du-canada","status":"publish","type":"post","link":"https:\/\/www.europesays.com\/fr\/183977\/","title":{"rendered":"Lewis Hamilton \u00ab\u00a0d\u00e9vast\u00e9\u00a0\u00bb d\u2019avoir \u00e9cras\u00e9 une marmotte au GP du Canada"},"content":{"rendered":"<p><a href=\"https:\/\/www.20minutes.fr\/sport\/lewis_hamilton\/\" class=\"color-ultramarine c-link\" target=\"_blank\" rel=\"noopener\">Lewis Hamilton<\/a> est un ami des animaux. Et lorsqu\u2019on lui a appris qu\u2019il avait \u00e9cras\u00e9 une marmotte lors du <a href=\"https:\/\/www.20minutes.fr\/dossier\/grand_prix\" class=\"color-ultramarine c-link\" target=\"_blank\" rel=\"noopener\">Grand Prix<\/a> du <a href=\"https:\/\/www.20minutes.fr\/dossier\/canada\" class=\"color-ultramarine c-link\" target=\"_blank\" rel=\"noopener\">Canada<\/a> dimanche, le pilote de <a href=\"https:\/\/www.20minutes.fr\/sport\/f1\/\" class=\"color-ultramarine c-link\" target=\"_blank\" rel=\"noopener\">Formule 1<\/a> s\u2019est dit \u00ab\u00a0d\u00e9vast\u00e9 \u00bb. \u00ab J\u2019aime beaucoup les animaux, je ne me sens vraiment pas bien\u2026 C\u2019est malheureux\u00a0\u00bb, a-t-il expliqu\u00e9 apr\u00e8s la course.<\/p>\n<p>Au volant de sa <a href=\"https:\/\/www.20minutes.fr\/sport\/ferrari\/\" class=\"color-ultramarine c-link\" target=\"_blank\" rel=\"noopener\">Ferrari<\/a>, le Britannique n\u2019a termin\u00e9 qu\u2019en sixi\u00e8me position sur le circuit Jacques Villeneuve. \u00ab\u00a0La rencontre avec la marmotte au tour 8, on ne l\u2019avait pas forc\u00e9ment pr\u00e9vu\u00a0\u00bb, avait d\u00e9clar\u00e9 un peu plus t\u00f4t le patron fran\u00e7ais de l\u2019\u00e9curie italienne, Fr\u00e9d\u00e9ric Vasseur, sur un ton un peu moins m\u00e9lodramatique.<\/p>\n<blockquote class=\"twitter-tweet\" align=\"center\" data-lang=\"fr_FR\">\n<p lang=\"fr\" dir=\"ltr\">\ud83c\udf99\ufe0f\u00a0\u00bbQuand les gens m&rsquo;ont dit que c&rsquo;\u00e9tait une marmotte&#8230; \u00c7a me d\u00e9vaste\u00a0\u00bb<\/p>\n<p>Lewis Hamilton a d\u00fb g\u00e9rer avec les d\u00e9g\u00e2ts sur son fond plat apr\u00e8s avoir heurt\u00e9 une marmotte en d\u00e9but de course \ud83e\udd7a<a href=\"https:\/\/twitter.com\/hashtag\/CanadianGP?src=hash&amp;ref_src=twsrc%5Etfw\" target=\"_blank\" rel=\"noopener\">#CanadianGP<\/a> <a href=\"https:\/\/twitter.com\/hashtag\/F1?src=hash&amp;ref_src=twsrc%5Etfw\" target=\"_blank\" rel=\"noopener\">#F1<\/a> <a href=\"https:\/\/t.co\/GxhtJAv1WP\">pic.twitter.com\/GxhtJAv1WP<\/a><\/p>\n<p>\u2014 CANAL+ F1\u00ae (@CanalplusF1) <a href=\"https:\/\/twitter.com\/CanalplusF1\/status\/1934346986355892488?ref_src=twsrc%5Etfw\" target=\"_blank\" rel=\"noopener\">June 15, 2025<\/a><\/p><\/blockquote>\n<p class=\"mb-m@xs text-l@xs\">En cliquant sur\u00ab J\u2019accepte \u00bb, vous acceptez le d\u00e9p\u00f4t de cookies par des services externes et aurez ainsi acc\u00e8s aux contenus de nos partenaires.<\/p>\n<p class=\"mb-xl@xs text-s@xs\">Plus d\u2019informations sur la page<a href=\"https:\/\/www.20minutes.fr\/gestion-cookies\" class=\"mx-xxs@xs color-ultramarine\" target=\"_blank\" rel=\"noopener\">Politique de gestion des cookies<\/a><\/p>\n<p>J\u2019accepteD\u00e9j\u00e0, en\u00a02018\u2026<\/p>\n<p>Pendant la course, les nouvelles en provenance du stand Ferrari avaient rapidement \u00e9voqu\u00e9 des d\u00e9g\u00e2ts sur sa voiture, malgr\u00e9 l\u2019absence de collision apparente, notamment avec d\u2019autres pilotes en piste. Mais quelques tours plus tard, les restes d\u2019un animal ont \u00e9t\u00e9 aper\u00e7us sur la piste. La confirmation est ensuite intervenue que l\u2019animal avait \u00e9t\u00e9 percut\u00e9 \u00e0 pleine vitesse par Lewis Hamilton.<\/p>\n<\/p>\n<p>En\u00a02018, d\u00e9j\u00e0, une marmotte avait \u00e9t\u00e9 percut\u00e9e par le Fran\u00e7ais Romain Grosjean sur ce m\u00eame circuit. Ce n\u2019\u00e9tait alors pas en course, mais lors de la deuxi\u00e8me s\u00e9ance d\u2019essais libres.<\/p>\n<p><script async src=\"https:\/\/platform.twitter.com\/widgets.js\" charset=\"utf-8\"><\/script><\/p>\n","protected":false},"excerpt":{"rendered":"Lewis Hamilton est un ami des animaux. Et lorsqu\u2019on lui a appris qu\u2019il avait \u00e9cras\u00e9 une marmotte lors&hellip;\n","protected":false},"author":2,"featured_media":183978,"comment_status":"","ping_status":"","sticky":false,"template":"","format":"standard","meta":{"footnotes":""},"categories":[1412],"tags":[1867,574,1451,2251,1452,1453,1454,7842,1455,1011,27,7843,1975,6030,517,60],"class_list":{"0":"post-183977","1":"post","2":"type-post","3":"status-publish","4":"format-standard","5":"has-post-thumbnail","7":"category-f1","8":"tag-animaux","9":"tag-canada","10":"tag-f1","11":"tag-ferrari","12":"tag-formula-1","13":"tag-formula1","14":"tag-formule-1","15":"tag-formule-1-f1","16":"tag-formule1","17":"tag-fr","18":"tag-france","19":"tag-grand-prix-f1","20":"tag-lewis-hamilton","21":"tag-protection-des-animaux","22":"tag-sport","23":"tag-sports"},"share_on_mastodon":{"url":"https:\/\/pubeurope.com\/@fr\/114700124461026134","error":""},"_links":{"self":[{"href":"https:\/\/www.europesays.com\/fr\/wp-json\/wp\/v2\/posts\/183977","targetHints":{"allow":["GET"]}}],"collection":[{"href":"https:\/\/www.europesays.com\/fr\/wp-json\/wp\/v2\/posts"}],"about":[{"href":"https:\/\/www.europesays.com\/fr\/wp-json\/wp\/v2\/types\/post"}],"author":[{"embeddable":true,"href":"https:\/\/www.europesays.com\/fr\/wp-json\/wp\/v2\/users\/2"}],"replies":[{"embeddable":true,"href":"https:\/\/www.europesays.com\/fr\/wp-json\/wp\/v2\/comments?post=183977"}],"version-history":[{"count":0,"href":"https:\/\/www.europesays.com\/fr\/wp-json\/wp\/v2\/posts\/183977\/revisions"}],"wp:featuredmedia":[{"embeddable":true,"href":"https:\/\/www.europesays.com\/fr\/wp-json\/wp\/v2\/media\/183978"}],"wp:attachment":[{"href":"https:\/\/www.europesays.com\/fr\/wp-json\/wp\/v2\/media?parent=183977"}],"wp:term":[{"taxonomy":"category","embeddable":true,"href":"https:\/\/www.europesays.com\/fr\/wp-json\/wp\/v2\/categories?post=183977"},{"taxonomy":"post_tag","embeddable":true,"href":"https:\/\/www.europesays.com\/fr\/wp-json\/wp\/v2\/tags?post=183977"}],"curies":[{"name":"wp","href":"https:\/\/api.w.org\/{rel}","templated":true}]}}