{"id":183989,"date":"2025-06-17T18:34:34","date_gmt":"2025-06-17T18:34:34","guid":{"rendered":"https:\/\/www.europesays.com\/fr\/183989\/"},"modified":"2025-06-17T18:34:34","modified_gmt":"2025-06-17T18:34:34","slug":"coline-embrasse-stanislas-lionel-decouvre-quantoine-myriel-est-en-burn-out-a-tahiti-le-resume-de-lepisode-1200-du-mercredi-18-juin-2025","status":"publish","type":"post","link":"https:\/\/www.europesays.com\/fr\/183989\/","title":{"rendered":"Coline embrasse Stanislas, Lionel d\u00e9couvre qu&rsquo;Antoine Myriel est en burn-out \u00e0 Tahiti ! Le r\u00e9sum\u00e9 de l\u2019\u00e9pisode 1200 du mercredi 18 juin 2025"},"content":{"rendered":"<p class=\"articleContent-meta\">\n        Aujourd&rsquo;hui \u00e0 18:55 &#8211; par             Naomie Boree<\/p>\n<p>                    Tweeter<\/p>\n<p>                    Partager sur Facebook<\/p>\n<p>                        <img decoding=\"async\" src=\"https:\/\/www.europesays.com\/fr\/wp-content\/uploads\/2025\/06\/1750185274_414_ici-tout-commence-la-declaration-de-thomas-vilan-a-alexandra-favalli.jpg\" alt=\"Player Video\" class=\"player-applyRatio poster exclude-seedtag\"\/><\/p>\n<p>Coline n&rsquo;a pas os\u00e9 parler \u00e0 sa m\u00e8re de son crush pour Stanislas et place le professeur de salle dans une situation d\u00e9licate. Malik pense que Maya souhaiterait faire un plan \u00e0 trois avec Sofia. Lionel d\u00e9couvre que le p\u00e8re de Souleymane est parti s&rsquo;installer \u00e0 Tahiti. Des \u00e9v\u00e9nements \u00e0 d\u00e9couvrir dans l&rsquo;\u00e9pisode d&rsquo;Ici tout commence du mercredi 18 juin.<\/p>\n<p><b>Dans l\u2019\u00e9pisode d\u2019<\/b><a href=\"https:\/\/www.programme.tv\/news\/series\/263065-ici-tout-commence-en-avance-vic-est-de-retour-a-linstitut-et-coline-est-amoureuse-de-stanislas-le-resume-de-lepisode-1198-du-lundi-16-juin-2025\/\" target=\"_blank\" rel=\"noopener\"><b>Ici tout commence<\/b><\/a><b> du mercredi 18 juin&#8230; <\/b>Coline est plus amoureuse que jamais de son professeur, <a href=\"https:\/\/www.programme.tv\/news\/series\/262659-ici-tout-commence-en-avance-anais-trahie-par-milan-elle-decouvre-ce-qu-il-lui-cache-stanislas-ecrase-coline-carla-cloue-le-bec-a-tom-le-resume-de-lepisode-1184-du-mardi-27-mai-2025\/\" target=\"_blank\" rel=\"noopener\">Stanislas<\/a>, mais elle fait croire \u00e0 sa m\u00e8re qu&rsquo;elle crush Gaspard. <a href=\"https:\/\/www.programme.tv\/news\/series\/262914-ici-tout-commence-en-avance-barbara-s-accuse-et-disculpe-valdine-maya-parle-couple-libre-avec-malik-le-resume-de-lepisode-1194-du-mardi-10-juin-2025\/\" target=\"_blank\" rel=\"noopener\">Malik<\/a> pense que <a href=\"https:\/\/www.programme.tv\/news\/series\/262920-ici-tout-commence-en-avance-de-retour-romain-valdine-implique-dans-l-empoisonnement-maya-est-de-plus-en-plus-attiree-par-gaspard-le-resume-de-l-episode-1193-du-lundi-9-juin-2025\/\" target=\"_blank\" rel=\"noopener\">Maya<\/a> veut faire un plan \u00e0 trois avec une autre \u00e9l\u00e8ve de l&rsquo;institut, alors qu&rsquo;elle souhaite lui proposer d&rsquo;\u00eatre un couple libre. Lionel retrouve un colis perdu destin\u00e9 \u00e0 Antoine Myriel et l&rsquo;ouvre pour d\u00e9couvrir ce qu&rsquo;il contient&#8230; Surpris, il fait part de ses inqui\u00e9tudes \u00e0 Souleymane&#8230;<\/p>\n<p><b>Ici tout commence<\/b><b> en avance : Coline embrasse Stanislas Duchesnay, le compagnon de sa m\u00e8re<\/b><\/p>\n<p>Lors de son arriv\u00e9e \u00e0 l&rsquo;institut, Gaspard va retrouver Coline pour la confronter. La veille, la m\u00e8re de la jeune \u00e9l\u00e8ve a mis en garde Gaspard, pensant que sa fille avait un crush pour lui. Coline n&rsquo;est pas amoureuse de Gaspard, mais elle n&rsquo;a pas os\u00e9 contredire Ang\u00e8le sur le sujet, pour ne pas lui avouer la v\u00e9ritable identit\u00e9 de son crush : Stanislas Duchesnay. Elle ignore qu&rsquo;il vit une idylle avec sa m\u00e8re&#8230; Le prof de salle tente de se faire accepter par Coline en \u00e9tant d&rsquo;autant plus gentil avec son \u00e9l\u00e8ve et en lui offrant un livre rare sur l&rsquo;art de la table, avec un petit mot \u00e0 son \u00e9gard \u00e0 l&rsquo;int\u00e9rieur. Seulement, Coline per\u00e7oit ce pr\u00e9sent comme une ouverture et se met \u00e0 penser que le crush est r\u00e9ciproque. Lorsque Coline se retrouve seule \u00e0 la ferme avec Stanislas, elle saisit l&rsquo;opportunit\u00e9 pour l&#8217;embrasser. Choqu\u00e9, le professeur la repousse et en reste bouche b\u00e9e. D\u00e9pass\u00e9e par la situation, Coline se confond en excuses.<\/p>\n<p>                                <b>Ici tout commence<\/b><b> en avance : Maya propose \u00e0 Malik de devenir un couple libre<\/b><\/p>\n<p>Malik est confus&#8230; Il pense que Maya lui propose un plan \u00e0 trois avec Sofia. Apr\u00e8s m\u00fbre r\u00e9flexion, il d\u00e9cide de dire \u00e0 sa copine qu&rsquo;il accepte la proposition, sans vraiment la mentionner. L&rsquo;\u00e9l\u00e8ve donne rendez-vous \u00e0 Maya plus tard dans la journ\u00e9e. Lorsqu&rsquo;elle arrive dans la chambre, Sofia est d\u00e9j\u00e0 l\u00e0 avec Malik. Maya s&#8217;emporte en reprochant \u00e0 Malik d&rsquo;avoir invit\u00e9 Sofia, sans m\u00eame lui en avoir parler avant. Malik explique qu&rsquo;il pensait qu&rsquo;elle voulait organiser un plan \u00e0 trois, mais il n&rsquo;a pas compris ce que la jeune femme souhaitait r\u00e9ellement&#8230; Alors que Sofia sort de la pi\u00e8ce, Maya explique \u00e0 son compagnon qu&rsquo;elle aimerait qu&rsquo;ils deviennent un couple libre. Malik prend mal la proposition, remettant en cause les sentiments de sa petite amie \u00e0 son \u00e9gard.<\/p>\n<p><b>Ici tout commence<\/b><b> en avance : Souleymane d\u00e9couvre que son p\u00e8re est en burn-out \u00e0 Tahiti<\/b><\/p>\n<p>Lionel et Thelma continuent de g\u00e9rer leur concept store. Les deux \u00e9l\u00e8ves tombent sur un colis perdu destin\u00e9 \u00e0 Antoine Myriel. Ils d\u00e9cident de l&rsquo;ouvrir et d\u00e9couvrent un contrat de location de parking, qui se situe \u00e0 Tahiti. Lionel se pose des questions sur l&rsquo;\u00e9tat de sant\u00e9 mentale du professeur adjoint et d\u00e9cide de faire part de ses inqui\u00e9tudes \u00e0 Souleymane. Le fils d&rsquo;Antoine le contacte et apprend qu&rsquo;il est en burn-out et qu&rsquo;il s&rsquo;est isol\u00e9 \u00e0 Tahiti car il ne parvient pas \u00e0 trouver la force pour revenir \u00e0 l&rsquo;institut. Plus tard, Antoine d\u00e9cide de faire part de son burn-out \u00e0 Rose, en lui adressant un mail. Triste pour son ami, elle songe au remplacement du directeur adjoint pour la rentr\u00e9e de septembre.<\/p>\n<p>Rejoignez-nous sur Google News !<\/p>\n<p class=\"articleContent-pushTagline\">Abonnez-vous \u00e0 <a href=\"https:\/\/news.google.com\/publications\/CAAiEJwr-IZFXDFoZD1ePbkC_VcqFAgKIhCcK_iGRVwxaGQ9Xj25Av1X\" target=\"_blank\" rel=\"noopener\">T\u00e9l\u00e9 2 semaines sur Google News<\/a> pour ne manquer aucune info !<\/p>\n","protected":false},"excerpt":{"rendered":"Aujourd&rsquo;hui \u00e0 18:55 &#8211; par Naomie Boree Tweeter Partager sur Facebook Coline n&rsquo;a pas os\u00e9 parler \u00e0 sa&hellip;\n","protected":false},"author":2,"featured_media":183990,"comment_status":"","ping_status":"","sticky":false,"template":"","format":"standard","meta":{"footnotes":""},"categories":[1356],"tags":[58,59,16019,1011,27,620,16018,9991,252,199,5251,1364],"class_list":{"0":"post-183989","1":"post","2":"type-post","3":"status-publish","4":"format-standard","5":"has-post-thumbnail","7":"category-television","8":"tag-divertissement","9":"tag-entertainment","10":"tag-feuilleton","11":"tag-fr","12":"tag-france","13":"tag-ici-tout-commence","14":"tag-ici-tout-commence-en-avance","15":"tag-tele-loisirs","16":"tag-television","17":"tag-tf1","18":"tag-tu00e9lu00e9-loisirs","19":"tag-tv"},"share_on_mastodon":{"url":"https:\/\/pubeurope.com\/@fr\/114700148553055864","error":""},"_links":{"self":[{"href":"https:\/\/www.europesays.com\/fr\/wp-json\/wp\/v2\/posts\/183989","targetHints":{"allow":["GET"]}}],"collection":[{"href":"https:\/\/www.europesays.com\/fr\/wp-json\/wp\/v2\/posts"}],"about":[{"href":"https:\/\/www.europesays.com\/fr\/wp-json\/wp\/v2\/types\/post"}],"author":[{"embeddable":true,"href":"https:\/\/www.europesays.com\/fr\/wp-json\/wp\/v2\/users\/2"}],"replies":[{"embeddable":true,"href":"https:\/\/www.europesays.com\/fr\/wp-json\/wp\/v2\/comments?post=183989"}],"version-history":[{"count":0,"href":"https:\/\/www.europesays.com\/fr\/wp-json\/wp\/v2\/posts\/183989\/revisions"}],"wp:featuredmedia":[{"embeddable":true,"href":"https:\/\/www.europesays.com\/fr\/wp-json\/wp\/v2\/media\/183990"}],"wp:attachment":[{"href":"https:\/\/www.europesays.com\/fr\/wp-json\/wp\/v2\/media?parent=183989"}],"wp:term":[{"taxonomy":"category","embeddable":true,"href":"https:\/\/www.europesays.com\/fr\/wp-json\/wp\/v2\/categories?post=183989"},{"taxonomy":"post_tag","embeddable":true,"href":"https:\/\/www.europesays.com\/fr\/wp-json\/wp\/v2\/tags?post=183989"}],"curies":[{"name":"wp","href":"https:\/\/api.w.org\/{rel}","templated":true}]}}