{"id":184003,"date":"2025-06-17T18:41:10","date_gmt":"2025-06-17T18:41:10","guid":{"rendered":"https:\/\/www.europesays.com\/fr\/184003\/"},"modified":"2025-06-17T18:41:10","modified_gmt":"2025-06-17T18:41:10","slug":"dans-les-coulisses-du-fiasco-du-rabotage-de-maprimerenov","status":"publish","type":"post","link":"https:\/\/www.europesays.com\/fr\/184003\/","title":{"rendered":"dans les coulisses du fiasco du rabotage de MaPrimeR\u00e9nov\u2019"},"content":{"rendered":"<p><strong>D\u00c9CRYPTAGE<\/strong> &#8211; En deux semaines, le gouvernement a accumul\u00e9 les couacs autour de l\u2019aide d\u2019\u00c9tat pour aider les Fran\u00e7ais \u00e0 r\u00e9nover leur logement, qui a d\u00e9j\u00e0 co\u00fbt\u00e9 11 milliards d\u2019euros.<\/p>\n<p class=\"fig-paragraph\">\u00abLe gouvernement est incapable de faire des \u00e9conomies\u00bb, \u00abAucun argent magique dans ce monde\u00a0!\u00bb, \u00abCes r\u00e9trop\u00e9dalages, c\u2019est de l\u2019amateurisme!\u00bb ou encore \u00abUn pas en avant, deux pas en arri\u00e8re\u00bb. Les critiques fusent \u00e0 l\u2019encontre du gouvernement chez les internautes du Figaro. La raison de leur col\u00e8re\u00a0? Elle tient en un mot\u00a0:\u00a0<a href=\"https:\/\/immobilier.lefigaro.fr\/article\/apres-la-suspension-de-maprimerenov-le-gouvernement-fait-machine-arriere-20250616\" target=\"_blank\" data-fig-type=\"Article\" rel=\"noopener nofollow\" data-gtm-custom-categorie=\"navigation\" data-gtm-custom-action=\"crossclick\" data-gtm-custom-label=\"Contextuel\" data-gtm-event=\"customEventSPE\" data-fig-domain=\"IMMOBILIER\">MaPrimeR\u00e9nov\u2019<\/a>. C\u2019est le coup de pouce donn\u00e9 \u00e0 l\u2019\u00c9tat aux propri\u00e9taires modestes \u00e0 70%, pour qu\u2019ils puissent\u00a0<a href=\"https:\/\/immobilier.lefigaro.fr\/article\/vaut-il-mieux-acheter-une-passoire-thermique-et-la-renover-ou-acheter-un-logement-moins-energivore-20250408\/\" target=\"_blank\" data-fig-type=\"Article\" rel=\"noopener nofollow\" data-gtm-custom-categorie=\"navigation\" data-gtm-custom-action=\"crossclick\" data-gtm-custom-label=\"Contextuel\" data-gtm-event=\"customEventSPE\" data-fig-domain=\"IMMOBILIER\">am\u00e9liorer la performance \u00e9nerg\u00e9tique de leur logement<\/a>. En 5 ans, 2,5 millions de m\u00e9nages en ont b\u00e9n\u00e9fici\u00e9, selon le minist\u00e8re du Logement. Co\u00fbt total pour les finances publiques\u00a0? Environ 11 milliards d\u2019euros (dont 3,6 milliards d\u2019euros pour 2025). Soit une aide moyenne l\u00e9g\u00e8rement inf\u00e9rieure \u00e0 4500 euros.<\/p>\n<p class=\"fig-paragraph\">Ce co\u00fbt gigantesque a du mal \u00e0 passer chez certains Fran\u00e7ais qui voient dans MaPrimeR\u00e9nov un \u00abgaspillage budg\u00e9taire\u00bb, alors que le gouvernement cherche \u00e0 faire\u00a0<a href=\"http:\/\/www.lefigaro.fr\/politique\/annee-blanche-tva-sociale-niches-fiscales-les-scenarios-a-l-etude-pour-trouver-40-milliards-d-euros-d-economies-20250602\" data-fig-type=\"Article\" data-gtm-custom-categorie=\"navigation\" data-gtm-custom-action=\"crossclick\" data-gtm-custom-label=\"Contextuel\" data-gtm-event=\"customEventSPE\" data-fig-domain=\"LEFIGARO\" rel=\"nofollow noopener\" target=\"_blank\">40 milliards d\u2019euros d\u2019\u00e9conomies pour 2026<\/a>. Ces deux derni\u00e8res semaines, qui ont vir\u00e9 au couac gouvernemental, ne risquent pas de les rassurer. L\u2019\u00e9ternel\u00a0<a href=\"https:\/\/immobilier.lefigaro.fr\/article\/le-logement-fait-l-objet-d-un-mauvais-calcul-de-la-part-de-bercy-bras-de-fer-entre-bechu-et-le-maire_00323f36-4b26-11ef-ac3e-25432be189c8\/\" target=\"_blank\" data-fig-type=\"Article\" rel=\"noopener nofollow\" data-gtm-custom-categorie=\"navigation\" data-gtm-custom-action=\"crossclick\" data-gtm-custom-label=\"Contextuel\" data-gtm-event=\"customEventSPE\" data-fig-domain=\"IMMOBILIER\">bras de fer<\/a>\u00a0entre Bercy et le minist\u00e8re du Logement, d\u00e8s qu\u2019il s\u2019agit de parler \u00abgros sous\u00bb , a encore s\u00e9vi. Tout commence par un coup de tonnerre. Le mercredi 4 juin,\u00a0<a href=\"http:\/\/www.lefigaro.fr\/politique\/gouvernement-bayrou-eric-lombard-un-financier-de-la-gauche-reformiste-a-bercy-20241223\" data-fig-type=\"NewsFlash\" data-gtm-custom-categorie=\"navigation\" data-gtm-custom-action=\"crossclick\" data-gtm-custom-label=\"Contextuel\" data-gtm-event=\"customEventSPE\" data-fig-domain=\"LEFIGARO\" rel=\"nofollow noopener\" target=\"_blank\">\u00c9ric Lombard<\/a>, ministre de l\u2019\u00c9conomie, annonce que MaPrimeR\u00e9nov\u2019 est purement et simplement suspendue.<\/p>\n<p class=\"fig-premium-paywall__infos\">\n        Cet article est r\u00e9serv\u00e9 aux abonn\u00e9s.        Il vous reste 84% \u00e0 d\u00e9couvrir.\n    <\/p>\n<p>                <img  data- alt=\"Le Figaro\" class=\"fig-img--complete fig-img\"\/><\/p>\n<p class=\"fig-premium-paywall__title\">Vente Flash<\/p>\n<p class=\"fig-premium-paywall__subtitle\">3,99\u20ac par mois pendant 12 mois. Sans engagement.<\/p>\n<p class=\"fig-premium-paywall__connect\">\n                D\u00e9j\u00e0 abonn\u00e9\u00a0?                <a class=\"fig-premium-paywall__connect-link\" href=\"https:\/\/connect.lefigaro.fr\/login?client=horizon_web&amp;type=main&amp;redirect_uri=https%3A%2F%2Fwww.lefigaro.fr%2Fconjoncture%2Fces-retropedalages-c-est-de-l-amateurisme-dans-les-coulisses-du-fiasco-du-rabotage-de-maprimerenov-20250617\" data-js-gtm=\"{&quot;customCategorie&quot;: &quot;conversion&quot;, &quot;customAction&quot;: &quot;before_Landing_Connexion_paywall_manuel&quot;, &quot;customLabel&quot;: &quot;bGVmaWdhcm8uZnJfXzFmMDRiNTNkLWVkNWYtNjkwYy04MTBlLWMxMzIzNWM0MTZjN19fQXJ0aWNsZQ==_\u00abCes r\u00e9trop\u00e9dalages, c\u2019est de l\u2019amateurisme\u00a0!\u00bb\u00a0: dans les coulisses du fiasco du rabotage de MaPrimeR\u00e9nov\u2019_673&quot;, &quot;customIDSPE&quot;: &quot;bGVmaWdhcm8uZnJfXzFmMDRiNTNkLWVkNWYtNjkwYy04MTBlLWMxMzIzNWM0MTZjN19fQXJ0aWNsZQ==&quot;, &quot;event&quot;: &quot;customEventSPE&quot;}\" rel=\"nofollow noopener\" target=\"_blank\"><br \/>\n                    Connectez-vous<br \/>\n                <\/a>\n            <\/p>\n","protected":false},"excerpt":{"rendered":"D\u00c9CRYPTAGE &#8211; En deux semaines, le gouvernement a accumul\u00e9 les couacs autour de l\u2019aide d\u2019\u00c9tat pour aider les&hellip;\n","protected":false},"author":2,"featured_media":184004,"comment_status":"","ping_status":"","sticky":false,"template":"","format":"standard","meta":{"footnotes":""},"categories":[6],"tags":[339,340,35,343,345,350,130,344,352,349,33,34,341,313,6310,1011,27,346,1116,342,353,351,347,348,354],"class_list":{"0":"post-184003","1":"post","2":"type-post","3":"status-publish","4":"format-standard","5":"has-post-thumbnail","7":"category-economie","8":"tag-actualite-economique","9":"tag-bourse","10":"tag-business","11":"tag-cac-40","12":"tag-chef-dentreprise","13":"tag-concurrence","14":"tag-consommation","15":"tag-creation-dentreprise","16":"tag-crise","17":"tag-delocalisations","18":"tag-economie","19":"tag-economy","20":"tag-emploi","21":"tag-entreprises","22":"tag-eric-lombard","23":"tag-fr","24":"tag-france","25":"tag-grands-patrons","26":"tag-immobilier","27":"tag-impots","28":"tag-licenciements","29":"tag-monopole","30":"tag-multinationales","31":"tag-privatisation","32":"tag-unio"},"share_on_mastodon":{"url":"https:\/\/pubeurope.com\/@fr\/114700175574917384","error":""},"_links":{"self":[{"href":"https:\/\/www.europesays.com\/fr\/wp-json\/wp\/v2\/posts\/184003","targetHints":{"allow":["GET"]}}],"collection":[{"href":"https:\/\/www.europesays.com\/fr\/wp-json\/wp\/v2\/posts"}],"about":[{"href":"https:\/\/www.europesays.com\/fr\/wp-json\/wp\/v2\/types\/post"}],"author":[{"embeddable":true,"href":"https:\/\/www.europesays.com\/fr\/wp-json\/wp\/v2\/users\/2"}],"replies":[{"embeddable":true,"href":"https:\/\/www.europesays.com\/fr\/wp-json\/wp\/v2\/comments?post=184003"}],"version-history":[{"count":0,"href":"https:\/\/www.europesays.com\/fr\/wp-json\/wp\/v2\/posts\/184003\/revisions"}],"wp:featuredmedia":[{"embeddable":true,"href":"https:\/\/www.europesays.com\/fr\/wp-json\/wp\/v2\/media\/184004"}],"wp:attachment":[{"href":"https:\/\/www.europesays.com\/fr\/wp-json\/wp\/v2\/media?parent=184003"}],"wp:term":[{"taxonomy":"category","embeddable":true,"href":"https:\/\/www.europesays.com\/fr\/wp-json\/wp\/v2\/categories?post=184003"},{"taxonomy":"post_tag","embeddable":true,"href":"https:\/\/www.europesays.com\/fr\/wp-json\/wp\/v2\/tags?post=184003"}],"curies":[{"name":"wp","href":"https:\/\/api.w.org\/{rel}","templated":true}]}}