{"id":184005,"date":"2025-06-17T18:42:11","date_gmt":"2025-06-17T18:42:11","guid":{"rendered":"https:\/\/www.europesays.com\/fr\/184005\/"},"modified":"2025-06-17T18:42:11","modified_gmt":"2025-06-17T18:42:11","slug":"apres-le-meurtre-de-lelue-melissa-hortman-les-details-terrifiants-sur-le-passage-a-lacte-du-tueur","status":"publish","type":"post","link":"https:\/\/www.europesays.com\/fr\/184005\/","title":{"rendered":"apr\u00e8s le meurtre de l\u2019\u00e9lue Melissa Hortman, les d\u00e9tails terrifiants sur le passage \u00e0 l\u2019acte du tueur"},"content":{"rendered":"<p>        <img decoding=\"async\" loading=\"lazy\" src=\"https:\/\/www.europesays.com\/fr\/wp-content\/uploads\/2025\/06\/9242ba1_upload-1-rkeskiexqlja-000-62hj6cp.jpg\"  width=\"728\" height=\"409\" alt=\"Vance Boelter, ici lors de son arrestation dans le Minnesota, le 15\u00a0juin 2025.\"\/>  <\/p>\n<p>&#8211; \/ AFP<\/p>\n<p>Vance Boelter, ici lors de son arrestation dans le Minnesota, le 15\u00a0juin 2025.<\/p>\n<p class=\"asset asset-text\">\u00c9TATS-UNIS &#8211; Des crimes qui \u00ab\u00a0font froid dans le dos\u00a0\u00bb, et qui sont m\u00eame \u00ab\u00a0de l\u2019ordre du cauchemar\u00a0\u00bb. Les mots ne sont pas ceux de proches de <a href=\"https:\/\/www.huffingtonpost.fr\/international\/video\/etats-unis-une-elue-democrate-tuee-dans-le-minnesota-dans-un-acte-de-violence-politique_251357.html\" target=\"_blank\" rel=\"noopener\">l\u2019\u00e9lue d\u00e9mocrate du Minnesota Melissa Hortman<\/a> et de son mari Mark, \u00ab\u00a0abattus\u00a0de sang-froid\u00a0\u00bb samedi 14\u00a0juin dans la banlieue de Minneapolis dans le Minnesota. Mais bien ceux du procureur f\u00e9d\u00e9ral, Joe Thompson, qui a fait des r\u00e9v\u00e9lations sur le mode op\u00e9ratoire du meurtrier pr\u00e9sum\u00e9, Vance Boelter, arr\u00eat\u00e9 dimanche apr\u00e8s <a href=\"https:\/\/www.huffingtonpost.fr\/international\/article\/elue-tuee-dans-le-minnesota-le-suspect-vance-boelter-a-ete-arrete-fin-de-la-chasse-a-l-homme_251390.html\" target=\"_blank\" rel=\"noopener\">une chasse \u00e0 l\u2019homme de deux jours<\/a>.<\/p>\n<p class=\"asset asset-text\">Le r\u00e9cit de la nuit est gla\u00e7ant. Vance Boelter, qui a \u00e9galement gri\u00e8vement bless\u00e9 un autre s\u00e9nateur d\u00e9mocrate local et son \u00e9pouse, John et Yvette Hoffman, \u00ab\u00a0a traqu\u00e9 ses victimes comme des proies\u00a0\u00bb, raconte Joe Thompson.<\/p>\n<p class=\"asset asset-text\">Pour cela, il aurait pr\u00e9vu tout un attirail plusieurs jours en avance\u00a0: une fausse plaque d\u2019immatriculation \u00ab\u00a0Police\u00a0\u00bb, une torche, des munitions et un gilet pare-balles. Mais les images de vid\u00e9osurveillance ont surtout d\u00e9voil\u00e9 une image marquante\u00a0: Vance Boelter portait un masque en silicone \u00ab\u00a0hyperr\u00e9aliste\u00a0\u00bb, rappelant les personnages de Michael Myers et Fant\u00f4mas.<\/p>\n<p>    Quatre cibles durant la nuit    <\/p>\n<p class=\"asset asset-text\">C\u2019est d\u00e9guis\u00e9 en policier, masque sur le visage, que l\u2019homme de 57\u00a0ans s\u2019est tout d\u2019abord pr\u00e9sent\u00e9 au domicile du s\u00e9nateur local John Hoffman et de sa femme, autour de 2h du matin. Il se serait introduit de force dans leur domicile, avant de tirer \u00e0 plusieurs reprises sur eux. La fille du couple, prot\u00e9g\u00e9e des balles par sa m\u00e8re, a pu appeler la police apr\u00e8s son d\u00e9part. Le s\u00e9nateur et sa femme ont \u00e9t\u00e9 transport\u00e9s d\u2019urgence \u00e0 l\u2019h\u00f4pital\u00a0; leur vie n\u2019est aujourd\u2019hui plus en danger.<\/p>\n<p>                          <img decoding=\"async\" loading=\"lazy\" src=\"https:\/\/www.europesays.com\/fr\/wp-content\/uploads\/2025\/06\/ae92e64_upload-1-mgj95md18ljm-tueur-minnesota-hitman.png\"  width=\"728\" height=\"728\" alt=\"Vance Boelter, le tueur pr\u00e9sum\u00e9 d\u2019une \u00e9lue d\u00e9mocrate dans le Minnesota samedi 14\u00a0juin, s\u2019\u00e9tait fait passer pour un policier en portant sur le visage un masque en silicone.\"\/>  <\/p>\n<p>FBI<\/p>\n<p>Vance Boelter, le tueur pr\u00e9sum\u00e9 d\u2019une \u00e9lue d\u00e9mocrate dans le Minnesota samedi 14\u00a0juin, s\u2019\u00e9tait fait passer pour un policier en portant sur le visage un masque en silicone.<\/p>\n<p class=\"asset asset-text\">Apr\u00e8s ce premier acte, Vance Boelter aurait rapidement quitt\u00e9 les lieux pour se rendre au domicile de deux nouvelles cibles. Coup de chance\u00a0pour la premi\u00e8re qui \u00e9tait en vacances, tandis que devant chez la seconde, une voiture de police patrouillait.<\/p>\n<p class=\"asset asset-text\">Le r\u00e9sultat fut bien plus sinistre pour Melissa et Mark Hortman. Le tueur pr\u00e9sum\u00e9 serait arriv\u00e9 \u00e0 leur domicile autour de 3h30. Il aurait ensuite \u00ab\u00a0tir\u00e9 plusieurs coups de feu\u00a0alors qu\u2019il avan\u00e7ait et p\u00e9n\u00e9trait dans la maison des Hortman\u00a0\u00bb, indique la d\u00e9claration officielle des agents. \u00ab\u00a0Quelques instants plus tard, il a tir\u00e9 une deuxi\u00e8me s\u00e9rie de coups de feu\u00a0\u00bb, poursuivent-ils.<\/p>\n<p class=\"asset asset-text\">Lorsque des agents de police qui patrouillaient non loin sont entr\u00e9s peu de temps apr\u00e8s dans la maison, ils ont trouv\u00e9 Mark et Melissa Hortman tr\u00e8s gravement bless\u00e9s par balle, avant qu\u2019ils ne d\u00e9c\u00e8dent rapidement. Dans le m\u00eame temps, Vance Boelter prenait la fuite.<\/p>\n<p class=\"asset asset-text\">Sa cavale a pris fin dimanche soir \u00e0 plus d\u2019une heure \u00e0 l\u2019ouest de Minneapolis. La chasse \u00e0 l\u2019homme, la plus importante de l\u2019histoire du Minnesota, selon les autorit\u00e9s, a mobilis\u00e9 une centaine de policiers, assist\u00e9s notamment de drones.<\/p>\n<p>    Une liste de 70\u00a0noms, \u00ab\u00a0la plupart voire tous d\u00e9mocrates\u00a0\u00bb    <\/p>\n<p class=\"asset asset-text\">Selon <a href=\"https:\/\/apnews.com\/article\/minnesota-shooting-lawmakers-timeline-boelter-08189f917904a9e5e79f5df948503a4f\" target=\"_blank\" rel=\"noopener\" title=\"Nouvelle fen\u00eatre\">Associated Press<\/a>, l\u2019homme de 57\u00a0ans se d\u00e9pla\u00e7ait avec une liste d\u2019environ 70 noms, \u00ab\u00a0la plupart voire tous d\u00e9mocrates\u00a0\u00bb. Parmi eux, on retrouvait le gouverneur du Minnesota et ex-colistier de Kamala Harris Tim Walz, le procureur et les deux s\u00e9natrices de l\u2019\u00c9tat, ou encore des d\u00e9fenseurs du droit \u00e0 l\u2019avortement. Melissa Hortman, l\u2019une de ses deux victimes, \u00e9tait l\u2019ancienne pr\u00e9sidente de la Chambre des repr\u00e9sentants du Minnesota, et avait fait de la protection du droit \u00e0 l\u2019IVG sa grande priorit\u00e9.<\/p>\n<p class=\"asset asset-text\">Des cibles qui semblent loin d\u2019\u00eatre prises au hasard\u00a0: selon un ami de longue date de Vance Boelter, ce dernier \u00e9tait un \u00e9lecteur conservateur qui s\u2019opposait fermement au droit \u00e0 l\u2019avortement. L\u2019enqu\u00eate a \u00e9galement r\u00e9v\u00e9l\u00e9 que Melissa Hortman \u00e9tait une cible toute particuli\u00e8re pour le tueur pr\u00e9sum\u00e9\u00a0: ce dernier avait consign\u00e9 de nombreuses informations sur sa famille, et avait d\u00e9j\u00e0 fait \u00e0 plusieurs reprises du rep\u00e9rage devant son domicile.<\/p>\n<p class=\"asset asset-text\">\u00ab\u00a0C\u2019\u00e9tait un assassinat politique\u00a0\u00bb, a soulign\u00e9 Joe Thompson, m\u00eame si ce dernier a \u00e9galement affirm\u00e9 qu\u2019il \u00e9tait pour l\u2019instant trop t\u00f4t pour pr\u00e9ciser tr\u00e8s clairement les motivations du tueur. \u00ab\u00a0J\u2019esp\u00e8re que cela sera une piq\u00fbre de rappel pour tout le monde. Les gens peuvent ne pas \u00eatre d\u2019accord avec vous sans qu\u2019il faille pour autant les tuer ou leur faire du mal\u00a0\u00bb, a d\u00e9clar\u00e9 le procureur f\u00e9d\u00e9ral.<\/p>\n<p class=\"asset asset-text\">Ce double meurtre a vivement fait r\u00e9agir, notamment du c\u00f4t\u00e9 d\u00e9mocrate. Le gouverneur du Minnesota Tim Walz a appel\u00e9 dimanche \u00e0 ce que \u00ab\u00a0cet acte odieux\u00a0\u00bb ne \u00ab\u00a0devienne pas la norme\u00a0\u00bb. \u00ab\u00a0Ces actes de violence ne resteront pas impunis\u00a0\u00bb, a assur\u00e9 la ministre de la Justice, Pam Bondi, s\u2019engageant \u00e0 \u00ab\u00a0des cons\u00e9quences s\u00e9v\u00e8res\u00a0\u00bb en cas de condamnation. Vance Boelter est vis\u00e9 par six chefs d\u2019accusation au niveau f\u00e9d\u00e9ral, dont deux de meurtre par arme \u00e0 feu, \u00ab\u00a0passibles de la prison \u00e0 perp\u00e9tuit\u00e9, voire de la peine capitale\u00a0\u00bb, a pr\u00e9cis\u00e9 Joe Thompson.<\/p>\n","protected":false},"excerpt":{"rendered":"&#8211; \/ AFP Vance Boelter, ici lors de son arrestation dans le Minnesota, le 15\u00a0juin 2025. \u00c9TATS-UNIS &#8211;&hellip;\n","protected":false},"author":2,"featured_media":184006,"comment_status":"","ping_status":"","sticky":false,"template":"","format":"standard","meta":{"footnotes":""},"categories":[5],"tags":[11,73,1011,27,14,777,32194,31220,12,28],"class_list":{"0":"post-184005","1":"post","2":"type-post","3":"status-publish","4":"format-standard","5":"has-post-thumbnail","7":"category-international","8":"tag-actualites","9":"tag-etats-unis","10":"tag-fr","11":"tag-france","12":"tag-international","13":"tag-meurtre","14":"tag-minneapolis","15":"tag-minnesota","16":"tag-news","17":"tag-world"},"share_on_mastodon":{"url":"https:\/\/pubeurope.com\/@fr\/114700179601393434","error":""},"_links":{"self":[{"href":"https:\/\/www.europesays.com\/fr\/wp-json\/wp\/v2\/posts\/184005","targetHints":{"allow":["GET"]}}],"collection":[{"href":"https:\/\/www.europesays.com\/fr\/wp-json\/wp\/v2\/posts"}],"about":[{"href":"https:\/\/www.europesays.com\/fr\/wp-json\/wp\/v2\/types\/post"}],"author":[{"embeddable":true,"href":"https:\/\/www.europesays.com\/fr\/wp-json\/wp\/v2\/users\/2"}],"replies":[{"embeddable":true,"href":"https:\/\/www.europesays.com\/fr\/wp-json\/wp\/v2\/comments?post=184005"}],"version-history":[{"count":0,"href":"https:\/\/www.europesays.com\/fr\/wp-json\/wp\/v2\/posts\/184005\/revisions"}],"wp:featuredmedia":[{"embeddable":true,"href":"https:\/\/www.europesays.com\/fr\/wp-json\/wp\/v2\/media\/184006"}],"wp:attachment":[{"href":"https:\/\/www.europesays.com\/fr\/wp-json\/wp\/v2\/media?parent=184005"}],"wp:term":[{"taxonomy":"category","embeddable":true,"href":"https:\/\/www.europesays.com\/fr\/wp-json\/wp\/v2\/categories?post=184005"},{"taxonomy":"post_tag","embeddable":true,"href":"https:\/\/www.europesays.com\/fr\/wp-json\/wp\/v2\/tags?post=184005"}],"curies":[{"name":"wp","href":"https:\/\/api.w.org\/{rel}","templated":true}]}}