{"id":184007,"date":"2025-06-17T18:43:13","date_gmt":"2025-06-17T18:43:13","guid":{"rendered":"https:\/\/www.europesays.com\/fr\/184007\/"},"modified":"2025-06-17T18:43:13","modified_gmt":"2025-06-17T18:43:13","slug":"lyon-la-zfe-supprimee-par-un-vote-des-deputes-revers-majeur-pour-les-ecologistes","status":"publish","type":"post","link":"https:\/\/www.europesays.com\/fr\/184007\/","title":{"rendered":"Lyon. La ZFE supprim\u00e9e par un vote des d\u00e9put\u00e9s, revers majeur pour les \u00e9cologistes"},"content":{"rendered":"<p>            Par<br \/>\n        <strong><br \/>\n            <a href=\"https:\/\/actu.fr\/auteur\/nicolas-zaugra\" title=\"Consulter tous les articles de Nicolas Zaugra\" target=\"_blank\" rel=\"noopener\">Nicolas Zaugra<\/a><br \/>\n        <\/strong><\/p>\n<p>        Publi\u00e9 le<\/p>\n<p>            17 juin 2025 \u00e0 17h45<br \/>\n        ; mis \u00e0 jour le 17 juin 2025 \u00e0 18h19    <\/p>\n<p>La ZFE de Lyon supprim\u00e9e ? Les d\u00e9put\u00e9s ont d\u00e9finitivement adopt\u00e9 ce mardi 17 juin 2025 le projet de loi de simplification de la vie \u00e9conomique qui comprend la <a href=\"https:\/\/actu.fr\/societe\/la-fin-des-zfe-l-assemblee-nationale-approuve-leur-suppression_62704219.html\" target=\"_blank\" rel=\"noopener\">suppression des Zones \u00e0 faibles \u00e9missions en France<\/a>, dont celle <a href=\"https:\/\/actu.fr\/auvergne-rhone-alpes\/lyon_69123\/lyon-la-suppression-annoncee-de-la-zfe-provoque-une-violente-colere-des-elus-ecologistes_62705873.html\" target=\"_blank\" rel=\"noopener\">appliqu\u00e9e dans la m\u00e9tropole de Lyon<\/a>. Une <a href=\"https:\/\/actu.fr\/politique\/zfe-malgre-de-nombreuses-divisions-les-deputes-votent-l-ensemble-du-projet-de-loi-pour-les-supprimer_62786317.html\" target=\"_blank\" rel=\"noopener\">adoption du texte \u00e0 l\u2019Assembl\u00e9e nationale<\/a> qui permet de confirmer avec une nouvelle \u00e9tape la <strong>suppression prochaine de cette mesure<\/strong> \u00e9cologique controvers\u00e9e.\u00a0<\/p>\n<p class=\" wall-content\">Fin mai, une majorit\u00e9 de d\u00e9put\u00e9 a vot\u00e9 en faveur de la suppression des ZFE, mais il fallait encore <a href=\"https:\/\/actu.fr\/auvergne-rhone-alpes\/lyon_69123\/lyon-suppression-definitive-de-la-zfe-c-est-vraiment-loin-d-etre-fait-voici-pourquoi_62708454.html\" target=\"_blank\" rel=\"noopener\">un vote final de l\u2019ensemble du projet de loi<\/a>. C\u2019est chose faite, il a \u00e9t\u00e9 <strong>adopt\u00e9 par 275 votes pour<\/strong> tandis que 252 autres ont vot\u00e9 contre le texte. Le vote des d\u00e9put\u00e9s macronistes finalement oppos\u00e9s au texte n\u2019a pas suffi \u00e0 sauver la ZFE.<\/p>\n<p>Revers pour les \u00e9cologistes, victoire pour LFI, LR et le RN<\/p>\n<p class=\" wall-content\">L\u2019annonce de la suppression des ZFE avait provoqu\u00e9 la col\u00e8re froide des \u00e9cologistes lyonnais. <a href=\"https:\/\/actu.fr\/auvergne-rhone-alpes\/lyon_69123\/lyon-gregory-doucet-ne-fermera-pas-le-zoo-de-la-tete-d-or-la-ville-clarifie-sa-position_62751702.html\" target=\"_blank\" rel=\"noopener\">Gr\u00e9gory Doucet<\/a>, le maire de Lyon, d\u00e9non\u00e7ait un \u00ab\u00a0vote contre la sant\u00e9\u00a0\u00bb de \u00ab\u00a0groupes populistes de tout bord \u00e0 l\u2019Assembl\u00e9e nationale\u00a0\u00bb y incluant son <a href=\"https:\/\/actu.fr\/auvergne-rhone-alpes\/lyon_69123\/lyon-divorce-et-vaisselle-cassee-entre-gregory-doucet-les-ecologistes-et-lfi-sur-la-zfe_62729977.html\" target=\"_blank\" rel=\"noopener\">alli\u00e9 la France insoumise<\/a>.<\/p>\n<p class=\" wall-content\">Le pr\u00e9sident de la M\u00e9tropole de Lyon <a href=\"https:\/\/actu.fr\/auvergne-rhone-alpes\/lyon_69123\/lyon-tcl-metros-grands-projets-bruno-bernard-repond-aux-critiques-et-fait-des-annonces_62734952.html\" target=\"_blank\" rel=\"noopener\">Bruno Bernard<\/a> en charge de ce dossier sensible sur son territoire regrettait \u00ab\u00a0un recul tragique pour la sant\u00e9\u00a0\u00bb. \u00ab\u00a0Entre 2015 et 2017, notre m\u00e9tropole de Lyon a enregistr\u00e9 531 d\u00e9c\u00e8s pr\u00e9matur\u00e9s par an, 65 nouveaux cas de cancer du poumon et 193 naissances de b\u00e9b\u00e9s avec un poids insuffisant, tous directement attribuables \u00e0 la pollution atmosph\u00e9rique.\u00a0\u00bb<\/p>\n<p class=\" wall-content\">Ce vote de suppression des ZFE est un revers pour les \u00e9cologistes qui r\u00e9clamaient son maintien.<\/p>\n<p>Vid\u00e9os : en ce moment sur Actu<\/p>\n<p class=\" wall-content\">LFI, le RN et les R\u00e9publicains peuvent savourer une sacr\u00e9e victoire politique. Au niveau local comme national, ces partis d\u00e9non\u00e7aient une \u00ab\u00a0zone de forte exclusion\u00a0\u00bb.<\/p>\n<p class=\" wall-content\">Une commission mixte paritaire entre d\u00e9put\u00e9s et s\u00e9nateurs doit encore se r\u00e9unir pour trouver un compris d\u00e9finitif sur le texte.<\/p>\n<p class=\" wall-content\">\n<p>Le Conseil constitutionnel doit encore valider<\/p>\n<p class=\" wall-content\">Il reste une derni\u00e8re \u00e9tape pour confirmer une possible suppression de ces ZFE.<\/p>\n<p class=\" wall-content\">L\u2019amendement ZFE adopt\u00e9 dans la loi (elle aussi vot\u00e9e ce mardi) pourrait \u00eatre consid\u00e9r\u00e9 comme un \u00ab\u00a0cavalier l\u00e9gislatif\u00a0\u00bb. C\u2019est-\u00e0-dire une mesure qui n\u2019a aucun rapport avec le texte initial visant \u00e0 la simplification administrative et \u00e9conomique.<\/p>\n<p class=\" wall-content\">Pour les d\u00e9fenseurs de la ZFE, il reste encore <strong>l\u2019espoir d\u2019une censure par le Conseil constitutionnel<\/strong> dans les prochaines semaines.<\/p>\n<p class=\" wall-content\">Suivez toute l\u2019actualit\u00e9 de vos villes et m\u00e9dias favoris en vous inscrivant \u00e0 <a href=\"https:\/\/moncompte.actu.fr\" title=\"D\u00e9couvez Mon Actu\" rel=\"nofollow noopener\" data-trk=\"{&quot;cta&quot;:{&quot;action&quot;:&quot;https:\\\/\\\/moncompte.actu.fr&quot;,&quot;category&quot;:&quot;mon compte&quot;,&quot;from&quot;:&quot;article footer&quot;,&quot;name&quot;:&quot;Mon actu&quot;,&quot;type&quot;:&quot;cta&quot;}}\" target=\"_blank\">Mon Actu<\/a>.<\/p>\n","protected":false},"excerpt":{"rendered":"Par Nicolas Zaugra Publi\u00e9 le 17 juin 2025 \u00e0 17h45 ; mis \u00e0 jour le 17 juin 2025&hellip;\n","protected":false},"author":2,"featured_media":184008,"comment_status":"","ping_status":"","sticky":false,"template":"","format":"standard","meta":{"footnotes":""},"categories":[4],"tags":[11,416,1011,27,2808,12,52,1800,25,2433],"class_list":{"0":"post-184007","1":"post","2":"type-post","3":"status-publish","4":"format-standard","5":"has-post-thumbnail","7":"category-france","8":"tag-actualites","9":"tag-assemblee-nationale","10":"tag-fr","11":"tag-france","12":"tag-grand-lyon","13":"tag-news","14":"tag-planete","15":"tag-pollution","16":"tag-republique-francaise","17":"tag-zone-a-faibles-emissions-zfe"},"share_on_mastodon":{"url":"https:\/\/pubeurope.com\/@fr\/114700183384458335","error":""},"_links":{"self":[{"href":"https:\/\/www.europesays.com\/fr\/wp-json\/wp\/v2\/posts\/184007","targetHints":{"allow":["GET"]}}],"collection":[{"href":"https:\/\/www.europesays.com\/fr\/wp-json\/wp\/v2\/posts"}],"about":[{"href":"https:\/\/www.europesays.com\/fr\/wp-json\/wp\/v2\/types\/post"}],"author":[{"embeddable":true,"href":"https:\/\/www.europesays.com\/fr\/wp-json\/wp\/v2\/users\/2"}],"replies":[{"embeddable":true,"href":"https:\/\/www.europesays.com\/fr\/wp-json\/wp\/v2\/comments?post=184007"}],"version-history":[{"count":0,"href":"https:\/\/www.europesays.com\/fr\/wp-json\/wp\/v2\/posts\/184007\/revisions"}],"wp:featuredmedia":[{"embeddable":true,"href":"https:\/\/www.europesays.com\/fr\/wp-json\/wp\/v2\/media\/184008"}],"wp:attachment":[{"href":"https:\/\/www.europesays.com\/fr\/wp-json\/wp\/v2\/media?parent=184007"}],"wp:term":[{"taxonomy":"category","embeddable":true,"href":"https:\/\/www.europesays.com\/fr\/wp-json\/wp\/v2\/categories?post=184007"},{"taxonomy":"post_tag","embeddable":true,"href":"https:\/\/www.europesays.com\/fr\/wp-json\/wp\/v2\/tags?post=184007"}],"curies":[{"name":"wp","href":"https:\/\/api.w.org\/{rel}","templated":true}]}}