{"id":184011,"date":"2025-06-17T18:45:34","date_gmt":"2025-06-17T18:45:34","guid":{"rendered":"https:\/\/www.europesays.com\/fr\/184011\/"},"modified":"2025-06-17T18:45:34","modified_gmt":"2025-06-17T18:45:34","slug":"roche-la-moliere-une-rue-roche-la-moliere-inauguree-a-sao-bras-de-alportel-au-portugal","status":"publish","type":"post","link":"https:\/\/www.europesays.com\/fr\/184011\/","title":{"rendered":"Roche-la-Moli\u00e8re. Une rue \u00ab\u00a0Roche-la-Moli\u00e8re\u00a0\u00bb inaugur\u00e9e \u00e0 S\u00e3o Br\u00e1s de Alportel au Portugal"},"content":{"rendered":"<p>Pour le maire \u00c9ric Berlivet, \u00ab\u00a0l\u2019Europe, ce n\u2019est pas qu\u2019un mot. C\u2019est une r\u00e9alit\u00e9 concr\u00e8te, une dynamique vivante faite d\u2019\u00e9changes, de dialogue et de coop\u00e9ration entre les peuples. C\u2019est cette ambition de solidarit\u00e9 et de fraternit\u00e9 entre les nations qui prend forme, \u00e0 notre \u00e9chelle locale, dans le jumelage entre Roche-la-Moli\u00e8re et S\u00e3o Br\u00e1s de Alportel, au Portugal\u00a0\u00bb.<\/p>\n<p>Deux villes proches malgr\u00e9 la distance<\/p>\n<p>\u00c0 l\u2019occasion de la F\u00eate nationale portugaise du 10\u00a0juin, une d\u00e9l\u00e9gation de Roche-la-Moli\u00e8re s\u2019est rendue \u00e0 S\u00e3o Br\u00e1s de Alportel pour c\u00e9l\u00e9brer cet anniversaire symbolique avec un temps fort de cette visite\u00a0: l\u2019inauguration de la rue \u201cRoche-la-Moli\u00e8re\u201d, un geste qui&#8230;<\/p>\n","protected":false},"excerpt":{"rendered":"Pour le maire \u00c9ric Berlivet, \u00ab\u00a0l\u2019Europe, ce n\u2019est pas qu\u2019un mot. C\u2019est une r\u00e9alit\u00e9 concr\u00e8te, une dynamique vivante&hellip;\n","protected":false},"author":2,"featured_media":184012,"comment_status":"","ping_status":"","sticky":false,"template":"","format":"standard","meta":{"footnotes":""},"categories":[9653],"tags":[1111,11,2430,1687,7539,1777,674,1011,27,12,2661,25,12490,12491,4001],"class_list":{"0":"post-184011","1":"post","2":"type-post","3":"status-publish","4":"format-standard","5":"has-post-thumbnail","7":"category-saint-etienne","8":"tag-actu","9":"tag-actualites","10":"tag-auvergne-rhone-alpes","11":"tag-culture-loisirs","12":"tag-edition-loire-sud","13":"tag-eu","14":"tag-europe","15":"tag-fr","16":"tag-france","17":"tag-news","18":"tag-patrimoine-culturel","19":"tag-republique-francaise","20":"tag-roche-la-moliere","21":"tag-roche-la-moliere-bassin","22":"tag-saint-etienne"},"share_on_mastodon":{"url":"https:\/\/pubeurope.com\/@fr\/114700192353703060","error":""},"_links":{"self":[{"href":"https:\/\/www.europesays.com\/fr\/wp-json\/wp\/v2\/posts\/184011","targetHints":{"allow":["GET"]}}],"collection":[{"href":"https:\/\/www.europesays.com\/fr\/wp-json\/wp\/v2\/posts"}],"about":[{"href":"https:\/\/www.europesays.com\/fr\/wp-json\/wp\/v2\/types\/post"}],"author":[{"embeddable":true,"href":"https:\/\/www.europesays.com\/fr\/wp-json\/wp\/v2\/users\/2"}],"replies":[{"embeddable":true,"href":"https:\/\/www.europesays.com\/fr\/wp-json\/wp\/v2\/comments?post=184011"}],"version-history":[{"count":0,"href":"https:\/\/www.europesays.com\/fr\/wp-json\/wp\/v2\/posts\/184011\/revisions"}],"wp:featuredmedia":[{"embeddable":true,"href":"https:\/\/www.europesays.com\/fr\/wp-json\/wp\/v2\/media\/184012"}],"wp:attachment":[{"href":"https:\/\/www.europesays.com\/fr\/wp-json\/wp\/v2\/media?parent=184011"}],"wp:term":[{"taxonomy":"category","embeddable":true,"href":"https:\/\/www.europesays.com\/fr\/wp-json\/wp\/v2\/categories?post=184011"},{"taxonomy":"post_tag","embeddable":true,"href":"https:\/\/www.europesays.com\/fr\/wp-json\/wp\/v2\/tags?post=184011"}],"curies":[{"name":"wp","href":"https:\/\/api.w.org\/{rel}","templated":true}]}}