{"id":184015,"date":"2025-06-17T18:47:11","date_gmt":"2025-06-17T18:47:11","guid":{"rendered":"https:\/\/www.europesays.com\/fr\/184015\/"},"modified":"2025-06-17T18:47:11","modified_gmt":"2025-06-17T18:47:11","slug":"nancy-il-pose-un-pistolet-en-plastique-sur-le-capot-dune-voiture-de-police","status":"publish","type":"post","link":"https:\/\/www.europesays.com\/fr\/184015\/","title":{"rendered":"Nancy. Il pose un pistolet en plastique sur le capot d\u2019une voiture de police"},"content":{"rendered":"<p>Cela s\u2019appelle d\u00e9fier la police. La sc\u00e8ne se d\u00e9roule ce lundi 16\u00a0mai, vers 3\u00a0h du matin, sur la place des Vosges \u00e0 Nancy. Une voiture de la brigade canine est en surveillance. Le v\u00e9hicule est s\u00e9rigraphi\u00e9. Il n\u2019y a donc aucune ambigu\u00eft\u00e9. C\u2019est une voiture de police. C\u2019est \u00e9crit dessus.<\/p>\n<p>Un jeune homme de 29 ans \ufeffs\u2019approche pourtant, sort un pistolet en plastique et le pose sur le capot. Avant de partir en courant. Il est vite rattrap\u00e9 et arr\u00eat\u00e9. Il s\u2019av\u00e8re qu\u2019il a fait cela non pas pour provoquer les forces de l\u2019ordre mais plut\u00f4t pour \u00e9pater une jeune femme qui l\u2019avait mis au d\u00e9fi de sortir son arme factice devant la police.<\/p>\n<p>Elle a \u00e9t\u00e9, elle aussi, embarqu\u00e9e et plac\u00e9e en garde \u00e0 vue. L\u2019homme et la femme, tous deux domicili\u00e9s dans un foyer, ont \u00e9t\u00e9 remis dehors \u00e0 l\u2019issue de leurs auditions.<\/p>\n<p>M\u00eame si le pistolet \u00e0 billes, sorti sous le nez de la brigade canine, a l\u2019allure d\u2019un jouet inoffensif et ne peut \u00eatre confondu avec un vrai pistolet, ils devront rendre des comptes devant la justice. Ils feront l\u2019objet, en novembre prochain, d\u2019une proc\u00e9dure de plaider coupable pour \u00ab\u00a0violences avec arme\u00a0\u00bb.<\/p>\n","protected":false},"excerpt":{"rendered":"Cela s\u2019appelle d\u00e9fier la police. La sc\u00e8ne se d\u00e9roule ce lundi 16\u00a0mai, vers 3\u00a0h du matin, sur la&hellip;\n","protected":false},"author":2,"featured_media":184016,"comment_status":"","ping_status":"","sticky":false,"template":"","format":"standard","meta":{"footnotes":""},"categories":[9635],"tags":[1111,11,271,272,1704,1777,674,274,1011,27,775,3457,1702,1703,12,25],"class_list":{"0":"post-184015","1":"post","2":"type-post","3":"status-publish","4":"format-standard","5":"has-post-thumbnail","7":"category-nancy","8":"tag-actu","9":"tag-actualites","10":"tag-crime","11":"tag-delit-et-contravention","12":"tag-edition-nancy-et-agglomeration","13":"tag-eu","14":"tag-europe","15":"tag-faits-divers-justice","16":"tag-fr","17":"tag-france","18":"tag-grand-est","19":"tag-meurthe-et-moselle","20":"tag-nancy","21":"tag-nancy-ville-54b","22":"tag-news","23":"tag-republique-francaise"},"share_on_mastodon":{"url":"","error":""},"_links":{"self":[{"href":"https:\/\/www.europesays.com\/fr\/wp-json\/wp\/v2\/posts\/184015","targetHints":{"allow":["GET"]}}],"collection":[{"href":"https:\/\/www.europesays.com\/fr\/wp-json\/wp\/v2\/posts"}],"about":[{"href":"https:\/\/www.europesays.com\/fr\/wp-json\/wp\/v2\/types\/post"}],"author":[{"embeddable":true,"href":"https:\/\/www.europesays.com\/fr\/wp-json\/wp\/v2\/users\/2"}],"replies":[{"embeddable":true,"href":"https:\/\/www.europesays.com\/fr\/wp-json\/wp\/v2\/comments?post=184015"}],"version-history":[{"count":0,"href":"https:\/\/www.europesays.com\/fr\/wp-json\/wp\/v2\/posts\/184015\/revisions"}],"wp:featuredmedia":[{"embeddable":true,"href":"https:\/\/www.europesays.com\/fr\/wp-json\/wp\/v2\/media\/184016"}],"wp:attachment":[{"href":"https:\/\/www.europesays.com\/fr\/wp-json\/wp\/v2\/media?parent=184015"}],"wp:term":[{"taxonomy":"category","embeddable":true,"href":"https:\/\/www.europesays.com\/fr\/wp-json\/wp\/v2\/categories?post=184015"},{"taxonomy":"post_tag","embeddable":true,"href":"https:\/\/www.europesays.com\/fr\/wp-json\/wp\/v2\/tags?post=184015"}],"curies":[{"name":"wp","href":"https:\/\/api.w.org\/{rel}","templated":true}]}}