{"id":184026,"date":"2025-06-17T18:55:49","date_gmt":"2025-06-17T18:55:49","guid":{"rendered":"https:\/\/www.europesays.com\/fr\/184026\/"},"modified":"2025-06-17T18:55:49","modified_gmt":"2025-06-17T18:55:49","slug":"comment-le-village-de-venon-a-sauve-son-dernier-commerce","status":"publish","type":"post","link":"https:\/\/www.europesays.com\/fr\/184026\/","title":{"rendered":"comment le village de Venon a sauv\u00e9 son dernier commerce"},"content":{"rendered":"<p>La vue est unique, l\u2019environnement vert printemps, le soleil br\u00fblant et la qui\u00e9tude totale. Un chien aboie, un tracteur passe. \u00ab\u00a0Ici, c\u2019est un vrai petit paradis\u00a0\u00bb, sourit Manon Bocquentin.<\/p>\n<p>\u00ab\u00a0Nous, on \u00e9tait chauds de reprendre\u00a0\u00bb<\/p>\n<p>De Venon, les habitants de l\u2019agglom\u00e9ration grenobloise en connaissent surtout son symbole\u00a0: ce ch\u00eane solitaire qui tr\u00f4ne au sommet d\u2019une colline depuis pr\u00e8s de 400 ans <a href=\"https:\/\/www.ledauphine.com\/environnement\/2024\/11\/26\/isere-le-mythique-chene-de-venon-abime-par-la-tempete\" target=\"_blank\" rel=\"noopener\">malgr\u00e9 une temp\u00eate r\u00e9cente qui l\u2019avait endommag\u00e9<\/a>. \u00c7a, c\u2019est pour la carte postale. Mais si la huiti\u00e8me merveille du Dauphin\u00e9 est une star r\u00e9currente des r\u00e9seaux sociaux, elle ne nourrit pas la vie de cette commune de 830 habitants.<\/p>\n<p>Pendant des d\u00e9cennies, Le Petit Bistro \u00e0 proximit\u00e9 de l\u2019\u00e9glise \u00e9gayait le quotidien&#8230;<\/p>\n","protected":false},"excerpt":{"rendered":"La vue est unique, l\u2019environnement vert printemps, le soleil br\u00fblant et la qui\u00e9tude totale. Un chien aboie, un&hellip;\n","protected":false},"author":2,"featured_media":184027,"comment_status":"","ping_status":"","sticky":false,"template":"","format":"standard","meta":{"footnotes":""},"categories":[9566],"tags":[1111,11,2430,4406,33,112,113,1777,674,107,1011,27,2731,108,7000,12,25,106,104,22780],"class_list":{"0":"post-184026","1":"post","2":"type-post","3":"status-publish","4":"format-standard","5":"has-post-thumbnail","7":"category-grenoble","8":"tag-actu","9":"tag-actualites","10":"tag-auvergne-rhone-alpes","11":"tag-commerce-et-services","12":"tag-economie","13":"tag-edition-grenoble-agglomeration","14":"tag-edition-gresivaudan-oisans","15":"tag-eu","16":"tag-europe","17":"tag-fil-info","18":"tag-fr","19":"tag-france","20":"tag-grenoble","21":"tag-isere","22":"tag-lagglomeration","23":"tag-news","24":"tag-republique-francaise","25":"tag-selection-de-la-redaction-38","26":"tag-societe","27":"tag-venon"},"share_on_mastodon":{"url":"https:\/\/pubeurope.com\/@fr\/114700234526089234","error":""},"_links":{"self":[{"href":"https:\/\/www.europesays.com\/fr\/wp-json\/wp\/v2\/posts\/184026","targetHints":{"allow":["GET"]}}],"collection":[{"href":"https:\/\/www.europesays.com\/fr\/wp-json\/wp\/v2\/posts"}],"about":[{"href":"https:\/\/www.europesays.com\/fr\/wp-json\/wp\/v2\/types\/post"}],"author":[{"embeddable":true,"href":"https:\/\/www.europesays.com\/fr\/wp-json\/wp\/v2\/users\/2"}],"replies":[{"embeddable":true,"href":"https:\/\/www.europesays.com\/fr\/wp-json\/wp\/v2\/comments?post=184026"}],"version-history":[{"count":0,"href":"https:\/\/www.europesays.com\/fr\/wp-json\/wp\/v2\/posts\/184026\/revisions"}],"wp:featuredmedia":[{"embeddable":true,"href":"https:\/\/www.europesays.com\/fr\/wp-json\/wp\/v2\/media\/184027"}],"wp:attachment":[{"href":"https:\/\/www.europesays.com\/fr\/wp-json\/wp\/v2\/media?parent=184026"}],"wp:term":[{"taxonomy":"category","embeddable":true,"href":"https:\/\/www.europesays.com\/fr\/wp-json\/wp\/v2\/categories?post=184026"},{"taxonomy":"post_tag","embeddable":true,"href":"https:\/\/www.europesays.com\/fr\/wp-json\/wp\/v2\/tags?post=184026"}],"curies":[{"name":"wp","href":"https:\/\/api.w.org\/{rel}","templated":true}]}}