{"id":184034,"date":"2025-06-17T18:59:09","date_gmt":"2025-06-17T18:59:09","guid":{"rendered":"https:\/\/www.europesays.com\/fr\/184034\/"},"modified":"2025-06-17T18:59:09","modified_gmt":"2025-06-17T18:59:09","slug":"solidarite-caritas-alsace-lance-un-appel-aux-bonnes-volontes","status":"publish","type":"post","link":"https:\/\/www.europesays.com\/fr\/184034\/","title":{"rendered":"Solidarit\u00e9. Caritas Alsace lance un appel aux bonnes volont\u00e9s"},"content":{"rendered":"<p>Voil\u00e0 deux ans, apr\u00e8s 120 ann\u00e9es d\u2019engagement au service des plus pr\u00e9caires et des plus vuln\u00e9rables, la F\u00e9d\u00e9ration de charit\u00e9 Caritas Alsace, association d\u2019utilit\u00e9 publique bas\u00e9e rue Saint-L\u00e9on \u00e0 Strasbourg, a dot\u00e9 le p\u00f4le d\u2019action caritative Caritas Alsace, structure membre du r\u00e9seau Secours catholique, d\u2019une nouvelle feuille de route. \u00ab\u00a0Pour r\u00e9pondre \u00e0 l\u2019\u00e9volution de la pauvret\u00e9 et des besoins dans un contexte financier de plus en plus contraint, il nous faut \u00e0 la fois moderniser notre fonctionnement et s\u00e9curiser notre mod\u00e8le \u00e9conomique en l\u2019ouvrant encore davantage \u00e0 la soci\u00e9t\u00e9 civile, aux associations et aux entreprises\u00a0\u00bb, r\u00e9sume Arnaud Fritsch, directeur g\u00e9n\u00e9ral de&#8230;<\/p>\n","protected":false},"excerpt":{"rendered":"Voil\u00e0 deux ans, apr\u00e8s 120 ann\u00e9es d\u2019engagement au service des plus pr\u00e9caires et des plus vuln\u00e9rables, la F\u00e9d\u00e9ration&hellip;\n","protected":false},"author":2,"featured_media":184035,"comment_status":"","ping_status":"","sticky":false,"template":"","format":"standard","meta":{"footnotes":""},"categories":[2820],"tags":[1111,11,2389,2649,2880,1777,674,107,1011,27,775,12,25,801,104,640,2879,1631],"class_list":{"0":"post-184034","1":"post","2":"type-post","3":"status-publish","4":"format-standard","5":"has-post-thumbnail","7":"category-strasbourg","8":"tag-actu","9":"tag-actualites","10":"tag-alsace","11":"tag-bas-rhin","12":"tag-edition-strasbourg","13":"tag-eu","14":"tag-europe","15":"tag-fil-info","16":"tag-fr","17":"tag-france","18":"tag-grand-est","19":"tag-news","20":"tag-republique-francaise","21":"tag-social","22":"tag-societe","23":"tag-strasbourg","24":"tag-strasbourg-ville","25":"tag-vie-associative"},"share_on_mastodon":{"url":"https:\/\/pubeurope.com\/@fr\/114700246355400154","error":""},"_links":{"self":[{"href":"https:\/\/www.europesays.com\/fr\/wp-json\/wp\/v2\/posts\/184034","targetHints":{"allow":["GET"]}}],"collection":[{"href":"https:\/\/www.europesays.com\/fr\/wp-json\/wp\/v2\/posts"}],"about":[{"href":"https:\/\/www.europesays.com\/fr\/wp-json\/wp\/v2\/types\/post"}],"author":[{"embeddable":true,"href":"https:\/\/www.europesays.com\/fr\/wp-json\/wp\/v2\/users\/2"}],"replies":[{"embeddable":true,"href":"https:\/\/www.europesays.com\/fr\/wp-json\/wp\/v2\/comments?post=184034"}],"version-history":[{"count":0,"href":"https:\/\/www.europesays.com\/fr\/wp-json\/wp\/v2\/posts\/184034\/revisions"}],"wp:featuredmedia":[{"embeddable":true,"href":"https:\/\/www.europesays.com\/fr\/wp-json\/wp\/v2\/media\/184035"}],"wp:attachment":[{"href":"https:\/\/www.europesays.com\/fr\/wp-json\/wp\/v2\/media?parent=184034"}],"wp:term":[{"taxonomy":"category","embeddable":true,"href":"https:\/\/www.europesays.com\/fr\/wp-json\/wp\/v2\/categories?post=184034"},{"taxonomy":"post_tag","embeddable":true,"href":"https:\/\/www.europesays.com\/fr\/wp-json\/wp\/v2\/tags?post=184034"}],"curies":[{"name":"wp","href":"https:\/\/api.w.org\/{rel}","templated":true}]}}