{"id":184042,"date":"2025-06-17T19:03:47","date_gmt":"2025-06-17T19:03:47","guid":{"rendered":"https:\/\/www.europesays.com\/fr\/184042\/"},"modified":"2025-06-17T19:03:47","modified_gmt":"2025-06-17T19:03:47","slug":"les-4-infos-incontournables-de-la-r1-a-nantes-ce-mardi-17-juin-2","status":"publish","type":"post","link":"https:\/\/www.europesays.com\/fr\/184042\/","title":{"rendered":"Les 4 infos incontournables de la R1 \u00e0 Nantes ce mardi 17 juin"},"content":{"rendered":"<p><strong>La plus belle musique<\/strong><\/p>\n<p style=\"text-align: justify;\"><strong><a href=\"https:\/\/www.equidia.fr\/chevaux\/lanmaderlo\" target=\"_blank\" rel=\"noopener\">603 \u2013 Lanmaderlo<\/a> (20h44)\u00a0: 1p3pJp(24)2p4p2p2p<\/strong><\/p>\n<p style=\"text-align: justify;\">Ce pensionnaire d\u2019Adrien Fouassier a toujours fini parmi les quatre premiers, \u00e0 l\u2019exception d\u2019une course. C\u2019\u00e9tait le 13 avril dernier au Haras du Pin, o\u00f9 son jockey est tomb\u00e9 aux abords du poteau, alors qu\u2019il luttait activement pour la victoire. D\u00e9j\u00e0 vu \u00e0 son avantage \u00e0 Nantes, il devrait encore se mettre en \u00e9vidence.<\/p>\n<p><strong>La stat\u2019 de la r\u00e9union<\/strong><\/p>\n<p style=\"text-align: justify;\"><strong><a href=\"https:\/\/www.equidia.fr\/chevaux\/great-art\" target=\"_blank\" rel=\"noopener\">203 \u2013 Great Art<\/a> (18h40)\u00a0:<\/strong><\/p>\n<p style=\"text-align: justify;\"><strong>Parcours\u00a0: 3 courses \u2013 2 victoires \u2013 1 place<\/strong><\/p>\n<p style=\"text-align: justify;\">Ce prot\u00e9g\u00e9 de Jo\u00ebl Boisnard adore le parcours des 1600 m\u00e8tres de Nantes\u00a0: il s\u2019est impos\u00e9 \u00e0 deux reprises et a pris une troisi\u00e8me place en trois tentatives. Bien plac\u00e9 dans les stalles de d\u00e9part (le 7), il peut surmonter la p\u00e9nalisation de 3 kilos.<\/p>\n<p><strong>L\u2019entourage confiant<\/strong><\/p>\n<p style=\"text-align: justify;\"><strong>Gavin Hernon, entra\u00eeneur de <a href=\"https:\/\/www.equidia.fr\/chevaux\/sous-la-neige\" target=\"_blank\" rel=\"noopener\">Sous La Neige (102)<\/a>\u00a0:<\/strong><\/p>\n<p style=\"text-align: justify;\">Sous la Neige (2) me para\u00eet tr\u00e8s bien. Je pense que le profil de Nantes peut vraiment lui convenir. Il a d\u00e9j\u00e0 prouv\u00e9 sa comp\u00e9titivit\u00e9 \u00e0 cette valeur et affront\u00e9 des lots plus relev\u00e9s. Il sera muni d&rsquo;\u0153ill\u00e8res australiennes pour la premi\u00e8re fois, ce qui peut l&rsquo;aider. Je compte sur lui.<\/p>\n<p><strong>Le rep\u00e9r\u00e9 de la r\u00e9union<\/strong><\/p>\n<p style=\"text-align: justify;\"><b><a href=\"https:\/\/www.equidia.fr\/chevaux\/guns-and-roses-1\" target=\"_blank\" rel=\"noopener\">501 Guns of Roses<\/a> (3e)<\/b><\/p>\n<p>27\/05\/25 &#8211; R3C4 &#8211; 13H31 &#8211; EVREUX &#8211; Plat &#8211; PRIX FREDDY HEAD &#8211; 1200m<\/p>\n<p>Rep\u00e9r\u00e9 par MICHEL PROD HOMME : \u00ab\u00a0Galopant sur une quatri\u00e8me ligne, un peu allant, en deuxi\u00e8me \u00e9paisseur, a tr\u00e8s bien conclu au centre, \u00e9chouant d&rsquo;assez peu.\u00a0\u00bb<\/p>\n<p style=\"text-align: justify;\"><strong><a href=\"https:\/\/www.equidia.fr\/courses\/2025-05-27\/R3\/C4\" target=\"_blank\" rel=\"noopener\">Cliquez ici pour voir la course<\/a><\/strong><\/p>\n","protected":false},"excerpt":{"rendered":"La plus belle musique 603 \u2013 Lanmaderlo (20h44)\u00a0: 1p3pJp(24)2p4p2p2p Ce pensionnaire d\u2019Adrien Fouassier a toujours fini parmi les&hellip;\n","protected":false},"author":2,"featured_media":182917,"comment_status":"","ping_status":"","sticky":false,"template":"","format":"standard","meta":{"footnotes":""},"categories":[2818],"tags":[1111,11,1777,674,1011,27,766,12,2636,3016,7638,2623,25],"class_list":{"0":"post-184042","1":"post","2":"type-post","3":"status-publish","4":"format-standard","5":"has-post-thumbnail","7":"category-nantes","8":"tag-actu","9":"tag-actualites","10":"tag-eu","11":"tag-europe","12":"tag-fr","13":"tag-france","14":"tag-nantes","15":"tag-news","16":"tag-pays-de-la-loire","17":"tag-plat","18":"tag-pour-preparer-vos-paris","19":"tag-quinte","20":"tag-republique-francaise"},"share_on_mastodon":{"url":"https:\/\/pubeurope.com\/@fr\/114700266314484968","error":""},"_links":{"self":[{"href":"https:\/\/www.europesays.com\/fr\/wp-json\/wp\/v2\/posts\/184042","targetHints":{"allow":["GET"]}}],"collection":[{"href":"https:\/\/www.europesays.com\/fr\/wp-json\/wp\/v2\/posts"}],"about":[{"href":"https:\/\/www.europesays.com\/fr\/wp-json\/wp\/v2\/types\/post"}],"author":[{"embeddable":true,"href":"https:\/\/www.europesays.com\/fr\/wp-json\/wp\/v2\/users\/2"}],"replies":[{"embeddable":true,"href":"https:\/\/www.europesays.com\/fr\/wp-json\/wp\/v2\/comments?post=184042"}],"version-history":[{"count":0,"href":"https:\/\/www.europesays.com\/fr\/wp-json\/wp\/v2\/posts\/184042\/revisions"}],"wp:featuredmedia":[{"embeddable":true,"href":"https:\/\/www.europesays.com\/fr\/wp-json\/wp\/v2\/media\/182917"}],"wp:attachment":[{"href":"https:\/\/www.europesays.com\/fr\/wp-json\/wp\/v2\/media?parent=184042"}],"wp:term":[{"taxonomy":"category","embeddable":true,"href":"https:\/\/www.europesays.com\/fr\/wp-json\/wp\/v2\/categories?post=184042"},{"taxonomy":"post_tag","embeddable":true,"href":"https:\/\/www.europesays.com\/fr\/wp-json\/wp\/v2\/tags?post=184042"}],"curies":[{"name":"wp","href":"https:\/\/api.w.org\/{rel}","templated":true}]}}