{"id":184047,"date":"2025-06-17T19:06:18","date_gmt":"2025-06-17T19:06:18","guid":{"rendered":"https:\/\/www.europesays.com\/fr\/184047\/"},"modified":"2025-06-17T19:06:18","modified_gmt":"2025-06-17T19:06:18","slug":"girondins-la-bordelaise-avec-romain-vitry-entraineur-des-girondins-de-bordeaux-invite","status":"publish","type":"post","link":"https:\/\/www.europesays.com\/fr\/184047\/","title":{"rendered":"Girondins : La Bordelaise avec Romain Vitry, entraineur des Girondins de Bordeaux invit\u00e9"},"content":{"rendered":"<p>\n    17\/06 &#8211; 20:34 | Il y a<br \/>\n    32 minutes\n  <\/p>\n<p><strong>Suivez le 29e num\u00e9ro de La Bordelaise avec en invit\u00e9 l&rsquo;entra\u00eeneur des Girondins de Bordeaux Romain Vitry qui fait le bilan avec nous de cette belle saison avec un titre de Champion de R1, une mont\u00e9e en D3 et une coupe de Nouvelle Aquitaine remport\u00e9e.<\/strong><\/p>\n<p><img decoding=\"async\" src=\"https:\/\/www.europesays.com\/fr\/wp-content\/uploads\/2025\/06\/671_ed66d8774ed7644234037f5c8dfacd07.png\" alt=\"Girondins : La Bordelaise avec Romain Vitry, entraineur des Girondins de Bordeaux invit\u00e9\" class=\"img-responsive mt-3\"\/><\/p>\n<p class=\"text-center mb-3\" style=\"font-size: 14px\">\u00a9 Iconsport<\/p>\n<p>Suivez l&rsquo;\u00e9mission sur cette page ou sur la <a href=\"https:\/\/www.youtube.com\/watch?v=I1ly0K7vats\" target=\"_blank\" rel=\"noopener\">cha\u00eene YouTube de WebGirondins<\/a> :<\/p>\n<p>Ce navigateur ne supporte pas les iframes<\/p>\n<p>\u00a0<\/p>\n<p style=\"text-align: justify;\">&gt;&gt; <strong><a href=\"https:\/\/www.webgirondins.com\/actualite-girondins-girondins-alexis-sauvage-suivi-par-bordeaux-129449\" target=\"_blank\" rel=\"noopener\">Mercato : Alexis Sauvage suivi par Bordeaux<\/a><\/strong><\/p>\n<p style=\"text-align: justify;\">\u00a0<\/p>\n<p style=\"text-align: justify;\">Notre podcast court :<\/p>\n<p>\u00a0<\/p>\n<p>    <a href=\"https:\/\/www.webgirondins.com\/actualites-categorie-webgirondins-tv-12\" target=\"_blank\" rel=\"noopener\">#WebGirondins TV<\/a><br \/>\n    <a href=\"https:\/\/www.webgirondins.com\/actualites-categorie-feminines-18\" target=\"_blank\" rel=\"noopener\">#F\u00e9minines<\/a><\/p>\n<p>  COMMENTAIRES<br \/>\n  ()<\/p>\n","protected":false},"excerpt":{"rendered":"17\/06 &#8211; 20:34 | Il y a 32 minutes Suivez le 29e num\u00e9ro de La Bordelaise avec en&hellip;\n","protected":false},"author":2,"featured_media":184048,"comment_status":"","ping_status":"","sticky":false,"template":"","format":"standard","meta":{"footnotes":""},"categories":[2817],"tags":[1111,11,3396,6041,3783,1997,19659,3477,3362,1994,1777,674,21,1011,27,1987,508,12,3946,2219,9210,25,18140,3242,5237,11933,96,27287],"class_list":{"0":"post-184047","1":"post","2":"type-post","3":"status-publish","4":"format-standard","5":"has-post-thumbnail","7":"category-bordeaux","8":"tag-actu","9":"tag-actualites","10":"tag-avec","11":"tag-belle","12":"tag-bilan","13":"tag-bordeaux","14":"tag-bordelaise","15":"tag-cette","16":"tag-champion","17":"tag-entraineur","18":"tag-eu","19":"tag-europe","20":"tag-fait","21":"tag-fr","22":"tag-france","23":"tag-girondins","24":"tag-invite","25":"tag-news","26":"tag-nous","27":"tag-nouvelle-aquitaine","28":"tag-numero","29":"tag-republique-francaise","30":"tag-romain","31":"tag-saison","32":"tag-suivez","33":"tag-titre","34":"tag-une","35":"tag-vitry"},"share_on_mastodon":{"url":"https:\/\/pubeurope.com\/@fr\/114700273913223870","error":""},"_links":{"self":[{"href":"https:\/\/www.europesays.com\/fr\/wp-json\/wp\/v2\/posts\/184047","targetHints":{"allow":["GET"]}}],"collection":[{"href":"https:\/\/www.europesays.com\/fr\/wp-json\/wp\/v2\/posts"}],"about":[{"href":"https:\/\/www.europesays.com\/fr\/wp-json\/wp\/v2\/types\/post"}],"author":[{"embeddable":true,"href":"https:\/\/www.europesays.com\/fr\/wp-json\/wp\/v2\/users\/2"}],"replies":[{"embeddable":true,"href":"https:\/\/www.europesays.com\/fr\/wp-json\/wp\/v2\/comments?post=184047"}],"version-history":[{"count":0,"href":"https:\/\/www.europesays.com\/fr\/wp-json\/wp\/v2\/posts\/184047\/revisions"}],"wp:featuredmedia":[{"embeddable":true,"href":"https:\/\/www.europesays.com\/fr\/wp-json\/wp\/v2\/media\/184048"}],"wp:attachment":[{"href":"https:\/\/www.europesays.com\/fr\/wp-json\/wp\/v2\/media?parent=184047"}],"wp:term":[{"taxonomy":"category","embeddable":true,"href":"https:\/\/www.europesays.com\/fr\/wp-json\/wp\/v2\/categories?post=184047"},{"taxonomy":"post_tag","embeddable":true,"href":"https:\/\/www.europesays.com\/fr\/wp-json\/wp\/v2\/tags?post=184047"}],"curies":[{"name":"wp","href":"https:\/\/api.w.org\/{rel}","templated":true}]}}