{"id":184053,"date":"2025-06-17T19:09:12","date_gmt":"2025-06-17T19:09:12","guid":{"rendered":"https:\/\/www.europesays.com\/fr\/184053\/"},"modified":"2025-06-17T19:09:12","modified_gmt":"2025-06-17T19:09:12","slug":"a-lille-ce-studio-de-yoga-celebre-la-fete-de-la-musique-de-facon-inattendue","status":"publish","type":"post","link":"https:\/\/www.europesays.com\/fr\/184053\/","title":{"rendered":"\u00c0 Lille, ce studio de yoga c\u00e9l\u00e8bre la F\u00eate de la musique de fa\u00e7on inattendue"},"content":{"rendered":"<p>            Par<br \/>\n        <strong><br \/>\n            <a href=\"https:\/\/actu.fr\/auteur\/hervine-mahaud\" title=\"Consulter tous les articles de Hervine Mahaud\" rel=\"nofollow noopener\" target=\"_blank\">Hervine Mahaud<\/a><br \/>\n        <\/strong><\/p>\n<p>        Publi\u00e9 le<\/p>\n<p>            17 juin 2025 \u00e0 16h10        <\/p>\n<p>Si vous cherchez une <b>activit\u00e9 insolite<\/b> \u00e0 faire durant la <a href=\"https:\/\/actu.fr\/hauts-de-france\/lille_59350\/la-fete-de-la-musique-a-lille-circulation-stationnement-dechets-ce-quil-faut-savoir_62776903.html\" rel=\"nofollow noopener\" target=\"_blank\">F\u00eate de la musique<\/a>, on a de quoi vous combler. Samedi 21\u00a0juin 2025, un <b>studio de yoga<\/b> du <b>Vieux-Lille<\/b> c\u00e9l\u00e8bre \u00e0 sa mani\u00e8re cette journ\u00e9e particuli\u00e8re en proposant<b> deux activit\u00e9s gratuites<\/b> et peu banales aux visiteurs.<\/p>\n<p>Des activit\u00e9s insolites mixant yoga et musique<\/p>\n<p class=\" wall-content\">Le 21\u00a0juin est bien \u00e9videmment le premier jour de l\u2019\u00e9t\u00e9, mais aussi le jour o\u00f9 l\u2019on c\u00e9l\u00e8bre la F\u00eate de la musique. Ce que l\u2019on sait moins, c\u2019est que cette date est aussi celle de la journ\u00e9e internationale du yoga.<\/p>\n<p class=\" wall-content\">Pour ces trois raisons, le studio de yoga Inspir, situ\u00e9 juste en face de la Treille, a pr\u00e9vu un programme particuli\u00e8rement riche, m\u00ealant yoga, musique et bonne humeur. <b>Deux ateliers sont ainsi propos\u00e9s gratuitement<\/b>.<\/p>\n<p class=\" wall-content\"><a href=\"https:\/\/www.instagram.com\/p\/DK7cONboYev\/embed\" title=\"Ouvrir le lien sur Instagram\" rel=\"nofollow noopener\" target=\"_blank\">Visualiser le contenu sur Instagram<\/a><\/p>\n<ul class=\" wall-content\">\n<li><b>Yoga de la voix, de 14\u2009h \u00e0 15\u2009h<\/b>\u2009: une exp\u00e9rience sensorielle unique o\u00f9 le souffle, les sons et vibrations se rencontrent. Ici, on ne cherche pas \u00e0 \u00ab\u2009bien chanter\u2009\u00bb, mais \u00e0 lib\u00e9rer sa voix, r\u00e9veiller son \u00e9nergie afin de se d\u00e9tendre et se faire du bien.<\/li>\n<li><b>Voyage sonore, de 15\u2009h \u00e0 16\u2009h\u200930<\/b>\u2009: d\u00e9couvrez le son envo\u00fbtant des bols tib\u00e9tains avec un sono-th\u00e9rapeute venu sp\u00e9cialement d\u2019Inde. Des vibrations profondes et sons apaisants vont r\u00e9sonner dans les corps des participants pour apaiser les esprits. Une immersion m\u00e9ditative hors du temps pour c\u00e9l\u00e9brer la musique autrement.<\/li>\n<\/ul>\n<p class=\" wall-content\">Enfin, de 10\u2009h \u00e0 16\u2009h\u200930, il sera possible de rencontrer toute l\u2019\u00e9quipe du studio Inspir, autour d\u2019un snack healthy et de jus press\u00e9s \u00e0 froid.<\/p>\n<p>Vid\u00e9os : en ce moment sur ActuInfos pratiques\u2009: Studio Inspir, 3 bis rue des Trois Mollettes, Vieux-Lille. D\u00e9couvrez le studio <a href=\"https:\/\/www.studio-inspir.com\/\" rel=\"nofollow noopener\" target=\"_blank\">en cliquant ici<\/a>.<\/p>\n<p class=\" wall-content\">Suivez toute l\u2019actualit\u00e9 de vos villes et m\u00e9dias favoris en vous inscrivant \u00e0 <a href=\"https:\/\/moncompte.actu.fr\" title=\"D\u00e9couvez Mon Actu\" rel=\"nofollow noopener\" data-trk=\"{&quot;cta&quot;:{&quot;action&quot;:&quot;https:\\\/\\\/moncompte.actu.fr&quot;,&quot;category&quot;:&quot;mon compte&quot;,&quot;from&quot;:&quot;article footer&quot;,&quot;name&quot;:&quot;Mon actu&quot;,&quot;type&quot;:&quot;cta&quot;}}\" target=\"_blank\">Mon Actu<\/a>.<\/p>\n<p>                    <script async src=\"\/\/www.instagram.com\/embed.js\"><\/script><\/p>\n","protected":false},"excerpt":{"rendered":"Par Hervine Mahaud Publi\u00e9 le 17 juin 2025 \u00e0 16h10 Si vous cherchez une activit\u00e9 insolite \u00e0 faire&hellip;\n","protected":false},"author":2,"featured_media":184054,"comment_status":"","ping_status":"","sticky":false,"template":"","format":"standard","meta":{"footnotes":""},"categories":[2815],"tags":[1111,11,1777,674,25885,1011,27,811,1307,1652,12,25],"class_list":{"0":"post-184053","1":"post","2":"type-post","3":"status-publish","4":"format-standard","5":"has-post-thumbnail","7":"category-lille","8":"tag-actu","9":"tag-actualites","10":"tag-eu","11":"tag-europe","12":"tag-fete-de-la-musique","13":"tag-fr","14":"tag-france","15":"tag-hauts-de-france","16":"tag-lille","17":"tag-loisirs-culture","18":"tag-news","19":"tag-republique-francaise"},"share_on_mastodon":{"url":"https:\/\/pubeurope.com\/@fr\/114700285600761956","error":""},"_links":{"self":[{"href":"https:\/\/www.europesays.com\/fr\/wp-json\/wp\/v2\/posts\/184053","targetHints":{"allow":["GET"]}}],"collection":[{"href":"https:\/\/www.europesays.com\/fr\/wp-json\/wp\/v2\/posts"}],"about":[{"href":"https:\/\/www.europesays.com\/fr\/wp-json\/wp\/v2\/types\/post"}],"author":[{"embeddable":true,"href":"https:\/\/www.europesays.com\/fr\/wp-json\/wp\/v2\/users\/2"}],"replies":[{"embeddable":true,"href":"https:\/\/www.europesays.com\/fr\/wp-json\/wp\/v2\/comments?post=184053"}],"version-history":[{"count":0,"href":"https:\/\/www.europesays.com\/fr\/wp-json\/wp\/v2\/posts\/184053\/revisions"}],"wp:featuredmedia":[{"embeddable":true,"href":"https:\/\/www.europesays.com\/fr\/wp-json\/wp\/v2\/media\/184054"}],"wp:attachment":[{"href":"https:\/\/www.europesays.com\/fr\/wp-json\/wp\/v2\/media?parent=184053"}],"wp:term":[{"taxonomy":"category","embeddable":true,"href":"https:\/\/www.europesays.com\/fr\/wp-json\/wp\/v2\/categories?post=184053"},{"taxonomy":"post_tag","embeddable":true,"href":"https:\/\/www.europesays.com\/fr\/wp-json\/wp\/v2\/tags?post=184053"}],"curies":[{"name":"wp","href":"https:\/\/api.w.org\/{rel}","templated":true}]}}