{"id":184057,"date":"2025-06-17T19:11:09","date_gmt":"2025-06-17T19:11:09","guid":{"rendered":"https:\/\/www.europesays.com\/fr\/184057\/"},"modified":"2025-06-17T19:11:09","modified_gmt":"2025-06-17T19:11:09","slug":"sa-famille-subit-la-guerre-iran-israel-cette-marseillaise-temoigne","status":"publish","type":"post","link":"https:\/\/www.europesays.com\/fr\/184057\/","title":{"rendered":"sa famille subit la guerre Iran-Isra\u00ebl, cette Marseillaise t\u00e9moigne"},"content":{"rendered":"<p>Farah a du mal \u00e0 retenir ses larmes. Depuis le 13 juin, la Franco-Iranienne, salari\u00e9e du priv\u00e9 \u00e0 Marseille &#8211; dont le pr\u00e9nom a \u00e9t\u00e9 chang\u00e9 &#8211; est pendue \u00e0 son t\u00e9l\u00e9phone.<\/p>\n<p>De <a href=\"https:\/\/www.laprovence.com\/article\/france-monde\/15891305064151\/nouvelle-nuit-descalade-entre-israel-et-liran-trump-appelle-a-evacuer-teheran-immediatement-et-quitte-le-g7\" target=\"_blank\" rel=\"noopener\">T\u00e9h\u00e9ran<\/a>, elle a le souvenir des \u00e9t\u00e9s de son enfance. La trentenaire marseillaise et son mari, \u00e9galement Iranien, y ont toujours des proches. Elle, un grand-oncle, de 88 ans. \u00ab\u00a0La seule personne qui me reste.\u00a0\u00bb Lui une famille enti\u00e8re, qui voit son quotidien sombrer dans la peur des bombardements, alors que <a href=\"https:\/\/www.laprovence.com\/article\/france-monde\/1538506347217215\/direct-laprovence-direct-conflit-israel-iran-lescalade-se-poursuit-trump-appelle-a-evacuer-teheran-immediatement\" target=\"_blank\" rel=\"noopener\">l&rsquo;escalade avec Isra\u00ebl ne faiblit pas<\/a>.<\/p>\n<p>\u00c0 Marseille, dans leur appartement, le quotidien est d\u00e9sormais ponctu\u00e9 d&rsquo;appels angoiss\u00e9s. \u00ab\u00a0Mon grand-oncle est aveugle, confie-t-elle. Il est terr\u00e9 chez lui. On l&rsquo;appelle tous les jours, mais je me sens impuissante, c&rsquo;est terrible.\u00a0\u00bb<\/p>\n<p>\u00ab\u00a0Partir de T\u00e9h\u00e9ran, pour aller o\u00f9 ?\u00a0\u00bb<\/p>\n<p>Constamment sur les <a href=\"https:\/\/www.laprovence.com\/article\/societe\/6287568778346314\/reseaux-sociaux-donnees-personnelles-que-devient-notre-vie-numerique-apres-la-mort\" target=\"_blank\" rel=\"noopener\">r\u00e9seaux sociaux<\/a> en qu\u00eate de nouvelles, Farah r\u00e9alise que les frappes s&rsquo;abattent, petit \u00e0 petit, sur la population. \u00ab\u00a0On a vu des civils se faire tuer\u00a0\u00bb, r\u00e9p\u00e8te-t-elle, horrifi\u00e9e. <a href=\"https:\/\/www.laprovence.com\/article\/france-monde\/35189016547711\/conflit-israel-iran-victimes-cibles-missiles-on-rembobine-les-derniers-evenements\" target=\"_blank\" rel=\"noopener\">406 morts<\/a> aux derni\u00e8res nouvelles. \u00ab\u00a0Les tirs visent des immeubles entiers. Hier, l&rsquo;\u00e9vacuation de tout un district a \u00e9t\u00e9 demand\u00e9e, ce qui est \u00e9norme. T\u00e9h\u00e9ran, c&rsquo;est 9 millions d&rsquo;habitants. Les gens de la diaspora ont de la famille qui vit dans ces zones. Souvent des personnes \u00e2g\u00e9es. Elles ne veulent pas partir de chez elles. L&rsquo;a\u00e9roport est ferm\u00e9, il n&rsquo;y a quasiment plus de p\u00e9trole, ni d&rsquo;eau potable. Et puis partir, pour aller o\u00f9 ?\u00a0\u00bb<\/p>\n","protected":false},"excerpt":{"rendered":"Farah a du mal \u00e0 retenir ses larmes. Depuis le 13 juin, la Franco-Iranienne, salari\u00e9e du priv\u00e9 \u00e0&hellip;\n","protected":false},"author":2,"featured_media":184058,"comment_status":"","ping_status":"","sticky":false,"template":"","format":"standard","meta":{"footnotes":""},"categories":[2814],"tags":[17,1111,11,32197,1777,674,652,1011,27,3707,884,15179,12,844,378,4859,882,25,104],"class_list":{"0":"post-184057","1":"post","2":"type-post","3":"status-publish","4":"format-standard","5":"has-post-thumbnail","7":"category-marseille","8":"tag-17","9":"tag-actu","10":"tag-actualites","11":"tag-deau","12":"tag-eu","13":"tag-europe","14":"tag-famille","15":"tag-fr","16":"tag-france","17":"tag-il","18":"tag-marseille","19":"tag-ny","20":"tag-news","21":"tag-petrole","22":"tag-plus","23":"tag-potable","24":"tag-provence-alpes-cote-dazur","25":"tag-republique-francaise","26":"tag-societe"},"share_on_mastodon":{"url":"https:\/\/pubeurope.com\/@fr\/114700293557874765","error":""},"_links":{"self":[{"href":"https:\/\/www.europesays.com\/fr\/wp-json\/wp\/v2\/posts\/184057","targetHints":{"allow":["GET"]}}],"collection":[{"href":"https:\/\/www.europesays.com\/fr\/wp-json\/wp\/v2\/posts"}],"about":[{"href":"https:\/\/www.europesays.com\/fr\/wp-json\/wp\/v2\/types\/post"}],"author":[{"embeddable":true,"href":"https:\/\/www.europesays.com\/fr\/wp-json\/wp\/v2\/users\/2"}],"replies":[{"embeddable":true,"href":"https:\/\/www.europesays.com\/fr\/wp-json\/wp\/v2\/comments?post=184057"}],"version-history":[{"count":0,"href":"https:\/\/www.europesays.com\/fr\/wp-json\/wp\/v2\/posts\/184057\/revisions"}],"wp:featuredmedia":[{"embeddable":true,"href":"https:\/\/www.europesays.com\/fr\/wp-json\/wp\/v2\/media\/184058"}],"wp:attachment":[{"href":"https:\/\/www.europesays.com\/fr\/wp-json\/wp\/v2\/media?parent=184057"}],"wp:term":[{"taxonomy":"category","embeddable":true,"href":"https:\/\/www.europesays.com\/fr\/wp-json\/wp\/v2\/categories?post=184057"},{"taxonomy":"post_tag","embeddable":true,"href":"https:\/\/www.europesays.com\/fr\/wp-json\/wp\/v2\/tags?post=184057"}],"curies":[{"name":"wp","href":"https:\/\/api.w.org\/{rel}","templated":true}]}}