{"id":184059,"date":"2025-06-17T19:12:11","date_gmt":"2025-06-17T19:12:11","guid":{"rendered":"https:\/\/www.europesays.com\/fr\/184059\/"},"modified":"2025-06-17T19:12:11","modified_gmt":"2025-06-17T19:12:11","slug":"a-marseille-des-enseignants-denoncent-lusage-de-detecteurs-de-metaux-pendant-le-bac","status":"publish","type":"post","link":"https:\/\/www.europesays.com\/fr\/184059\/","title":{"rendered":"\u00c0 Marseille, des enseignants d\u00e9noncent l\u2019usage de d\u00e9tecteurs de m\u00e9taux pendant le bac"},"content":{"rendered":"<p>        <img decoding=\"async\" loading=\"lazy\" src=\"https:\/\/www.europesays.com\/fr\/wp-content\/uploads\/2025\/06\/32f41d0_1695910966504-gettyimages-966827796.jpg\"  width=\"728\" height=\"410\" alt=\"Des \u00e9l\u00e8ves passent le bac.\"\/>  <\/p>\n<p>Alain DENANTES \/ Gamma-Rapho via Getty Images<\/p>\n<p>Des \u00e9l\u00e8ves passent le bac.<\/p>\n<p class=\"asset asset-text\">BAC &#8211; Situation \u00ab\u00a0inacceptable\u00a0\u00bb. Au lyc\u00e9e Saint-Exup\u00e9ry de<a href=\"https:\/\/www.huffingtonpost.fr\/justice\/article\/la-ldh-porte-plainte-contre-l-entreprise-eurolinks-soupconnee-de-livrer-des-pieces-d-armes-a-israel_251239.html\" target=\"_blank\" rel=\"noopener nofollow\" title=\"Nouvelle fen\u00eatre\"> Marseille<\/a>, \u00e9tablissement du 15e arrondissement, des <a href=\"https:\/\/www.huffingtonpost.fr\/life\/article\/devenir-professeur-de-francais-en-30-minutes-cette-experimentation-ulcere-les-syndicats_250896.html\" target=\"_blank\" rel=\"noopener nofollow\" title=\"Nouvelle fen\u00eatre\">syndicats d\u2019enseignants <\/a>sont vent debout contre l\u2019utilisation \u00ab\u00a0ill\u00e9gale\u00a0\u00bb de d\u00e9tecteur de m\u00e9taux sur les lyc\u00e9ens planchant sur les \u00e9preuves du bac, rapportent ce mardi 17\u00a0juin le m\u00e9dia Ici Provence <a href=\"https:\/\/www.francebleu.fr\/emissions\/ils-font-l-actu-ici-provence\/pas-question-de-passer-les-bacheliers-au-detecteur-de-metaux-pour-jeremy-abram-du-lycee-st-exupery-a-marseille-6135323\" target=\"_blank\" rel=\"noopener nofollow\" title=\"Nouvelle fen\u00eatre\">(ex-France Bleu)<\/a> et <a href=\"https:\/\/www.bfmtv.com\/marseille\/bac-2025-des-enseignants-denoncent-l-utilisation-de-detecteurs-de-metaux-contre-la-triche-a-marseille_AN-202506170672.html\" target=\"_blank\" rel=\"noopener nofollow\" title=\"Nouvelle fen\u00eatre\">BFMTV<\/a>.<\/p>\n<p class=\"asset asset-text\">Pour renforcer la lutte contre la triche, l\u2019acad\u00e9mie indique dans une note, cit\u00e9e par nos confr\u00e8res\u00a0: \u00ab\u00a0les chefs d\u2019\u00e9tablissements sont autoris\u00e9s \u00e0 utiliser des d\u00e9tecteurs qui permettent de capter les ondes \u00e9lectromagn\u00e9tiques des t\u00e9l\u00e9phones portables\u00a0\u00bb.<\/p>\n<p class=\"asset asset-text\">Sauf que la direction du lyc\u00e9e Saint-Exup\u00e9ry va plus loin, r\u00e9clamant que \u00ab\u00a0tous les \u00e9l\u00e8ves\u00a0\u00bb, d\u00e8s lors qu\u2019ils se rendent aux toilettes soient soumis au d\u00e9tecteur de m\u00e9taux. \u00ab\u00a0Dans le cas d\u2019un refus, il ne sera pas autoris\u00e9 \u00e0 sortir de la salle\u00a0\u00bb, ajoute ce communiqu\u00e9 datant du 2\u00a0juin.<\/p>\n<p>    Une pratique polici\u00e8re, selon un syndicaliste    <\/p>\n<p class=\"asset asset-text\">\u00ab\u00a0L\u2019utilisation de d\u00e9tecteurs de m\u00e9taux est encadr\u00e9e par la loi, et seuls les policiers, les gendarmes et certaines personnes habilit\u00e9es peuvent les utiliser\u00a0\u00bb, fustige J\u00e9r\u00e9my Abram, enseignant et \u00e9lu SNES-FSU.<\/p>\n<p class=\"asset asset-text\">Jugeant ill\u00e9gale cette pratique, il refuse de s\u2019y soumettre. Le syndicaliste propose de mettre en place d\u2019autres m\u00e9thodes contre la triche, comme \u00ab\u00a0l\u2019utilisation de brouilleurs d\u2019ondes\u00a0\u00bb dans les salles d\u2019examen.<\/p>\n<p class=\"asset asset-text\">En 2025, l\u2019intelligence artificielle est un outil de triche facile. Catherine Nave-Bekhti, secr\u00e9taire g\u00e9n\u00e9rale du syndicat CFDT \u00c9ducation, estime aupr\u00e8s de l\u2019AFP que c\u2019est \u00ab\u00a0une pr\u00e9occupation pour les professionnels\u00a0\u00bb de l\u2019enseignement car \u00ab\u00a0c\u2019est \u00e9videmment une source d\u2019iniquit\u00e9\u00a0\u00bb.<\/p>\n","protected":false},"excerpt":{"rendered":"Alain DENANTES \/ Gamma-Rapho via Getty Images Des \u00e9l\u00e8ves passent le bac. BAC &#8211; Situation \u00ab\u00a0inacceptable\u00a0\u00bb. Au lyc\u00e9e&hellip;\n","protected":false},"author":2,"featured_media":184060,"comment_status":"","ping_status":"","sticky":false,"template":"","format":"standard","meta":{"footnotes":""},"categories":[2814],"tags":[1111,11,31780,1736,1777,674,1011,27,884,12,882,25,11564,32198],"class_list":{"0":"post-184059","1":"post","2":"type-post","3":"status-publish","4":"format-standard","5":"has-post-thumbnail","7":"category-marseille","8":"tag-actu","9":"tag-actualites","10":"tag-bac-2025","11":"tag-enseignant","12":"tag-eu","13":"tag-europe","14":"tag-fr","15":"tag-france","16":"tag-marseille","17":"tag-news","18":"tag-provence-alpes-cote-dazur","19":"tag-republique-francaise","20":"tag-syndicat","21":"tag-triche"},"share_on_mastodon":{"url":"https:\/\/pubeurope.com\/@fr\/114700297628970036","error":""},"_links":{"self":[{"href":"https:\/\/www.europesays.com\/fr\/wp-json\/wp\/v2\/posts\/184059","targetHints":{"allow":["GET"]}}],"collection":[{"href":"https:\/\/www.europesays.com\/fr\/wp-json\/wp\/v2\/posts"}],"about":[{"href":"https:\/\/www.europesays.com\/fr\/wp-json\/wp\/v2\/types\/post"}],"author":[{"embeddable":true,"href":"https:\/\/www.europesays.com\/fr\/wp-json\/wp\/v2\/users\/2"}],"replies":[{"embeddable":true,"href":"https:\/\/www.europesays.com\/fr\/wp-json\/wp\/v2\/comments?post=184059"}],"version-history":[{"count":0,"href":"https:\/\/www.europesays.com\/fr\/wp-json\/wp\/v2\/posts\/184059\/revisions"}],"wp:featuredmedia":[{"embeddable":true,"href":"https:\/\/www.europesays.com\/fr\/wp-json\/wp\/v2\/media\/184060"}],"wp:attachment":[{"href":"https:\/\/www.europesays.com\/fr\/wp-json\/wp\/v2\/media?parent=184059"}],"wp:term":[{"taxonomy":"category","embeddable":true,"href":"https:\/\/www.europesays.com\/fr\/wp-json\/wp\/v2\/categories?post=184059"},{"taxonomy":"post_tag","embeddable":true,"href":"https:\/\/www.europesays.com\/fr\/wp-json\/wp\/v2\/tags?post=184059"}],"curies":[{"name":"wp","href":"https:\/\/api.w.org\/{rel}","templated":true}]}}