{"id":18406,"date":"2025-04-11T22:27:23","date_gmt":"2025-04-11T22:27:23","guid":{"rendered":"https:\/\/www.europesays.com\/fr\/18406\/"},"modified":"2025-04-11T22:27:23","modified_gmt":"2025-04-11T22:27:23","slug":"decouvrez-la-fresque-geante-qui-orne-desormais-les-terrains-de-basket-de-cette-ville","status":"publish","type":"post","link":"https:\/\/www.europesays.com\/fr\/18406\/","title":{"rendered":"d\u00e9couvrez la fresque g\u00e9ante qui orne d\u00e9sormais les terrains de basket de cette ville"},"content":{"rendered":"<p>            Par<br \/>\n        <strong><br \/>\n            <a href=\"https:\/\/actu.fr\/auteur\/glenn-gillet\" title=\"Consulter tous les articles de Glenn Gillet\" rel=\"nofollow noopener\" target=\"_blank\">Glenn Gillet<\/a><br \/>\n        <\/strong><\/p>\n<p>        Publi\u00e9 le<\/p>\n<p>            10 avr. 2025 \u00e0 12h28        <\/p>\n<p>Au soleil, <a href=\"https:\/\/www.instagram.com\/olivier.swiz\/followers\/mutualOnly?hl=fr\" rel=\"nofollow noopener\" target=\"_blank\">Olivier Swiz<\/a> fait glisser le pinceau et apporte ce mardi 8\u00a0avril la touche finale \u00e0 une <strong>fresque monumentale<\/strong> qu\u2019il r\u00e9alise depuis une dizaine de jours. Mais ce n\u2019est pas sur une fa\u00e7ade ou un mur, les surfaces sur lesquelles le <a href=\"https:\/\/actu.fr\/tag\/street-art\" rel=\"nofollow noopener\" target=\"_blank\">street art<\/a> se d\u00e9ploie le plus souvent, que vous pourrez admirer l\u2019\u0153uvre. Plut\u00f4t que de lever les yeux, il faudra les baisser pour d\u00e9couvrir l\u2019\u0153uvre de l\u2019artiste, qui orne \u00e0 pr\u00e9sent le sol de deux terrains de <a href=\"https:\/\/actu.fr\/sports\/basket\" rel=\"nofollow noopener\" target=\"_blank\">basket<\/a> nich\u00e9s dans le parc bois\u00e9 des Coquibus, \u00e0 <a href=\"https:\/\/actu.fr\/ile-de-france\/evry-courcouronnes_91228\" rel=\"nofollow noopener\" target=\"_blank\">\u00c9vry-Courcouronnes<\/a> (<a href=\"https:\/\/actu.fr\/essonne\/\" rel=\"nofollow noopener\" target=\"_blank\">Essonne<\/a>).<\/p>\n<p class=\" wall-content\">Il ne reste \u00e0 pr\u00e9sent qu\u2019\u00e0 remonter les paniers de basket, tracer les marquages blancs au sol, aux normes de la F\u00e9d\u00e9ration fran\u00e7aise de basket, et les terrains seront \u00e0 nouveau <strong>jouables<\/strong>.<\/p>\n<p>\u00ab\u2009Des couleurs assez satur\u00e9es, bien lisibles\u2009\u00bb<\/p>\n<p class=\" wall-content\">Le travail au sol est une premi\u00e8re pour l\u2019artiste, pourtant habitu\u00e9 des chantiers XXL (la fresque couvre 1300 m\u00e8tres carr\u00e9s). Un d\u00e9fi qui l\u2019a pouss\u00e9 \u00e0 \u00e9largir sa palette technique pour permettre de donner vie \u00e0 cet immense projet, \u00e0 partir d\u2019un dessin de taille naturellement bien plus modeste. Pour remporter l\u2019appel \u00e0 projet lanc\u00e9 par la ville, il avait propos\u00e9 une \u0153uvre inspir\u00e9e, comme il en a l\u2019habitude, par son attrait pour les <strong>travaux de collage<\/strong>, dont il cherche \u00e0 reproduire certains effets en peinture. La proposition a s\u00e9duit la municipalit\u00e9.<\/p>\n<p class=\" wall-content\">Contrairement \u00e0 beaucoup d\u2019\u0153uvres r\u00e9alis\u00e9es sur des terrains de sport, notamment de basket, la sienne ne cherche pas \u00e0 \u00e9pouser les lignes de jeux, et ce de mani\u00e8re \u00e0 \u00ab\u2009conserver une notion de mouvement\u2009\u00bb en \u00ab\u2009faisant \u00e9cho aux <strong>courses rapides et saccad\u00e9es<\/strong> des joueurs\u2009\u00bb, explique Olivier Swiz. L\u2019artiste explique que \u00ab\u2009l\u2019id\u00e9e \u00e9tait aussi d\u2019avoir des couleurs assez satur\u00e9es, bien lisibles et qui se distinguent bien dans l\u2019environnement, on est dans un bois. C\u2019est assez diff\u00e9rent de ce que je fais de base\u2009\u00bb.<\/p>\n<p>      <img   decoding=\"async\" loading=\"lazy\" src=\"https:\/\/www.europesays.com\/fr\/wp-content\/uploads\/2025\/04\/capture-decran-2025-03-28-a-173300-960x640.png\" alt=\"Une vue a\u00e9rienne de la fresque r\u00e9alis\u00e9e sur les terrains de basket des Coquibus par Olivier Swiz.\" width=\"960\" height=\"640\"\/><br \/>\n    Une vue a\u00e9rienne de la fresque r\u00e9alis\u00e9e sur les terrains de basket des Coquibus par Olivier Swiz. (\u00a9Peint A La Main)Vid\u00e9os : en ce moment sur Actu<\/p>\n<p class=\" wall-content\">Pour renforcer la connexion entre l\u2019\u0153uvre et les \u00c9vryens, deux noms (en plus de celui de l\u2019artiste) ont \u00e9t\u00e9 peints dans aux coins des terrain\u2009: celui de <strong>Jean-Alexandre Lopez<\/strong>, jeune tr\u00e8s investi au sein de la section basket de l\u2019AS \u00c9vry, d\u00e9c\u00e9d\u00e9 en 2021 \u00e0 l\u2019\u00e2ge de 17\u00a0ans, et celui du jeune espoir du basket <strong>Issa Tour\u00e9<\/strong>, form\u00e9 en Seine-et-Marne et d\u00e9c\u00e9d\u00e9 en 2023, \u00e9galement \u00e0 l\u2019\u00e2ge de 17\u00a0ans.<\/p>\n<p>\u00ab\u2009Depuis les JO, on croule sous les demandes\u2009\u00bb<\/p>\n<p class=\" wall-content\">Pour ce projet, Olivier Swiz a \u00e9t\u00e9 sollicit\u00e9 par l\u2019entreprise <a href=\"https:\/\/p-a-l-m.com\/\" rel=\"nofollow noopener\" target=\"_blank\">Peint A La Main (PALM)<\/a>, qui fait partie du groupe Th\u00e9odore, sp\u00e9cialis\u00e9 dans la peinture et qui notamment mis au point celle utilis\u00e9e \u00e0 \u00c9vry. Le mat\u00e9riau a comme <strong>caract\u00e9ristiques<\/strong> d\u2019\u00eatre non seulement antid\u00e9rapant, tr\u00e8s r\u00e9sistant (l\u2019\u00e9tat de la fresque est garanti pendant deux ans et peut durer bien longtemps en fonction de l\u2019intensit\u00e9 de l\u2019utilisation du terrain) mais aussi biod\u00e9gradable, en plus d\u2019\u00eatre fabriqu\u00e9 en France. Pour l\u2019entretien, un nettoyage r\u00e9gulier \u00e0 l\u2019eau suffit.<\/p>\n<p class=\" wall-content\">PALM s\u2019est d\u00e9j\u00e0 illustr\u00e9e dans des chantiers similaires \u00e0 celui du playground des Coquibus, puisqu\u2019elle avait d\u00e9j\u00e0 \u00e9t\u00e9 mobilis\u00e9e peindre des terrains de basket \u00e0 Paris, Montreuil, Saint-Denis ou encore Marseille. Les commandes se sont encore multipli\u00e9es depuis les<strong> Jeux olympiques<\/strong>, qui ont mis un coup de projecteur sur la pratique sportive\u2009: \u00ab\u2009Depuis les JO, on croule sous les demandes pour des peintures sur des terrains de sport, \u00e7a marche tr\u00e8s bien. On en fait 10 \u00e0 15 par an, pas qu\u2019en France. C\u2019est monumental\u2009\u00bb, confie F\u00e9lix Pugh, chef de projet artistique chez PALM.<\/p>\n<p class=\" wall-content\">\u00c0 \u00c9vry, les terrains de Coquibus embellis seront bient\u00f4t accessibles \u00e0 tous. Une <strong>grande journ\u00e9e d\u2019inauguration<\/strong> est pr\u00e9vue le 24 mais \u00e0 partir de 11h, avec des matchs toute la journ\u00e9e.<\/p>\n<p class=\" wall-content\">Suivez toute l\u2019actualit\u00e9 de vos villes et m\u00e9dias favoris en vous inscrivant \u00e0 <a href=\"https:\/\/moncompte.actu.fr\" title=\"D\u00e9couvez Mon Actu\" rel=\"nofollow noopener\" data-trk=\"{&quot;cta&quot;:{&quot;action&quot;:&quot;https:\\\/\\\/moncompte.actu.fr&quot;,&quot;category&quot;:&quot;mon compte&quot;,&quot;from&quot;:&quot;article footer&quot;,&quot;name&quot;:&quot;Mon actu&quot;,&quot;type&quot;:&quot;cta&quot;}}\" target=\"_blank\">Mon Actu<\/a>.<\/p>\n<p>                    <script async src=\"\/\/www.instagram.com\/embed.js\"><\/script><\/p>\n","protected":false},"excerpt":{"rendered":"Par Glenn Gillet Publi\u00e9 le 10 avr. 2025 \u00e0 12h28 Au soleil, Olivier Swiz fait glisser le pinceau&hellip;\n","protected":false},"author":2,"featured_media":18407,"comment_status":"","ping_status":"","sticky":false,"template":"","format":"standard","meta":{"footnotes":""},"categories":[1358],"tags":[1348,1384,1385,1386,58,59,1011,27,1652,7189],"class_list":{"0":"post-18406","1":"post","2":"type-post","3":"status-publish","4":"format-standard","5":"has-post-thumbnail","7":"category-arts-et-design","8":"tag-arts","9":"tag-arts-and-design","10":"tag-arts-et-design","11":"tag-design","12":"tag-divertissement","13":"tag-entertainment","14":"tag-fr","15":"tag-france","16":"tag-loisirs-culture","17":"tag-street-art"},"share_on_mastodon":{"url":"https:\/\/pubeurope.com\/@fr\/114321689736393849","error":""},"_links":{"self":[{"href":"https:\/\/www.europesays.com\/fr\/wp-json\/wp\/v2\/posts\/18406","targetHints":{"allow":["GET"]}}],"collection":[{"href":"https:\/\/www.europesays.com\/fr\/wp-json\/wp\/v2\/posts"}],"about":[{"href":"https:\/\/www.europesays.com\/fr\/wp-json\/wp\/v2\/types\/post"}],"author":[{"embeddable":true,"href":"https:\/\/www.europesays.com\/fr\/wp-json\/wp\/v2\/users\/2"}],"replies":[{"embeddable":true,"href":"https:\/\/www.europesays.com\/fr\/wp-json\/wp\/v2\/comments?post=18406"}],"version-history":[{"count":0,"href":"https:\/\/www.europesays.com\/fr\/wp-json\/wp\/v2\/posts\/18406\/revisions"}],"wp:featuredmedia":[{"embeddable":true,"href":"https:\/\/www.europesays.com\/fr\/wp-json\/wp\/v2\/media\/18407"}],"wp:attachment":[{"href":"https:\/\/www.europesays.com\/fr\/wp-json\/wp\/v2\/media?parent=18406"}],"wp:term":[{"taxonomy":"category","embeddable":true,"href":"https:\/\/www.europesays.com\/fr\/wp-json\/wp\/v2\/categories?post=18406"},{"taxonomy":"post_tag","embeddable":true,"href":"https:\/\/www.europesays.com\/fr\/wp-json\/wp\/v2\/tags?post=18406"}],"curies":[{"name":"wp","href":"https:\/\/api.w.org\/{rel}","templated":true}]}}