{"id":184061,"date":"2025-06-17T19:13:13","date_gmt":"2025-06-17T19:13:13","guid":{"rendered":"https:\/\/www.europesays.com\/fr\/184061\/"},"modified":"2025-06-17T19:13:13","modified_gmt":"2025-06-17T19:13:13","slug":"fortes-chaleurs-a-lyon-comment-adapter-les-ecoles-au-changement-climatique","status":"publish","type":"post","link":"https:\/\/www.europesays.com\/fr\/184061\/","title":{"rendered":"Fortes chaleurs \u00e0 Lyon : comment adapter les \u00e9coles au changement climatique"},"content":{"rendered":"<p>C&rsquo;est l&rsquo;un des grands d\u00e9fis pour la Ville de Lyon. Am\u00e9liorer le confort des \u00e9l\u00e8ves dans des b\u00e2timents parfois inadapt\u00e9s, alors que les vagues de chaleurs sont amen\u00e9es \u00e0 se multiplier.<\/p>\n<p>L&rsquo;\u00e9cole <b>Joliot-Curie<\/b> est un bel exemple de la transformation des groupes scolaires de Lyon \u00e0 l&rsquo;heure du changement climatique. <\/p>\n<p>Pr\u00e8s de <b>4 millions d&rsquo;euros<\/b> ont \u00e9t\u00e9 investis, en grande partie dans la r\u00e9novation thermique du b\u00e2timent. Isolation des fa\u00e7ades, ventilation adapt\u00e9e&#8230; De quoi assurer une baisse importante de la temp\u00e9rature \u00e0 l&rsquo;int\u00e9rieur de l&rsquo;\u00e9cole, sans avoir \u00e0 mettre la climatisation qui consomme beaucoup plus. <\/p>\n<p>\u00ab\u00a0Apporter de l&rsquo;ombre et retrouver un contact avec la nature\u00a0\u00bb<\/p>\n<p>La cour de r\u00e9cr\u00e9ation a \u00e9galement \u00e9t\u00e9 repens\u00e9e, en concertation avec les enfants et leurs parents, ainsi que l&rsquo;\u00e9quipe \u00e9ducative. <\/p>\n<p>\u00ab\u00a0On a essay\u00e9 d&rsquo;am\u00e9nager davantage d&rsquo;endroits v\u00e9g\u00e9talis\u00e9s, pour des temps plus calme y compris en petit groupe, mais aussi des zones pour jouer au ballon, faire la course&#8230; L&rsquo;id\u00e9e, c&rsquo;est que les enfants puissent s&rsquo;approprier le lieu, qu&rsquo;un banc puisse avoir plusieurs usages. Et puis apporter de l&rsquo;ombre et retrouver un contact avec la nature\u00a0\u00bb, explique <b>Thomas Pourteyroux<\/b>, paysagiste \u00e0 l&rsquo;Atelier Anne Gardoni.<\/p>\n<p>Le chantier reste colossal \u00e0 l&rsquo;\u00e9chelle de la Ville.<\/p>\n<p>\u00ab\u00a0Sur les 207 \u00e9coles, la moiti\u00e9 sont des passoires thermiques. Avec des temp\u00e9ratures qui peuvent tr\u00e8s vite augmenter dans les classes. D&rsquo;o\u00f9 l&rsquo;importance de ces travaux d&rsquo;ampleur que l&rsquo;on m\u00e8ne avec actuellement 13 chantiers en cours, pr\u00e9cise <b>St\u00e9phanie L\u00e9ger<\/b>, adjointe \u00e0 l&rsquo;\u00c9ducation. Nous avons aussi notre plan canicule qui permet de d\u00e9clencher des dispositifs plus urgents pour faire face aux fortes chaleurs.\u00a0\u00bb<\/p>\n<p>Avec pr\u00e8s de 327 millions d&rsquo;euros investis depuis 2020, l&rsquo;\u00c9ducation reste le premier poste d&rsquo;investissement de la Ville de Lyon. <\/p>\n<p><img loading=\"lazy\" decoding=\"async\" src=\"https:\/\/www.europesays.com\/fr\/wp-content\/uploads\/2025\/06\/1750187593_538_img\" width=\"350\" height=\"200\" border=\"0\" title=\"Elvire Charre, directrice de la centrale nucl\u00c3\u00a9aire du Bugey.\"\/><\/p>\n<p>\u25baPlan\u00e8te<\/p>\n<p style=\"font-size: 22px;\"><b>\u00c0 la centrale nucl\u00e9aire du Bugey, le d\u00e9fi de l&rsquo;eau \u00e0 l&rsquo;heure du changement climatique<\/b><\/p>\n<p>Un tiers des besoins en \u00e9lectricit\u00e9 de la r\u00e9gion&#8230;<\/p>\n<p><\/p>\n","protected":false},"excerpt":{"rendered":"C&rsquo;est l&rsquo;un des grands d\u00e9fis pour la Ville de Lyon. Am\u00e9liorer le confort des \u00e9l\u00e8ves dans des b\u00e2timents&hellip;\n","protected":false},"author":2,"featured_media":184062,"comment_status":"","ping_status":"","sticky":false,"template":"","format":"standard","meta":{"footnotes":""},"categories":[1889],"tags":[1111,11,2430,6698,1122,1777,674,1011,27,2428,12,25,2086],"class_list":{"0":"post-184061","1":"post","2":"type-post","3":"status-publish","4":"format-standard","5":"has-post-thumbnail","7":"category-lyon","8":"tag-actu","9":"tag-actualites","10":"tag-auvergne-rhone-alpes","11":"tag-canicule","12":"tag-ecole","13":"tag-eu","14":"tag-europe","15":"tag-fr","16":"tag-france","17":"tag-lyon","18":"tag-news","19":"tag-republique-francaise","20":"tag-travaux"},"share_on_mastodon":{"url":"https:\/\/pubeurope.com\/@fr\/114700301436824443","error":""},"_links":{"self":[{"href":"https:\/\/www.europesays.com\/fr\/wp-json\/wp\/v2\/posts\/184061","targetHints":{"allow":["GET"]}}],"collection":[{"href":"https:\/\/www.europesays.com\/fr\/wp-json\/wp\/v2\/posts"}],"about":[{"href":"https:\/\/www.europesays.com\/fr\/wp-json\/wp\/v2\/types\/post"}],"author":[{"embeddable":true,"href":"https:\/\/www.europesays.com\/fr\/wp-json\/wp\/v2\/users\/2"}],"replies":[{"embeddable":true,"href":"https:\/\/www.europesays.com\/fr\/wp-json\/wp\/v2\/comments?post=184061"}],"version-history":[{"count":0,"href":"https:\/\/www.europesays.com\/fr\/wp-json\/wp\/v2\/posts\/184061\/revisions"}],"wp:featuredmedia":[{"embeddable":true,"href":"https:\/\/www.europesays.com\/fr\/wp-json\/wp\/v2\/media\/184062"}],"wp:attachment":[{"href":"https:\/\/www.europesays.com\/fr\/wp-json\/wp\/v2\/media?parent=184061"}],"wp:term":[{"taxonomy":"category","embeddable":true,"href":"https:\/\/www.europesays.com\/fr\/wp-json\/wp\/v2\/categories?post=184061"},{"taxonomy":"post_tag","embeddable":true,"href":"https:\/\/www.europesays.com\/fr\/wp-json\/wp\/v2\/tags?post=184061"}],"curies":[{"name":"wp","href":"https:\/\/api.w.org\/{rel}","templated":true}]}}