{"id":184063,"date":"2025-06-17T19:14:14","date_gmt":"2025-06-17T19:14:14","guid":{"rendered":"https:\/\/www.europesays.com\/fr\/184063\/"},"modified":"2025-06-17T19:14:14","modified_gmt":"2025-06-17T19:14:14","slug":"lyon-hubert-mortemard-de-boisse-elu-a-la-tete-du-barreau-pour-2026-2027","status":"publish","type":"post","link":"https:\/\/www.europesays.com\/fr\/184063\/","title":{"rendered":"Lyon. Hubert Mortemard de Boisse \u00e9lu \u00e0 la t\u00eate du Barreau pour 2026-2027"},"content":{"rendered":"<p>Le Barreau de Lyon conna\u00eet d\u00e9sormais ses nouveaux repr\u00e9sentants pour le mandat 2026-2027. \u00c0 l\u2019issue des \u00e9lections ordinales organis\u00e9es ce mardi 17\u00a0juin, le B\u00e2tonnier Alban Pousset-Boug\u00e8re et la vice-B\u00e2tonni\u00e8re Sara Kebir ont annonc\u00e9 officiellement les r\u00e9sultats.<\/p>\n<p>Avec un taux de participation de 41,24\u00a0%, Ma\u00eetre Hubert Mortemard de Boisse a \u00e9t\u00e9 \u00e9lu B\u00e2tonnier, tandis que Ma\u00eetre Florence Wischer occupera la fonction de vice-B\u00e2tonni\u00e8re.<\/p>\n<p>  La p\u00e9riode de \u00ab\u00a0Delphinat\u00a0\u00bb d\u00e9bute<\/p>\n<p>D\u00e8s aujourd\u2019hui, la p\u00e9riode dite de \u00ab\u00a0Delphinat\u00a0\u00bb s\u2019ouvre. Cette phase transitoire permettra au b\u00e2tonnat actuel d\u2019accompagner les nouveaux \u00e9lus dans la pr\u00e9paration de leur prise de fonction, pr\u00e9vue pour le 1er \u00a0janvier 2026.<\/p>\n<p>Le Barreau de Lyon a adress\u00e9, dans un communiqu\u00e9, ses \u00ab\u00a0chaleureuses f\u00e9licitations\u00a0\u00bb \u00e0 Ma\u00eetre Mortemard de Boisse et Ma\u00eetre Wischer, qui auront la responsabilit\u00e9 de porter la voix des avocats lyonnais.<\/p>\n","protected":false},"excerpt":{"rendered":"Le Barreau de Lyon conna\u00eet d\u00e9sormais ses nouveaux repr\u00e9sentants pour le mandat 2026-2027. \u00c0 l\u2019issue des \u00e9lections ordinales&hellip;\n","protected":false},"author":2,"featured_media":184064,"comment_status":"","ping_status":"","sticky":false,"template":"","format":"standard","meta":{"footnotes":""},"categories":[1889],"tags":[1111,11,2430,2757,1777,674,274,1011,27,2428,2756,12,25,2429],"class_list":{"0":"post-184063","1":"post","2":"type-post","3":"status-publish","4":"format-standard","5":"has-post-thumbnail","7":"category-lyon","8":"tag-actu","9":"tag-actualites","10":"tag-auvergne-rhone-alpes","11":"tag-edition-lyon-villeurbanne","12":"tag-eu","13":"tag-europe","14":"tag-faits-divers-justice","15":"tag-fr","16":"tag-france","17":"tag-lyon","18":"tag-lyon-bassin","19":"tag-news","20":"tag-republique-francaise","21":"tag-rhone"},"share_on_mastodon":{"url":"https:\/\/pubeurope.com\/@fr\/114700305314371618","error":""},"_links":{"self":[{"href":"https:\/\/www.europesays.com\/fr\/wp-json\/wp\/v2\/posts\/184063","targetHints":{"allow":["GET"]}}],"collection":[{"href":"https:\/\/www.europesays.com\/fr\/wp-json\/wp\/v2\/posts"}],"about":[{"href":"https:\/\/www.europesays.com\/fr\/wp-json\/wp\/v2\/types\/post"}],"author":[{"embeddable":true,"href":"https:\/\/www.europesays.com\/fr\/wp-json\/wp\/v2\/users\/2"}],"replies":[{"embeddable":true,"href":"https:\/\/www.europesays.com\/fr\/wp-json\/wp\/v2\/comments?post=184063"}],"version-history":[{"count":0,"href":"https:\/\/www.europesays.com\/fr\/wp-json\/wp\/v2\/posts\/184063\/revisions"}],"wp:featuredmedia":[{"embeddable":true,"href":"https:\/\/www.europesays.com\/fr\/wp-json\/wp\/v2\/media\/184064"}],"wp:attachment":[{"href":"https:\/\/www.europesays.com\/fr\/wp-json\/wp\/v2\/media?parent=184063"}],"wp:term":[{"taxonomy":"category","embeddable":true,"href":"https:\/\/www.europesays.com\/fr\/wp-json\/wp\/v2\/categories?post=184063"},{"taxonomy":"post_tag","embeddable":true,"href":"https:\/\/www.europesays.com\/fr\/wp-json\/wp\/v2\/tags?post=184063"}],"curies":[{"name":"wp","href":"https:\/\/api.w.org\/{rel}","templated":true}]}}