{"id":184067,"date":"2025-06-17T19:17:12","date_gmt":"2025-06-17T19:17:12","guid":{"rendered":"https:\/\/www.europesays.com\/fr\/184067\/"},"modified":"2025-06-17T19:17:12","modified_gmt":"2025-06-17T19:17:12","slug":"je-suis-la-plus-avant-gardiste","status":"publish","type":"post","link":"https:\/\/www.europesays.com\/fr\/184067\/","title":{"rendered":"Je suis la plus avant-gardiste"},"content":{"rendered":"<p>            Par<br \/>\n        <strong><br \/>\n            <a href=\"https:\/\/actu.fr\/auteur\/augustin-delaporte\" title=\"Consulter tous les articles de Augustin Delaporte\" rel=\"nofollow noopener\" target=\"_blank\">Augustin Delaporte<\/a><br \/>\n        <\/strong><\/p>\n<p>        Publi\u00e9 le<\/p>\n<p>            17 juin 2025 \u00e0 19h22        <\/p>\n<p>Le caf\u00e9, c\u2019est l\u2019endroit choisi par <a href=\"https:\/\/actu.fr\/ile-de-france\/paris_75056\/municipales-2026-a-paris-qui-est-marion-waller-bebe-hidalgo-et-candidate-a-la-primaire-ps_62381569.html\" rel=\"nofollow noopener\" target=\"_blank\">Marion Waller<\/a> pour faire campagne. C\u2019est l\u00e0 que la directrice du Pavillon de l\u2019Arsenal, 32 ans, rencontre \u00e0 tour de bras des militants socialistes depuis mars, en vue de la primaire socialiste pr\u00e9vue les 30 juin et 1er juillet 2025. C\u2019est aussi l\u00e0 qu\u2019elle nous a donn\u00e9 rendez-vous, \u00e0 une adresse du <strong>quartier Saint-Ambroise,<\/strong> \u00e0 <a href=\"https:\/\/actu.fr\/paris\/dernieres-actus\" rel=\"nofollow noopener\" target=\"_blank\">Paris<\/a> (11e). Elle y a ses habitudes, et arrive avec dix petites minutes de retard et des heures de sommeil \u00e0 rattraper, visiblement. \u00ab\u00a0C\u2019est intense\u00a0\u00bb, r\u00e9p\u00e9tera-t-elle deux fois en nous quittant, apr\u00e8s une interview de pr\u00e8s d\u2019une heure.\u00a0<br \/>Comme si, d\u2019une certaine mani\u00e8re, le challenge de faire campagne pour la <a href=\"https:\/\/actu.fr\/tag\/mairie-de-paris\" rel=\"nofollow noopener\" target=\"_blank\">Mairie de Paris<\/a> surpassait l\u2019id\u00e9e qu\u2019elle s\u2019en \u00e9tait faite. Depuis le banc de la terrasse \u00e9ph\u00e9m\u00e8re, les promesses et les paillettes du <a href=\"https:\/\/actu.fr\/ile-de-france\/paris_75056\/municipales-2026-a-paris-dans-la-bataille-socialiste-marion-waller-n-a-pas-peur-d-etre-la-candidate-woke_62733408.html\" rel=\"nofollow noopener\" target=\"_blank\">meeting du 5 juin<\/a> avaient, d\u00e9j\u00e0, quelque peu <strong>perdu en \u00e9clat<\/strong>. Plusieurs relances auront \u00e9t\u00e9 n\u00e9cessaires pour obtenir des r\u00e9ponses concr\u00e8tes de la part de \u00ab\u00a0la challengeuse\u00a0\u00bb. Son \u0153il s\u2019est cependant illumin\u00e9 quand on a \u00e9voqu\u00e9 le d\u00e9fi qui l\u2019attend, face aux favoris <a href=\"https:\/\/actu.fr\/tag\/emmanuel-gregoire\" rel=\"nofollow noopener\" target=\"_blank\">Emmanuel Gr\u00e9goire<\/a> et <a href=\"https:\/\/actu.fr\/tag\/remi-feraud\" rel=\"nofollow noopener\" target=\"_blank\">R\u00e9mi F\u00e9raud<\/a>. Il lui reste d\u00e9sormais treize jours pour renverser la table. Entretien.<\/p>\n<p class=\" wall-content\"><b>actu Paris : Lors de la pr\u00e9sentation de votre programme, vous avez dit \u00e0 plusieurs reprises que le f\u00e9minisme avait jalonn\u00e9 votre parcours. Comment cela s\u2019est-il exprim\u00e9 ?<\/b><\/p>\n<p class=\" wall-content\"><strong>Marion Waller :<\/strong> \u00c7a vient de tr\u00e8s loin\u2026 Je pense que \u00e7a me travaille depuis le coll\u00e8ge, que, quelque part, <strong>j\u2019ai toujours \u00e9t\u00e9 assez \u00e9nerv\u00e9e<\/strong>. En classe, je faisais des interventions sur ces sujets. C\u2019est quelque chose que l\u2019on retrouvait dans mes devoirs, mes r\u00e9dactions. \u00c7a a rapidement \u00e9t\u00e9 une \u00e9vidence, parce que je suis une jeune femme, tout simplement.<\/p>\n<p class=\" wall-content\">Au travail, je n\u2019ai jamais accept\u00e9 que moi ou une autre se fasse couper la parole lors d\u2019un \u00e9v\u00e9nement. Il m\u2019est arriv\u00e9 d\u2019envoyer des mails pour faire remarquer une diff\u00e9rence de traitement. En 2020, j\u2019ai aussi cr\u00e9\u00e9 le collectif Fortes, pour porter les sujets f\u00e9ministes dans la campagne [d\u2019<a href=\"https:\/\/actu.fr\/tag\/anne-hidalgo\" rel=\"nofollow noopener\" target=\"_blank\">Anne Hidalgo<\/a>]. Il y avait d\u00e9j\u00e0 le sujet du cong\u00e9 menstruel, notamment.\u00a0<\/p>\n<blockquote class=\"ac-article-quote wall-content\">\n<p>Paris est un lieu refuge, il ne doit pas y avoir d&rsquo;ambigu\u00eft\u00e9<\/p>\n<p>    <strong>Marion Waller<\/strong>\n            <\/p><\/blockquote>\n<p class=\" wall-content\"><strong>actu Paris : Pourtant, dans <a href=\"https:\/\/marionwaller2026.fr\/programme\" rel=\"nofollow noopener\" target=\"_blank\">votre programme<\/a>, mis \u00e0 part celle concernant le cong\u00e9 parentalit\u00e9, aucune des 14 mesures ne cible directement la cause des femmes, ou la communaut\u00e9 LGBTQIA+<\/strong>.<\/p>\n<p class=\" wall-content\"><strong>M.W. :<\/strong> Je crois, avant tout, que c\u2019est<strong> une posture \u00e0 assumer<\/strong>, un d\u00e9bat id\u00e9ologique. La droite a beaucoup attaqu\u00e9 sur ce sujet-l\u00e0, mais c\u2019est \u00e9galement un point de clivage \u00e0 gauche. <a href=\"https:\/\/actu.fr\/ile-de-france\/paris_75056\/paris-le-plus-inhumain-qui-est-louis-de-lamoriciere-ce-general-controverse-vise-par-remi-feraud_62774910.html\" rel=\"nofollow noopener\" target=\"_blank\">R\u00e9mi F\u00e9raud<\/a>, par exemple, ne veut pas \u00eatre consid\u00e9r\u00e9 comme \u00ab\u00a0woke\u00a0\u00bb, c\u2019est ce qu\u2019il a dit lors du d\u00e9bat socialiste. Cela nous diff\u00e9rencie.\u00a0<\/p>\n<p>    <img   decoding=\"async\" loading=\"lazy\" src=\"https:\/\/www.europesays.com\/fr\/wp-content\/uploads\/2025\/06\/img-1708-960x640.jpg\" alt=\"Marion-Waller-Municipales-Paris-\" width=\"960\" height=\"640\"\/><br \/>\n    La benjamine \u00e0 la primaire socialiste 2025 avait officiellement lanc\u00e9 sa candidature le 16 mars dernier. (\u00a9AD \/ actu Paris)<\/p>\n<p class=\" wall-content\"><strong>actu Paris : Vous dites que c\u2019est principalement une posture, plus que des mesures \u00e0 prendre ?<\/strong><\/p>\n<p class=\" wall-content\"><strong>M.W. :<\/strong> Oui. Paris est un lieu refuge, il ne doit pas y avoir d\u2019ambigu\u00eft\u00e9.\u00a0<\/p>\n<p class=\" wall-content\"><strong>actu Paris : Concr\u00e8tement, comment cela s\u2019illustrerait dans votre politique ?<\/strong><\/p>\n<p class=\" wall-content\"><strong>M.W. :<\/strong> Nous devons mieux accueillir les femmes victimes de violences, en cr\u00e9ant des lieux comme la <a href=\"https:\/\/actu.fr\/ile-de-france\/saint-denis_93066\/saint-denis-une-maison-des-femmes-deux-fois-plus-grande-pour-accueillir-les-victimes-de-violence_45812250.html\" rel=\"nofollow noopener\" target=\"_blank\">Maison des femmes \u00e0 Saint-Denis<\/a>, o\u00f9 il y a un vrai accompagnement psychologique. L\u2019espace public doit aussi \u00eatre plus s\u00e9curis\u00e9, gr\u00e2ce \u00e0 la <a href=\"https:\/\/actu.fr\/ile-de-france\/paris_75056\/police-municipale-de-paris-equipee-de-cameras-pietons-qu-est-ce-que-ca-change_60368606.html\" rel=\"nofollow noopener\" target=\"_blank\">police municipale<\/a>.<\/p>\n<p class=\" wall-content\"><strong>actu Paris : C\u2019est-\u00e0-dire, en formant ses agents ?<\/strong><\/p>\n<p class=\" wall-content\"><strong>M. W. :<\/strong> Oui, par exemple. M\u00eame si je ne dis pas qu\u2019elle est n\u2019est pas <a href=\"https:\/\/actu.fr\/ile-de-france\/paris_75056\/on-en-revait-depuis-longtemps-a-paris-la-mairie-dote-enfin-la-police-municipale-d-un-lieu-de-formation_61021615.html\" rel=\"nofollow noopener\" target=\"_blank\">bien form\u00e9e aujourd\u2019hui<\/a>.\u00a0\u00a0<\/p>\n<p class=\" wall-content\"><strong>actu Paris : Lors de votre meeting du 5 juin, vous avez aussi \u00e9voqu\u00e9 l\u2019\u00e9clairage public. \u00cates-vous \u00eates sensible \u00e0 la notion d\u2019<a href=\"http:\/\/actu.fr\/ile-de-france\/paris_75056\/securite-paris-pourrait-experimenter-les-places-de-parking-reservees-aux-femmes_62476779.html\" rel=\"nofollow noopener\" target=\"_blank\">urbanisme f\u00e9ministe<\/a> ?<\/strong><\/p>\n<p class=\" wall-content\"><strong>M. W. :<\/strong> Je pense effectivement qu\u2019il faut <strong>se mettre \u00e0 la place des usag\u00e8res<\/strong>. Parce que, si l\u2019on pense les choses de fa\u00e7on neutre, on les fait pour un homme, d\u2019une certaine taille, etc.<\/p>\n<blockquote class=\"ac-article-quote wall-content\">\n<p>Nous sortons de deux mandats de transition&#8230; Le prochain servira \u00e0 r\u00e9guler tous ces changements<\/p>\n<p>    <strong>Marion Waller<\/strong>\n            <\/p><\/blockquote>\n<p class=\" wall-content\"><strong>actu Paris : Vous dites vous inscrire pleinement dans la continuit\u00e9 de la maire sortante, Anne Hidalgo. Si vous deviez retenir une chose de ses deux mandats, ce serait laquelle ?<\/strong><\/p>\n<p class=\" wall-content\"><strong>M.W. :<\/strong> La vitesse \u00e0 laquelle l\u2019espace public a \u00e9t\u00e9 transform\u00e9, sans aucun doute. C\u2019est fantastique. Il suffit d\u2019en parler \u00e0 l\u2019\u00e9tranger, personne n\u2019a fait aussi vite. Que cela soit les pistes cyclables, la <a href=\"https:\/\/actu.fr\/ile-de-france\/paris_75056\/quais-de-seine-vegetalises-500-rues-pietonnisees-comment-paris-compte-booster-sa-biodiversite-d-ici-2030_62474694.html\" rel=\"nofollow noopener\" target=\"_blank\">v\u00e9g\u00e9talisation<\/a>, etc. Selon moi, il y a un dossier qui illustre bien \u00e7a et auquel je suis fi\u00e8re d\u2019avoir particip\u00e9, c\u2019est celui des <strong>rues aux \u00e9coles<\/strong>.<\/p>\n<p>    <img   decoding=\"async\" loading=\"lazy\" src=\"https:\/\/www.europesays.com\/fr\/wp-content\/uploads\/2025\/06\/img-1709-960x640.jpg\" alt=\"Marion Waller, candidate surprise de la primaire socialiste \u00e0 Paris.\" width=\"960\" height=\"640\"\/><br \/>\n    Marion Waller, avec son programme \u00ab\u00a0Partager Paris\u00a0\u00bb dans les mains. (\u00a9AD \/ actu Paris)<\/p>\n<p class=\" wall-content\">Aujourd\u2019hui, il y en a un peu partout et c\u2019est un tr\u00e8s bel exemple de tout ce qui a \u00e9t\u00e9 fait \u00e0 Paris ces derni\u00e8res ann\u00e9es. Nous sortons de <strong>deux mandats de transition<\/strong> et je crois d\u00e9sormais que le prochain servira \u00e0 r\u00e9guler tous ces changements d\u2019infrastructures et leur impact sur les comportements, \u00e0 mieux cohabiter.<\/p>\n<p class=\" wall-content\"><strong>actu Paris : Il y aura moins de travaux \u00e0 Paris dans les mois et ann\u00e9es \u00e0 venir ?<\/strong><\/p>\n<p class=\" wall-content\"><strong>M.W. :<\/strong> Une certaine <a href=\"https:\/\/actu.fr\/ile-de-france\/paris_75056\/budget-2025-place-denfert-rochereau-subventions-a-stanislas-les-temps-forts-du-prochain-conseil-de-paris_61994563.html\" rel=\"nofollow noopener\" target=\"_blank\">sobri\u00e9t\u00e9 budg\u00e9taire est n\u00e9cessaire<\/a>, mais, d\u2019autre part, lorsqu\u2019on investit dans le logement, \u00e7a n\u2019est pas de l\u2019argent jet\u00e9 par les fen\u00eatres. Nous voulons beaucoup investir sur les th\u00e9matiques des in\u00e9galit\u00e9s sociales.<\/p>\n<blockquote class=\"ac-article-quote wall-content\">\n<p>Les jeunes doivent pouvoir \u00ab\u00a0vivre Paris\u00a0\u00bb, m\u00eame si c&rsquo;est dans une chambre de bonne. Aujourd&rsquo;hui, le risque qu&rsquo;ils ne puissent plus venir s&rsquo;y installer est pr\u00e9sent<\/p>\n<p>    <strong>Marion Waller<\/strong>\n            <\/p><\/blockquote>\n<p class=\" wall-content\"><strong>actu Paris : Votre engament a commenc\u00e9 avec la campagne d\u2019Anne Hidalgo en 2014, vous avez dit \u00eatre fi\u00e8re d\u2019avoir vot\u00e9 pour une femme de gauche et vous assumez enti\u00e8rement son bilan. Avez-vous, de fait, accept\u00e9 son choix de <a href=\"https:\/\/actu.fr\/ile-de-france\/paris_75056\/municipales-2026-remi-feraud-un-heritier-de-bertrand-delanoe-et-d-anne-hidalgo_61925942.html\" rel=\"nofollow noopener\" target=\"_blank\">d\u00e9signer R\u00e9mi F\u00e9raud comme successeur<\/a> ? Ou avez-vous \u00e9t\u00e9 surprise ?<\/strong><\/p>\n<p class=\" wall-content\"><strong>M.W. :<\/strong> Oui, j\u2019ai \u00e9t\u00e9 surprise [silence]. \u00c7a n\u2019est pas d\u2019une intronisation dont Paris a besoin pour son avenir, mais d\u2019un \u00e9lan, d\u2019un projet fort. Il n\u2019y a pas qu\u2019une seule mani\u00e8re d\u2019\u00eatre fid\u00e8le \u00e0 un bilan et, quoi qu\u2019il en soit, il y a une primaire\u2026<\/p>\n<p class=\" wall-content\"><strong>actu Paris : Savez-vous comment Anne Hidalgo a accueilli votre candidature, avez-vous \u00e9t\u00e9 en contact \u00e0 ce sujet ?<\/strong><\/p>\n<p class=\" wall-content\"><strong>M.W. :<\/strong> Non.\u00a0 \u00a0\u00a0<\/p>\n<p class=\" wall-content\"><strong>actu Paris : Si vous deviez d\u00e9gager deux grands enjeux du prochain mandat, quels seraient-ils ?<\/strong><\/p>\n<p class=\" wall-content\"><strong>M.W :<\/strong> Il y a d\u2019abord celui de la jeunesse. J\u2019ai eu une discussion \u00e0 ce sujet avec <a href=\"https:\/\/actu.fr\/ile-de-france\/paris_75056\/municipales-a-paris-chez-les-socialistes-bertrand-delanoe-a-fait-son-choix-et-ca-ne-plaira-a-anne-hidalgo_62410547.html\" rel=\"nofollow noopener\" target=\"_blank\">Bertrand Delano\u00eb<\/a>, qui m\u2019a beaucoup \u00e9mue. Elle tournait autour de \u00ab\u00a0la promesse de Paris\u00a0\u00bb, du fait que les jeunes doivent pouvoir \u00ab\u00a0vivre Paris\u00a0\u00bb, m\u00eame si c\u2019est dans une chambre de bonne. Aujourd\u2019hui, le <a href=\"https:\/\/actu.fr\/ile-de-france\/paris_75056\/recherche-d-appartements-etudiants-a-paris-la-ruee-a-deja-commence-jusqu-a-1-400-reponses-par-annonce_62769619.html\" rel=\"nofollow noopener\" target=\"_blank\">risque qu\u2019ils ne puissent plus venir s\u2019y installer<\/a> est pr\u00e9sent.\u00a0<\/p>\n<p>    <img   decoding=\"async\" loading=\"lazy\" src=\"https:\/\/www.europesays.com\/fr\/wp-content\/uploads\/2025\/06\/img-1713-960x640.jpg\" alt=\"Marion Waller\" width=\"960\" height=\"640\"\/><br \/>\n    Marion Waller est arriv\u00e9e \u00e0 Paris \u00e0 17 ans pour les \u00e9tudes. (\u00a9AD \/ actu Paris)<\/p>\n<p class=\" wall-content\">L\u2019autre enjeu, c\u2019est celui du <a href=\"https:\/\/actu.fr\/tag\/grand-paris-express\" rel=\"nofollow noopener\" target=\"_blank\">Grand Paris<\/a>. Nous devons repenser notre politique \u00e0 une autre \u00e9chelle. <strong>Paris n\u2019est pas une \u00eele<\/strong>. Quand on pense \u00e0 la pollution, on ne peut pas s\u2019arr\u00eater aux fronti\u00e8res de notre ville. <a href=\"https:\/\/actu.fr\/ile-de-france\/paris_75056\/peripherique-de-paris-a-50-km-h-une-punition-pour-les-banlieusards_61672934.html\" rel=\"nofollow noopener\" target=\"_blank\">Lorsqu\u2019on transforme le p\u00e9riph\u00e9rique<\/a>, il faut r\u00e9fl\u00e9chir \u00e0 le faire sur les autoroutes urbaines de la r\u00e9gion. Idem pour le logement, les transports, etc.<\/p>\n<p class=\" wall-content\">Aujourd\u2019hui, la coordination n\u2019existe pas vraiment, pourtant, il y a un outil avec la <a href=\"https:\/\/actu.fr\/tag\/metropole-du-grand-paris\" rel=\"nofollow noopener\" target=\"_blank\">M\u00e9tropole du Grand Paris<\/a>. Beaucoup n\u2019y croient plus, ils disent qu\u2019elle est \u00e0 droite\u2026 Mais le changement peut \u00eatre impuls\u00e9 par la Mairie de Paris et cela d\u00e9marre d\u00e8s la campagne.\u00a0<\/p>\n<blockquote class=\"ac-article-quote wall-content\">\n<p>Je crois que si la gauche n&rsquo;est que dans la continuit\u00e9, nous perdrons<\/p>\n<p>    <strong>Marion Waller<\/strong>\n            <\/p><\/blockquote>\n<p class=\" wall-content\"><strong>actu Paris : Dans les faits, comment comptez-vous proc\u00e9der ?<\/strong><\/p>\n<p class=\" wall-content\"><strong>M.W. :<\/strong> Il faut pr\u00e9senter un projet commun. <strong>Si 100 \u00e9lus de gauche portent une mesure<\/strong>, cela aura du poids\u2026<\/p>\n<p class=\" wall-content\"><strong>actu Paris : Certains vous soutiennent d\u00e9j\u00e0 ?<\/strong><\/p>\n<p class=\" wall-content\"><strong>M.W. :<\/strong> Il y a Soraya Jebari, qui \u00e9tait \u00e0 mon meeting\u2026 J\u2019ai aussi \u00e9chang\u00e9 avec une dizaine d\u2019entre eux avant de me lancer dans la primaire.\u00a0<\/p>\n<p class=\" wall-content\"><strong>actu Paris : Quand le projet commun pourrait-il \u00eatre finalis\u00e9 ?<\/strong><\/p>\n<p class=\" wall-content\"><strong>M.W. :<\/strong> Actuellement, le sujet est un peu sur pause avec la primaire, mais probablement fin 2025.<\/p>\n<p class=\" wall-content\"><strong>actu Paris : Trivialement, quels sont les atouts de votre candidature ?<\/strong><\/p>\n<p class=\" wall-content\"><strong>M.W. :<\/strong> J\u2019incarne le nouvel \u00e9lan, la voie pour raconter une nouvelle histoire. Cela s\u2019appuie sur des choses sur lesquelles j\u2019ai travaill\u00e9 ou que j\u2019ai v\u00e9cues. Je suis aussi la candidate la plus progressiste, la plus avant-gardiste. J\u2019ai un rapport diff\u00e9rent \u00e0 la politique que les deux autres candidats, plus os\u00e9.<\/p>\n<p class=\" wall-content\">Je me pr\u00e9sente du haut de mon exp\u00e9rience de jeune femme de 32 ans, et quand je dis \u00e7a, j\u2019estime que c\u2019est un plus. <strong>J\u2019apporte un regard neuf<\/strong>. Je crois que si la gauche n\u2019est que dans la continuit\u00e9, nous perdrons. Il y a besoin de fra\u00eecheur.\u00a0<\/p>\n<p>    <img   decoding=\"async\" loading=\"lazy\" src=\"https:\/\/www.europesays.com\/fr\/wp-content\/uploads\/2025\/06\/img-1698-960x640.jpg\" alt=\"Marion Waller\" width=\"960\" height=\"640\"\/><br \/>\n    Avant la primaire, Marion Waller multiplie les rencontres avec les militants du PS. (\u00a9AD \/ actu Paris)<\/p>\n<p class=\" wall-content\"><strong>actu Paris : \u00c0 la primaire socialiste du 30 juin, vous partez avec un important d\u00e9ficit d\u2019image par rapport \u00e0 l\u2019ancien premier adjoint, Emmanuel Gr\u00e9goire, et au candidat d\u00e9sign\u00e9 par Anne Hidalgo, R\u00e9mi F\u00e9raud. Quelle est votre strat\u00e9gie pour combler ce retard ?<\/strong><\/p>\n<p class=\" wall-content\"><strong>M. W. :<\/strong> Avec un travail de terrain. C\u2019est un petit monde et j\u2019essaie de rencontrer un maximum de militants, en me rendant dans toutes les sections et en proposant des caf\u00e9s \u00e0 ceux qui le souhaitent pour discuter. C\u2019est intense [elle r\u00e9p\u00e8te]\u2026 Ils ont tous les deux dirig\u00e9 la f\u00e9d\u00e9ration socialiste de Paris, <strong>je suis clairement la challengeuse<\/strong>.\u00a0<\/p>\n<p class=\" wall-content\"><strong>actu Paris : Si vous \u00e9tiez \u00e9lue maire de Paris en mars 2026, vous avez dit que votre premi\u00e8re mesure serait celle d\u2019instaurer le revenus jeunes. Pouvez-vous nous en dire plus sur l\u2019agenda de sa mise en place et la mani\u00e8re dont vous comptez le financer ?<\/strong><\/p>\n<p class=\" wall-content\"><strong>M. W. :<\/strong> C\u2019est une mesure que nous voudrions mettre en place<strong> d\u00e8s la premi\u00e8re ann\u00e9e du mandat<\/strong>. Elle sera financ\u00e9e par une taxation suppl\u00e9mentaire sur la sp\u00e9culation des transactions immobili\u00e8res \u00e9lev\u00e9es, comme la vente d\u2019un h\u00f4tel particulier \u00e0 100 000 euros. Concr\u00e8tement, cela sera 3000 euros par an, sous conditions de ressources. C\u2019est un exemple de ce que nous voulons faire en mati\u00e8re de redistribution.\u00a0<\/p>\n<p class=\" wall-content\">Suivez toute l\u2019actualit\u00e9 de vos villes et m\u00e9dias favoris en vous inscrivant \u00e0 <a href=\"https:\/\/moncompte.actu.fr\" title=\"D\u00e9couvez Mon Actu\" rel=\"nofollow noopener\" data-trk=\"{&quot;cta&quot;:{&quot;action&quot;:&quot;https:\\\/\\\/moncompte.actu.fr&quot;,&quot;category&quot;:&quot;mon compte&quot;,&quot;from&quot;:&quot;article footer&quot;,&quot;name&quot;:&quot;Mon actu&quot;,&quot;type&quot;:&quot;cta&quot;}}\" target=\"_blank\">Mon Actu<\/a>.<\/p>\n<ul class=\"ac-article-tag wall-content\">\n<li><a href=\"https:\/\/actu.fr\/tag\/mairie-de-paris\" data-trk=\"{&quot;cta&quot;:{&quot;action&quot;:&quot;Mairie de Paris&quot;,&quot;category&quot;:&quot;tag&quot;,&quot;from&quot;:&quot;article footer&quot;,&quot;name&quot;:&quot;Mairie de Paris&quot;,&quot;type&quot;:&quot;cta&quot;}}\" rel=\"nofollow noopener\" target=\"_blank\">#Mairie de Paris<\/a><\/li>\n<li><a href=\"https:\/\/actu.fr\/tag\/municipales-2026\" data-trk=\"{&quot;cta&quot;:{&quot;action&quot;:&quot;Municipales 2026&quot;,&quot;category&quot;:&quot;tag&quot;,&quot;from&quot;:&quot;article footer&quot;,&quot;name&quot;:&quot;Municipales 2026&quot;,&quot;type&quot;:&quot;cta&quot;}}\" rel=\"nofollow noopener\" target=\"_blank\">#Municipales 2026<\/a><\/li>\n<\/ul>\n","protected":false},"excerpt":{"rendered":"Par Augustin Delaporte Publi\u00e9 le 17 juin 2025 \u00e0 19h22 Le caf\u00e9, c\u2019est l\u2019endroit choisi par Marion Waller&hellip;\n","protected":false},"author":2,"featured_media":184068,"comment_status":"","ping_status":"","sticky":false,"template":"","format":"standard","meta":{"footnotes":""},"categories":[1888],"tags":[1111,1928,11,1927,1777,674,1011,27,2381,3434,12,1926,626,1925,25,104],"class_list":{"0":"post-184067","1":"post","2":"type-post","3":"status-publish","4":"format-standard","5":"has-post-thumbnail","7":"category-paris","8":"tag-actu","9":"tag-actu-paris","10":"tag-actualites","11":"tag-actualites-paris","12":"tag-eu","13":"tag-europe","14":"tag-fr","15":"tag-france","16":"tag-mairie-de-paris","17":"tag-municipales-2026","18":"tag-news","19":"tag-news-paris","20":"tag-paris","21":"tag-paris-news","22":"tag-republique-francaise","23":"tag-societe"},"share_on_mastodon":{"url":"https:\/\/pubeurope.com\/@fr\/114700317193709053","error":""},"_links":{"self":[{"href":"https:\/\/www.europesays.com\/fr\/wp-json\/wp\/v2\/posts\/184067","targetHints":{"allow":["GET"]}}],"collection":[{"href":"https:\/\/www.europesays.com\/fr\/wp-json\/wp\/v2\/posts"}],"about":[{"href":"https:\/\/www.europesays.com\/fr\/wp-json\/wp\/v2\/types\/post"}],"author":[{"embeddable":true,"href":"https:\/\/www.europesays.com\/fr\/wp-json\/wp\/v2\/users\/2"}],"replies":[{"embeddable":true,"href":"https:\/\/www.europesays.com\/fr\/wp-json\/wp\/v2\/comments?post=184067"}],"version-history":[{"count":0,"href":"https:\/\/www.europesays.com\/fr\/wp-json\/wp\/v2\/posts\/184067\/revisions"}],"wp:featuredmedia":[{"embeddable":true,"href":"https:\/\/www.europesays.com\/fr\/wp-json\/wp\/v2\/media\/184068"}],"wp:attachment":[{"href":"https:\/\/www.europesays.com\/fr\/wp-json\/wp\/v2\/media?parent=184067"}],"wp:term":[{"taxonomy":"category","embeddable":true,"href":"https:\/\/www.europesays.com\/fr\/wp-json\/wp\/v2\/categories?post=184067"},{"taxonomy":"post_tag","embeddable":true,"href":"https:\/\/www.europesays.com\/fr\/wp-json\/wp\/v2\/tags?post=184067"}],"curies":[{"name":"wp","href":"https:\/\/api.w.org\/{rel}","templated":true}]}}