{"id":184071,"date":"2025-06-17T19:19:18","date_gmt":"2025-06-17T19:19:18","guid":{"rendered":"https:\/\/www.europesays.com\/fr\/184071\/"},"modified":"2025-06-17T19:19:18","modified_gmt":"2025-06-17T19:19:18","slug":"le-cafe-du-cycliste-se-dote-dune-premiere-boutique-parisienne","status":"publish","type":"post","link":"https:\/\/www.europesays.com\/fr\/184071\/","title":{"rendered":"Le Caf\u00e9 du cycliste se dote d&rsquo;une premi\u00e8re boutique parisienne"},"content":{"rendered":"<p class=\"article-content col-md-8 offset-md-1\">\n                                Sur le march\u00e9 en plein essor du cyclisme premium, le Caf\u00e9 du cycliste trace sa route et se d\u00e9veloppe sur le plan retail. La marque fran\u00e7aise n\u00e9e en 2010 vient de se donner une premi\u00e8re adresse \u00e0 Paris. Elle investit le c\u0153ur de la capitale en choisissant le Sentier (IIe arrondissement), au 15 rue Saint-Fiacre. Un \u00e9crin qui vient rejoindre un parc d\u00e9j\u00e0 compos\u00e9 de trois unit\u00e9s, situ\u00e9es pr\u00e8s de sites de pratique \u00e0 Nice, \u00e0 B\u00e9douin (pr\u00e8s du Mont-Ventoux), une unit\u00e9 ouverte l&rsquo;an dernier, et \u00e0 Majorque dans les Bal\u00e9ares.<\/p>\n<p><img decoding=\"async\" class=\"news-image\" style=\"width:100%;\" src=\"https:\/\/www.europesays.com\/fr\/wp-content\/uploads\/2025\/06\/a701.jpg\" alt=\"La marque a investi le rez-de-chauss\u00e9e et le sous-sol de ce b\u00e2timent industriel du d\u00e9but du XXe si\u00e8cle\" loading=\"lazy\"\/>La marque a investi le rez-de-chauss\u00e9e et le sous-sol de ce b\u00e2timent industriel du d\u00e9but du XXe si\u00e8cle &#8211; Caf\u00e9 du cycliste<\/p>\n<p class=\"col-md-8 offset-md-1 article-content--texte\">L&rsquo;entreprise certifi\u00e9e B.Corp s&rsquo;installe dans une rue o\u00f9 se trouvent \u00e9galement les marques premium <a class=\"fnwAddLinks\" href=\"https:\/\/ma.fashionnetwork.com\/tags-sezane\" title=\"S\u00e9zane\" target=\"_blank\" rel=\"noopener\">S\u00e9zane<\/a>, Octobre Editions ou The Socialite Family. Une large fa\u00e7ade, \u00e0 un croisement de rue, lui assure une belle visibilit\u00e9. Le point de vente de 200 m\u00e8tres carr\u00e9s s&rsquo;\u00e9tend sur deux niveaux et affiche un sol en b\u00e9ton, des murs blancs et un plafond brut, dans un esprit industriel. C&rsquo;est le studio de design A.S.L. qui a fa\u00e7onn\u00e9 la refonte de ce lieu.<\/p>\n<p><img decoding=\"async\" class=\"news-image\" style=\"width:100%;\" src=\"https:\/\/www.europesays.com\/fr\/wp-content\/uploads\/2025\/06\/43db.jpg\" alt=\"\" loading=\"lazy\"\/> Caf\u00e9 du cycliste<\/p>\n<p class=\"col-md-8 offset-md-1 article-content--texte\">La boutique distribue les collections de la marque pour homme et femme d\u00e9di\u00e9es \u00e0 la pratique du cycle, c\u00f4t\u00e9 route, gravel ou encore VTT. Il est aussi possible d&rsquo;y boire un caf\u00e9, ou de stationner son v\u00e9lo. Un studio de personnalisation est aussi de la partie, permettant de cr\u00e9er sa pi\u00e8ce textile unique. De plus, un club cr\u00e9\u00e9 sur le r\u00e9seau sportif Strava est d\u00e9j\u00e0 reli\u00e9 au point de vente, qui propose des sorties v\u00e9lo en groupe.<\/p>\n<p><img decoding=\"async\" class=\"news-image\" style=\"width:100%;\" src=\"https:\/\/www.europesays.com\/fr\/wp-content\/uploads\/2025\/06\/fb68.jpg\" alt=\"L'espace personnalisation au sous-sol\" loading=\"lazy\"\/>L&rsquo;espace personnalisation au sous-sol &#8211; Caf\u00e9 du cycliste<\/p>\n<p class=\"col-md-8 offset-md-1 article-content--texte\">\u00ab\u00a0Paris est aujourd\u2019hui l\u2019une des meilleures villes cyclables d\u2019Europe. Et ce n\u2019est pas uniquement gr\u00e2ce au passage annuel du Tour de France ou au r\u00e9cent succ\u00e8s de la course olympique sur route. Le v\u00e9lo est d\u00e9sormais plus populaire que la voiture pour les trajets quotidiens. Ce n\u2019\u00e9tait donc qu\u2019une question de temps avant que nous ne fassions le voyage de la M\u00e9diterran\u00e9e \u00e0 la capitale\u00a0\u00bb, exprime R\u00e9mi Clermont, qui a cofond\u00e9 la marque avec <a class=\"fnwAddLinks\" href=\"https:\/\/ma.fashionnetwork.com\/tags-andre\" title=\"Andr\u00e9\" target=\"_blank\" rel=\"noopener\">Andr\u00e9<\/a> Stewart il y a quinze ans.<\/p>\n<p>La Caf\u00e9 du cycliste, qui cultive un esprit communautaire, a accueilli en 2021 un nouvel investisseur minoritaire, Gregory Mager (<a class=\"fnwAddLinks\" href=\"https:\/\/ma.fashionnetwork.com\/tags-maesa\" title=\"Maesa\" target=\"_blank\" rel=\"noopener\">Maesa<\/a>), <a href=\"https:\/\/fr.fashionnetwork.com\/news\/Le-cafe-du-cycliste-trace-sa-route,1388953.html\" target=\"_blank\" rel=\"noopener\">afin d&rsquo;accompagner la forte croissance de la soci\u00e9t\u00e9, aliment\u00e9e donc par l&rsquo;engouement pour le v\u00e9lo<\/a>.\n                            <\/p>\n<p>\n                                Tous droits de reproduction et de repr\u00e9sentation r\u00e9serv\u00e9s.<br \/>\u00a9 2025 FashionNetwork.com\n                            <\/p>\n","protected":false},"excerpt":{"rendered":"Sur le march\u00e9 en plein essor du cyclisme premium, le Caf\u00e9 du cycliste trace sa route et se&hellip;\n","protected":false},"author":2,"featured_media":184072,"comment_status":"","ping_status":"","sticky":false,"template":"","format":"standard","meta":{"footnotes":""},"categories":[1888],"tags":[11,15496,2424,537,2423,1777,674,1011,27,2425,32199,985,12,2298,626,2426,2427,25,2421,8116,2422],"class_list":{"0":"post-184071","1":"post","2":"type-post","3":"status-publish","4":"format-standard","5":"has-post-thumbnail","7":"category-paris","8":"tag-actualites","9":"tag-andre","10":"tag-beaute","11":"tag-contact","12":"tag-cosmetiques","13":"tag-eu","14":"tag-europe","15":"tag-fr","16":"tag-france","17":"tag-luxe","18":"tag-maesa","19":"tag-mode","20":"tag-news","21":"tag-parfum","22":"tag-paris","23":"tag-professionnel","24":"tag-professionnels","25":"tag-republique-francaise","26":"tag-reseau","27":"tag-sezane","28":"tag-textile"},"share_on_mastodon":{"url":"https:\/\/pubeurope.com\/@fr\/114700325027930118","error":""},"_links":{"self":[{"href":"https:\/\/www.europesays.com\/fr\/wp-json\/wp\/v2\/posts\/184071","targetHints":{"allow":["GET"]}}],"collection":[{"href":"https:\/\/www.europesays.com\/fr\/wp-json\/wp\/v2\/posts"}],"about":[{"href":"https:\/\/www.europesays.com\/fr\/wp-json\/wp\/v2\/types\/post"}],"author":[{"embeddable":true,"href":"https:\/\/www.europesays.com\/fr\/wp-json\/wp\/v2\/users\/2"}],"replies":[{"embeddable":true,"href":"https:\/\/www.europesays.com\/fr\/wp-json\/wp\/v2\/comments?post=184071"}],"version-history":[{"count":0,"href":"https:\/\/www.europesays.com\/fr\/wp-json\/wp\/v2\/posts\/184071\/revisions"}],"wp:featuredmedia":[{"embeddable":true,"href":"https:\/\/www.europesays.com\/fr\/wp-json\/wp\/v2\/media\/184072"}],"wp:attachment":[{"href":"https:\/\/www.europesays.com\/fr\/wp-json\/wp\/v2\/media?parent=184071"}],"wp:term":[{"taxonomy":"category","embeddable":true,"href":"https:\/\/www.europesays.com\/fr\/wp-json\/wp\/v2\/categories?post=184071"},{"taxonomy":"post_tag","embeddable":true,"href":"https:\/\/www.europesays.com\/fr\/wp-json\/wp\/v2\/tags?post=184071"}],"curies":[{"name":"wp","href":"https:\/\/api.w.org\/{rel}","templated":true}]}}