{"id":184073,"date":"2025-06-17T19:20:10","date_gmt":"2025-06-17T19:20:10","guid":{"rendered":"https:\/\/www.europesays.com\/fr\/184073\/"},"modified":"2025-06-17T19:20:10","modified_gmt":"2025-06-17T19:20:10","slug":"cest-si-triste-de-voir-son-pays-partir-en-fumee-a-paris-la-diaspora-iranienne-en-plein-desarroi","status":"publish","type":"post","link":"https:\/\/www.europesays.com\/fr\/184073\/","title":{"rendered":"\u00ab C\u2019est si triste de voir son pays partir en fum\u00e9e \u00bb : \u00e0 Paris, la diaspora iranienne en plein d\u00e9sarroi"},"content":{"rendered":"<p class=\"paragraph text_align_left lp-f-body-02\">\u00ab Vous vous rappelez les rues pendant le Covid ? Et bien, T\u00e9h\u00e9ran aujourd\u2019hui, c\u2019est comme \u00e7a, <a href=\"https:\/\/www.leparisien.fr\/international\/ca-y-est-nous-sommes-dans-une-guerre-en-iran-la-population-craint-lescalade-13-06-2025-GIKNK2Q2LRBWVAMZ7XTNPWXRXI.php\" target=\"_self\" rel=\"nofollow noopener\">mais avec des bombes \u00bb,<\/a> raconte ce commer\u00e7ant de la rue des Entrepreneurs, une art\u00e8re du quartier iranien dans le 15e arrondissement parisien. Comme beaucoup, il ne souhaitera pas donner son pr\u00e9nom \u2013 nombreux sont ceux qui ont carr\u00e9ment pr\u00e9f\u00e9r\u00e9 ne pas t\u00e9moigner \u2013, signe de la crainte qu\u2019inspire ce r\u00e9gime, m\u00eame \u00e0 5000 kilom\u00e8tres de l\u00e0.<\/p>\n<p class=\"paragraph text_align_left lp-f-body-02\">Dans son \u00e9picerie fine, o\u00f9 les odeurs de plantes aromatiques rappellent les \u00e9tals du bazar de T\u00e9h\u00e9ran, le trentenaire raconte que son cousin qu\u2019il arrive \u00e0 joindre tous les jours \u00ab a envoy\u00e9 sa femme et ses enfants dans une ville de banlieue et continue d\u2019aller tous les jours au travail \u00bb. Un peu comme s\u2019il refusait de r\u00e9aliser ce qu\u2019il se passe.<\/p>\n","protected":false},"excerpt":{"rendered":"\u00ab Vous vous rappelez les rues pendant le Covid ? Et bien, T\u00e9h\u00e9ran aujourd\u2019hui, c\u2019est comme \u00e7a, mais&hellip;\n","protected":false},"author":2,"featured_media":184074,"comment_status":"","ping_status":"","sticky":false,"template":"","format":"standard","meta":{"footnotes":""},"categories":[1888],"tags":[11,1777,674,1011,27,14,3019,12,626,25,104],"class_list":{"0":"post-184073","1":"post","2":"type-post","3":"status-publish","4":"format-standard","5":"has-post-thumbnail","7":"category-paris","8":"tag-actualites","9":"tag-eu","10":"tag-europe","11":"tag-fr","12":"tag-france","13":"tag-international","14":"tag-iran","15":"tag-news","16":"tag-paris","17":"tag-republique-francaise","18":"tag-societe"},"share_on_mastodon":{"url":"https:\/\/pubeurope.com\/@fr\/114700328871134125","error":""},"_links":{"self":[{"href":"https:\/\/www.europesays.com\/fr\/wp-json\/wp\/v2\/posts\/184073","targetHints":{"allow":["GET"]}}],"collection":[{"href":"https:\/\/www.europesays.com\/fr\/wp-json\/wp\/v2\/posts"}],"about":[{"href":"https:\/\/www.europesays.com\/fr\/wp-json\/wp\/v2\/types\/post"}],"author":[{"embeddable":true,"href":"https:\/\/www.europesays.com\/fr\/wp-json\/wp\/v2\/users\/2"}],"replies":[{"embeddable":true,"href":"https:\/\/www.europesays.com\/fr\/wp-json\/wp\/v2\/comments?post=184073"}],"version-history":[{"count":0,"href":"https:\/\/www.europesays.com\/fr\/wp-json\/wp\/v2\/posts\/184073\/revisions"}],"wp:featuredmedia":[{"embeddable":true,"href":"https:\/\/www.europesays.com\/fr\/wp-json\/wp\/v2\/media\/184074"}],"wp:attachment":[{"href":"https:\/\/www.europesays.com\/fr\/wp-json\/wp\/v2\/media?parent=184073"}],"wp:term":[{"taxonomy":"category","embeddable":true,"href":"https:\/\/www.europesays.com\/fr\/wp-json\/wp\/v2\/categories?post=184073"},{"taxonomy":"post_tag","embeddable":true,"href":"https:\/\/www.europesays.com\/fr\/wp-json\/wp\/v2\/tags?post=184073"}],"curies":[{"name":"wp","href":"https:\/\/api.w.org\/{rel}","templated":true}]}}