{"id":184083,"date":"2025-06-17T19:25:11","date_gmt":"2025-06-17T19:25:11","guid":{"rendered":"https:\/\/www.europesays.com\/fr\/184083\/"},"modified":"2025-06-17T19:25:11","modified_gmt":"2025-06-17T19:25:11","slug":"ils-ne-peuvent-pas-etre-les-oublies-de-lhistoire-nouvelle-etape-dans-les-demandes-dalbert-et-erpilio-deportes-et-forces-a-travailler-en-allemagne-2","status":"publish","type":"post","link":"https:\/\/www.europesays.com\/fr\/184083\/","title":{"rendered":"\u00ab\u00a0Ils ne peuvent pas \u00eatre les oubli\u00e9s de l\u2019Histoire\u00a0\u00bb: nouvelle \u00e9tape dans les demandes d&rsquo;Albert et Erpilio, d\u00e9port\u00e9s et forc\u00e9s \u00e0 travailler en Allemagne"},"content":{"rendered":"<p>13 mars 1943.\u00a0Alors qu&rsquo;il d\u00e9bute son travail au restaurant la Daurade, situ\u00e9 sur le Vieux-Port de Marseille, Albert, 20 ans, est interpell\u00e9 par deux\u00a0soldats allemands. Ils lui prennent ses papiers.\u00a0<\/p>\n<p><strong>Avec des centaines d&rsquo;autres jeunes, le Marseillais est contraint de monter dans un train \u00e0 la gare Saint-Charles<\/strong>. Choqu\u00e9 et en d\u00e9tresse, il\u00a0n&rsquo;apprend sa destination qu&rsquo;\u00e0 l&rsquo;arriv\u00e9e. Il est d\u00e9barqu\u00e9 \u00e0 Ludwigshafen, ville o\u00f9 se trouve la principale usine de l\u2019entreprise chimique allemande IG Farben (on y fabrique notamment le gaz Zyklon B utilis\u00e9 dans les chambres \u00e0 gaz).\u00a0<\/p>\n<p>Pendant dix-huit mois, le jeune homme est<strong>\u00a0forc\u00e9 \u00e0 remplir des wagons de charbon<\/strong>, six jours sur sept, 10 heures par jour. Albert subit \u00e9galement les bombardements des Anglais et des Am\u00e9ricains\u00a0\u00ab\u00a0en pensant chaque jour qu&rsquo;il va y rester\u00a0\u00bb. Il perd des milliers de coll\u00e8gues.\u00a0Un jour, il est\u00a0\u00ab\u00a0pris par\u00a0<strong>une bombe \u00e0 retardement\u00a0\u00bb<\/strong><strong>\u00a0qui explose<\/strong>\u00a0et\u00a0<strong>lui traverse enti\u00e8rement le bras droit<\/strong>.\u00a0<\/p>\n<p>              <img ci-src=\"https:\/\/www.nicematin.com\/histoire\/CorrieriPhoto1-CndkOSml-MbXo4bFB-aXspkyBG-qALu7cXN-O3ZApp2T.webp?ci_seal=553011ae3a\" alt=\"\"\/><br \/>\n        Albert Corrieri avait 20 ans quand il a \u00e9t\u00e9 d\u00e9port\u00e9 en Allemagne.  <strong>Photo DR..<\/strong> <\/p>\n<p>                                \u00ab\u00a0Des repr\u00e9sailles envers ma famille\u00a0\u00bb<\/p>\n<p>\u00c0 200 kilom\u00e8tres de l\u00e0, c&rsquo;est au tour d&rsquo;un autre jeune homme d&rsquo;\u00eatre contraint de monter dans un convoi, cette fois-ci en gare de Nice. Erpilio a d\u00e9j\u00e0 re\u00e7u deux convocations auxquelles il n&rsquo;a pas r\u00e9pondu. Mais le troisi\u00e8me courrier ne lui laisse plus le choix:\u00a0\u00ab\u00a0On me priait de me pr\u00e9senter instamment \u00e0 l\u2019adresse indiqu\u00e9e et <strong>si je ne le faisais pas, des repr\u00e9sailles pouvaient \u00eatre exerc\u00e9es envers ma famille. Il citait p\u00e8re, m\u00e8re, fr\u00e8re ou s\u0153ur.<\/strong>\u00a0\u00bb\u00a0<\/p>\n<p>Apr\u00e8s un long voyage, le Ni\u00e7ois descend \u00e0 Oberkassel, un district de D\u00fcsseldorf, \u00e0 l\u2019est de l\u2019Allemagne, \u00e0 1.200 km de la C\u00f4te d\u2019Azur. On\u00a0le conduit dans une usine priv\u00e9e, la Deutsch Delta Metal\u00a0\u00ab\u00a0qui travaillait certainement pour la d\u00e9fense allemande\u00a0\u00bb. Ayant\u00a0suivi des cours d\u2019\u00e9lectricit\u00e9 dans une \u00e9cole \u00e0 Nice, est charg\u00e9 de s\u2019occuper de r\u00e9parer les machines qui tombent en panne.\u00a0Tout comme Albert,\u00a0<strong>Erpilio subit de nombreux bombardements des Am\u00e9ricains<\/strong>.\u00a0\u00ab\u00a0Il y en avait tous les jours, de jour ou de nuit. C\u2019\u00e9tait ce qui \u00e9tait le plus dangereux.\u00a0\u00bb<\/p>\n<p>\u00c0 la fin de la guerre, Albert et Erpilio sont renvoy\u00e9s chez eux. Ils auront fait partie des 650.000 jeunes Fran\u00e7ais d\u00e9port\u00e9s dans le cadre du Service du travail obligatoire\u00a0mis en place par le r\u00e9gime de Vichy. Environ 250.000 ne sont pas revenus.<\/p>\n<p>              <img ci-src=\"https:\/\/www.nicematin.com\/histoire\/IMG_4286-5KwLP6kn-bJdUx1tE.webp?ci_seal=996e7f11f4\" alt=\"\"\/><br \/>\n        Erpilio Trovati, alors qu&rsquo;il avait 20 ans, peu de temps avant d&rsquo;\u00eatre d\u00e9port\u00e9 en Allemagne. <strong>Photo S.B.\/NM .<\/strong> <\/p>\n<p>                                Le combat<\/p>\n<p>Albert, d\u00e8s 1957, d\u00e9bute des d\u00e9marches pour <strong>demander r\u00e9paration apr\u00e8s ce qu\u2019il a subi \u00e0 cause de l\u2019\u00c9tat fran\u00e7ais<\/strong> (r\u00e9gime de 1940 \u00e0 1944). Mais il peine \u00e0 se faire entendre. Il y a quelques ann\u00e9es, il d\u00e9cide de r\u00e9unir un historien marseillais, Michel Ficetola et un avocat, Me Michel Pautot, pour l&rsquo;aider.\u00a0<\/p>\n<p><strong>Apr\u00e8s deux tentatives de d\u00e9marches \u00e0 l&rsquo;amiable aupr\u00e8s de l&rsquo;ONaCVG<\/strong> (Office national des combattants et des victimes de guerre), <strong>Me Pautot d\u00e9cide de porter l&rsquo;affaire au tribunal administratif de Marseille<\/strong>. Si on ne lui paye pas le pr\u00e9judice moral qu\u2019il a subi, Albert veut au moins que l\u2019\u00c9tat l&rsquo;indemnise pour le travail qu\u2019il a effectu\u00e9. \u00c0 raison de 10\u20ac de l\u2019heure en tant que travailleur manuel qualifi\u00e9 dans l&rsquo;usine pendant dix-huit mois, cela repr\u00e9sente une r\u00e9paration financi\u00e8re de 43.200\u20ac.<\/p>\n<p>Erpilio et son petit-fils entendent alors parler de la d\u00e9marche et d\u00e9cident aussi de lancer une proc\u00e9dure avec Me Pautot. La demande de r\u00e9paration s&rsquo;\u00e9l\u00e8ve \u00e0 33.400\u20ac.\u00a0<\/p>\n<p>Les demandes <a href=\"https:\/\/www.nicematin.com\/histoire\/la-france-refuse-toujours-dassumer-ses-responsabilites-premiere-audience-a-nice-dans-le-combat-d-erpilio-101-ans-deporte-et-force-a-travailler-en-allemagne-pendant-la-seconde-guerre-mondiale-967693\" target=\"_blank\" rel=\"noopener\">d&rsquo;Erpilio<\/a> et <a href=\"https:\/\/www.nicematin.com\/histoire\/on-n-est-plus-le-pays-des-droits-de-l-homme-demande-rejetee-pour-albert-102-ans-deporte-et-force-a-travailler-en-allemagne-pendant-la-seconde-guerre-mondiale-978530\" target=\"_blank\" rel=\"noopener\">d&rsquo;Albert<\/a>\u00a0ont \u00e9t\u00e9\u00a0<strong>rejet\u00e9es en premi\u00e8re instance, \u00e9tant prescrites selon la justice<\/strong>.\u00a0<\/p>\n<p>\u00ab\u00a0En attente d&rsquo;un geste fort de la R\u00e9publique\u00a0\u00bb<\/p>\n<p>La suite pour les deux centenaires se d\u00e9roulera<strong> devant la cour administrative d&rsquo;appel de Marseille le 24 juin prochain<\/strong>. \u00ab\u00a0Messieurs Trovati et Corrieri ont droit \u00e0 une indemnisation de la R\u00e9publique pour la &lsquo;d\u00e9portation&rsquo; et le &lsquo;travail forc\u00e9&rsquo; qui leur a \u00e9t\u00e9 impos\u00e9 dans les usines allemandes, ces actes \u00e9tant reconnus et qualifi\u00e9s de &lsquo;crime contre l\u2019humanit\u00e9&rsquo; par les conventions internationales mais aussi <a href=\"https:\/\/www.legifrance.gouv.fr\/codes\/article_lc\/LEGIARTI000006494561\/2023-06-27#:~:text=Aujourd&#039;hui-,Loi%20n%C2%B0%2064%2D1326%20du%2026%20d%C3%A9cembre%201964%20tendant,&#039;humanit%C3%A9%20(1).%20%C2%BB\" target=\"_blank\" rel=\"noopener\">la loi fran\u00e7aise<\/a>\u00ab\u00a0.<\/p>\n<p>Et d&rsquo;ajouter: \u00ab\u00a0<strong>Ils sont parmi les seuls survivants de cette sinistre p\u00e9riode<\/strong>. Les victimes du STO ne peuvent pas \u00eatre les &lsquo;oubli\u00e9s&rsquo; ou les &lsquo;invisibles&rsquo; de l\u2019histoire.<strong> La R\u00e9publique est redevable envers ces hommes que le r\u00e9gime de Vichy a contraint et forc\u00e9 de travailler avec l&rsquo;ennemi<\/strong>. C&rsquo;est un devoir, une obligation de notre R\u00e9publique de s&rsquo;en souvenir mais aussi d&rsquo;indemniser ces d\u00e9port\u00e9s du travail. Avec cette proc\u00e9dure, <strong>nous sommes en attente d&rsquo;un geste fort<\/strong> envers ces plaignants de la part de la R\u00e9publique fran\u00e7aise qui vient de c\u00e9l\u00e9brer les 80 ans du 8 mai 1945&Prime;.<\/p>\n","protected":false},"excerpt":{"rendered":"13 mars 1943.\u00a0Alors qu&rsquo;il d\u00e9bute son travail au restaurant la Daurade, situ\u00e9 sur le Vieux-Port de Marseille, Albert,&hellip;\n","protected":false},"author":2,"featured_media":183959,"comment_status":"","ping_status":"","sticky":false,"template":"","format":"standard","meta":{"footnotes":""},"categories":[1587],"tags":[11,672,1804,10411,1805,1803,1777,674,1801,937,12,1802],"class_list":{"0":"post-184083","1":"post","2":"type-post","3":"status-publish","4":"format-standard","5":"has-post-thumbnail","7":"category-allemagne","8":"tag-actualites","9":"tag-allemagne","10":"tag-bundesrepublik-deutschland","11":"tag-conflits","12":"tag-de","13":"tag-deutschland","14":"tag-eu","15":"tag-europe","16":"tag-germany","17":"tag-histoire","18":"tag-news","19":"tag-republique-federale-dallemagne"},"share_on_mastodon":{"url":"https:\/\/pubeurope.com\/@fr\/114700348672715939","error":""},"_links":{"self":[{"href":"https:\/\/www.europesays.com\/fr\/wp-json\/wp\/v2\/posts\/184083","targetHints":{"allow":["GET"]}}],"collection":[{"href":"https:\/\/www.europesays.com\/fr\/wp-json\/wp\/v2\/posts"}],"about":[{"href":"https:\/\/www.europesays.com\/fr\/wp-json\/wp\/v2\/types\/post"}],"author":[{"embeddable":true,"href":"https:\/\/www.europesays.com\/fr\/wp-json\/wp\/v2\/users\/2"}],"replies":[{"embeddable":true,"href":"https:\/\/www.europesays.com\/fr\/wp-json\/wp\/v2\/comments?post=184083"}],"version-history":[{"count":0,"href":"https:\/\/www.europesays.com\/fr\/wp-json\/wp\/v2\/posts\/184083\/revisions"}],"wp:featuredmedia":[{"embeddable":true,"href":"https:\/\/www.europesays.com\/fr\/wp-json\/wp\/v2\/media\/183959"}],"wp:attachment":[{"href":"https:\/\/www.europesays.com\/fr\/wp-json\/wp\/v2\/media?parent=184083"}],"wp:term":[{"taxonomy":"category","embeddable":true,"href":"https:\/\/www.europesays.com\/fr\/wp-json\/wp\/v2\/categories?post=184083"},{"taxonomy":"post_tag","embeddable":true,"href":"https:\/\/www.europesays.com\/fr\/wp-json\/wp\/v2\/tags?post=184083"}],"curies":[{"name":"wp","href":"https:\/\/api.w.org\/{rel}","templated":true}]}}