{"id":18410,"date":"2025-04-11T22:29:22","date_gmt":"2025-04-11T22:29:22","guid":{"rendered":"https:\/\/www.europesays.com\/fr\/18410\/"},"modified":"2025-04-11T22:29:22","modified_gmt":"2025-04-11T22:29:22","slug":"lea-est-dans-le-coma-samuel-risque-de-se-faire-virer-hector-rejette-vanessa-le-resume-de-lepisode-310-du-lundi-14-avril-2025","status":"publish","type":"post","link":"https:\/\/www.europesays.com\/fr\/18410\/","title":{"rendered":"L\u00e9a est dans le coma, Samuel risque de se faire virer, Hector rejette Vanessa&#8230; Le r\u00e9sum\u00e9 de l&rsquo;\u00e9pisode 310 du lundi 14 avril 2025"},"content":{"rendered":"<p>Dans Plus belle la vie, encore plus belle, la juge Colbert pr\u00e9vient le commissariat qu&rsquo;elle a saisi l&rsquo;inspection g\u00e9n\u00e9rale de la police. De son c\u00f4t\u00e9, L\u00e9a est toujours dans le coma et Hector met un vent \u00e0 Vanessa Kepler. <\/p>\n<p><b>Dans l\u2019\u00e9pisode de <\/b><b>Plus belle la vie, encore plus belle<\/b><b> du lundi 14\u00a0avril 2025<\/b>, <a href=\"https:\/\/www.programme-tv.net\/news\/series-tv\/344072-plus-belle-la-vie-encore-plus-belle-en-streaming-ou-regarder-la-nouvelle-serie-de-tf1-en-replay\/\" data-api-deeplink=\"teleloisirs:\/\/news\/344072\" target=\"_blank\" rel=\"noopener\">disponible en streaming<\/a>&#8230; Samuel comprend que sa m\u00e8re \u00e9tait au courant de tout&#8230; Son fils n&rsquo;a rien vu. Patrick le rassure : il n&rsquo;a rien \u00e0 se reprocher car il ne savait rien. Patrick veut qu&rsquo;il retourne chez lui mais Samuel a besoin de s&rsquo;occuper. Patrick pense que ce n&rsquo;est pas raisonnable. Il lui demande pardon pour sa fille.<\/p>\n<p><b>Plus belle la vie <\/b><b>en avance : Patrick, Samuel et Idriss dans l&rsquo;oeil de l&rsquo;IGPN <\/b><\/p>\n<p>Le juge Colbert pr\u00e9sente ses condol\u00e9ances \u00e0 Samuel apr\u00e8s<a href=\"https:\/\/www.programme-tv.net\/news\/series-tv\/375582-plus-belle-la-vie-en-avance-lea-est-stabilisee-mais-toujours-inconsciente-la-mere-de-samuel-tue-charles-et-tente-de-se-suicider-le-resume-de-l-episode-309-du-vendredi-11-avril-2025\/\" data-api-deeplink=\"teleloisirs:\/\/news\/375582\" target=\"_blank\" rel=\"noopener\"> la mort de Charles et le suicide de sa m\u00e8re<\/a>. Elle demande \u00e0 Patrick de rassembler toutes les \u00e9quipes. Elle montre son m\u00e9contentement face \u00e0 l&rsquo;enqu\u00eate qui a \u00e9t\u00e9 faite hors proc\u00e9dure l\u00e9gale par Samuel et <a href=\"https:\/\/www.programme-tv.net\/news\/series-tv\/370565-plus-belle-la-vie-idriss-habib-gino-guabintani-quitte-la-serie-son-depart-est-il-definitif-la-reponse\/\" data-api-deeplink=\"teleloisirs:\/\/news\/370565\" target=\"_blank\" rel=\"noopener\">Idriss<\/a>. De plus, un innocent a \u00e9t\u00e9 incarc\u00e9r\u00e9 \u00e0 tort et une femme a \u00e9t\u00e9 mise en danger. Et le coupable a \u00e9chapp\u00e9 d\u00e9finitivement \u00e0 la justice. Au regard de tous ces manquements, elle a saisi l&rsquo;inspection g\u00e9n\u00e9rale de la police. Elle pr\u00e9vient Samuel qu&rsquo;il est en haut de sa liste. <br \/>Au cabinet, Jennifer travaille tard ce qui surprend Riva qui pense que Samuel a besoin d&rsquo;elle. La secr\u00e9taire lui explique que Samuel a perdu tous ses rep\u00e8res. Pour lui, il se rendra compte tr\u00e8s vite que Jennifer l&rsquo;aime et sera l\u00e0 pour lui. Au Mistral, Samuel et Idriss noient leur chagrin dans l&rsquo;alcool. Samuel r\u00e9v\u00e8le que sa m\u00e8re lui a dit qu&rsquo;elle ne l&rsquo;avait jamais aim\u00e9 avant de mourir.<\/p>\n<p>                        <b>Plus belle la vie <\/b><b>en avance : L\u00e9a est toujours dans le coma<\/b><\/p>\n<p>\u00c0 l&rsquo;h\u00f4pital, Riva (<a href=\"https:\/\/www.programme-tv.net\/news\/series-tv\/375468-enfin-thomas-et-gabriel-enterrent-la-hache-de-guerre-joakim-latzko-plus-belle-la-vie-se-confie-sur-le-divorce-a-l-amiable-de-leurs-personnages\/\" data-api-deeplink=\"teleloisirs:\/\/news\/375468\" target=\"_blank\" rel=\"noopener\">Joakim Latzko, qui s&rsquo;est confi\u00e9 sur le divorce \u00e0 l&rsquo;amiable de Gabriel et Thomas<\/a>) est pass\u00e9 prendre des nouvelles de L\u00e9a. Boher l&rsquo;informe qu&rsquo;elle est toujours dans le coma. Le m\u00e9decin le pr\u00e9vient que son \u00e9tat peut durer. Au cabinet m\u00e9dical, Patrick indique \u00e0 Babeth que l&rsquo;\u00e9tat de L\u00e9a ne s&rsquo;est pas am\u00e9lior\u00e9. Il s&rsquo;en veut que Charles ait approch\u00e9 sa fille. Pour Babeth, Bahram n&rsquo;aura pas assist\u00e9 \u00e0 l&rsquo;op\u00e9ration si Charles n&rsquo;\u00e9tait pas l\u00e0. Sans cette op\u00e9ration de Charles, leur fille aurait \u00e9t\u00e9 condamn\u00e9e. Babeth pense qu&rsquo;il faut du temps \u00e0 L\u00e9a pour retrouver des forces.<\/p>\n<p><b>Plus belle la vie <\/b><b>en avance : Hector rejette Vanessa<\/b><\/p>\n<p>Chez les Kepler, Hector demande \u00e0 Vanessa si son fr\u00e8re sait qu&rsquo;Oph\u00e9lie n&rsquo;\u00e9tait pas sa fille. Il s&rsquo;inqui\u00e8te pour sa belle-s\u0153ur. Il aurait aim\u00e9 \u00eatre plus pr\u00e9sent pour elle. Il veut l&rsquo;aider \u00e0 la ramener vers elle. Il n&rsquo;est plus question qu&rsquo;il parte. Au Pavillon des fleurs, Blanche est encore plong\u00e9e dans les carnets de voyage d&rsquo;Hector Kepler. Elle y trouve de tr\u00e8s belles choses et notamment une femme myst\u00e9rieuse qui lui a bris\u00e9 le c\u0153ur. Pour Luna, Blanche a craqu\u00e9 pour l&rsquo;aventurier. Au Mistral, Hector a envoy\u00e9 un message \u00e0 Oph\u00e9lie pour qu&rsquo;elle demande l&rsquo;adresse de ses parents biologiques \u00e0 son fr\u00e8re. Oph\u00e9lie d\u00e9couvre donc qu&rsquo;Ulysse poss\u00e8de cette information depuis peu de temps. Oph\u00e9lie comprend qu&rsquo;elle doit se confronter \u00e0 la r\u00e9alit\u00e9 mais elle veut que son fr\u00e8re l&rsquo;accompagne. Le fr\u00e8re et la s\u0153ur se rendent chez eux. Vanessa est en col\u00e8re contre Hector qui a donn\u00e9 cette id\u00e9e \u00e0 Oph\u00e9lie. Cette derni\u00e8re d\u00e9barque chez les Kepler. Elle n&rsquo;est pas arriv\u00e9e \u00e0 voir ses parents biologiques. Elle souhaite rester chez les Kepler pour d\u00eener en famille. Vanessa ne sait pas comment remercier son beau-fr\u00e8re. Elle l&#8217;embrasse, il la rejette. Et lui pr\u00e9sente ses excuses.<\/p>\n","protected":false},"excerpt":{"rendered":"Dans Plus belle la vie, encore plus belle, la juge Colbert pr\u00e9vient le commissariat qu&rsquo;elle a saisi l&rsquo;inspection&hellip;\n","protected":false},"author":2,"featured_media":18411,"comment_status":"","ping_status":"","sticky":false,"template":"","format":"standard","meta":{"footnotes":""},"categories":[1356],"tags":[244,58,1367,7313,7312,7314,7315,7316,59,1011,27,5249,1368,7309,7311,7310,252,199,2175,1364],"class_list":{"0":"post-18410","1":"post","2":"type-post","3":"status-publish","4":"format-standard","5":"has-post-thumbnail","7":"category-television","8":"tag-commentaire","9":"tag-divertissement","10":"tag-encore-plus-belle","11":"tag-encore-plus-belle-182024-0120-pm-plug-rtl","12":"tag-encore-plus-belle-192024-1145-am-rts-un","13":"tag-encore-plus-belle-saison-1-52152789","14":"tag-encore-plus-belle-su00e9rie-52152788","15":"tag-encore-plus-belle-le-doc-u00e9vu00e8nement-292024-0905-pm-tfx","16":"tag-entertainment","17":"tag-fr","18":"tag-france","19":"tag-mytf1-max","20":"tag-plus-belle-la-vie","21":"tag-plus-belle-la-vie-en-avance","22":"tag-ru00e9sumu00e9-plus-belle-la-vie","23":"tag-ru00e9sumu00e9-plus-belle-la-vie-en-avance","24":"tag-television","25":"tag-tf1","26":"tag-tl-story","27":"tag-tv"},"share_on_mastodon":{"url":"","error":"Validation failed: Text character limit of 500 exceeded"},"_links":{"self":[{"href":"https:\/\/www.europesays.com\/fr\/wp-json\/wp\/v2\/posts\/18410","targetHints":{"allow":["GET"]}}],"collection":[{"href":"https:\/\/www.europesays.com\/fr\/wp-json\/wp\/v2\/posts"}],"about":[{"href":"https:\/\/www.europesays.com\/fr\/wp-json\/wp\/v2\/types\/post"}],"author":[{"embeddable":true,"href":"https:\/\/www.europesays.com\/fr\/wp-json\/wp\/v2\/users\/2"}],"replies":[{"embeddable":true,"href":"https:\/\/www.europesays.com\/fr\/wp-json\/wp\/v2\/comments?post=18410"}],"version-history":[{"count":0,"href":"https:\/\/www.europesays.com\/fr\/wp-json\/wp\/v2\/posts\/18410\/revisions"}],"wp:featuredmedia":[{"embeddable":true,"href":"https:\/\/www.europesays.com\/fr\/wp-json\/wp\/v2\/media\/18411"}],"wp:attachment":[{"href":"https:\/\/www.europesays.com\/fr\/wp-json\/wp\/v2\/media?parent=18410"}],"wp:term":[{"taxonomy":"category","embeddable":true,"href":"https:\/\/www.europesays.com\/fr\/wp-json\/wp\/v2\/categories?post=18410"},{"taxonomy":"post_tag","embeddable":true,"href":"https:\/\/www.europesays.com\/fr\/wp-json\/wp\/v2\/tags?post=18410"}],"curies":[{"name":"wp","href":"https:\/\/api.w.org\/{rel}","templated":true}]}}