{"id":184104,"date":"2025-06-17T19:40:10","date_gmt":"2025-06-17T19:40:10","guid":{"rendered":"https:\/\/www.europesays.com\/fr\/184104\/"},"modified":"2025-06-17T19:40:10","modified_gmt":"2025-06-17T19:40:10","slug":"quest-ce-que-la-maladie-de-basedow-dont-souffre-la-star-de-the-boys-erin-moriarty","status":"publish","type":"post","link":"https:\/\/www.europesays.com\/fr\/184104\/","title":{"rendered":"Qu\u2019est-ce que la maladie de Basedow, dont souffre la star de \u00ab The Boys \u00bb Erin Moriarty ?"},"content":{"rendered":"<p>\u00ab\u00a0On me l&rsquo;a diagnostiqu\u00e9e il y a un mois.\u00a0\u00bb Dans <a class=\"link \" href=\"https:\/\/www.instagram.com\/p\/DK0NjNwx9QU\/?hl=fr\" rel=\"nofollow noopener\" target=\"_blank\" data-ylk=\"slk:un post tr\u00e8s sobre;elm:context_link;itc:0;sec:content-canvas\">un post tr\u00e8s sobre<\/a>\u00a0publi\u00e9 en fin de semaine derni\u00e8re sur son compte Instagram, Erin Moriarty r\u00e9v\u00e8le souffrir de la maladie de Basedow, une pathologie auto-immune qui affecte la thyro\u00efde. L&rsquo;interpr\u00e8te de la super-h\u00e9ro\u00efne Stella\u00a0dans la s\u00e9rie\u00a0The Boys\u00a0raconte avoir d&rsquo;abord pris cela pour\u00a0\u00ab\u00a0du stress et de la fatigue\u00a0\u00bb.<\/p>\n<p>Mais, de la m\u00eame mani\u00e8re que son personnage incarne l&rsquo;optimisme et la r\u00e9silience dans <a class=\"link \" href=\"https:\/\/www.lepoint.fr\/pop-culture\/prime-video-la-nouvelle-saison-de-the-boys-vaut-elle-le-detour-13-06-2024-2562845_2920.php\" rel=\"nofollow noopener\" target=\"_blank\" data-ylk=\"slk:la tr\u00e8s d\u00e9jant\u00e9e s\u00e9rie d&#039;Amazon Prime Video;elm:context_link;itc:0;sec:content-canvas\">la tr\u00e8s d\u00e9jant\u00e9e s\u00e9rie d&rsquo;Amazon Prime Video<\/a>, la com\u00e9dienne refuse de se laisser abattre. Si \u00ab\u00a0les maladies auto-immunes se manifestent diff\u00e9remment chez chaque personne et dans chaque corps\u00a0\u00bb, Erin Moriarty\u00a0affirme que, d\u00e8s 24\u00a0heures apr\u00e8s le d\u00e9but de son traitement, elle a \u00ab\u00a0senti la lumi\u00e8re revenir\u00a0\u00bb\u00a0et que celle-ci \u00ab\u00a0n&rsquo;a pas cess\u00e9 de gagner en force depuis\u00a0\u00bb.<\/p>\n<p>\u00ab\u00a0Si votre lumi\u00e8re faiblit, ne serait-ce que l\u00e9g\u00e8rement, faites-vous examiner, dit encore la com\u00e9dienne. Ne vous r\u00e9signez pas \u00e0 transcender la souffrance\u00a0; vous m\u00e9ritez d&rsquo;\u00eatre bien dans votre peau. C&rsquo;est d\u00e9j\u00e0 assez dur comme \u00e7a\u00a0\u00bb, a-t-elle conclu, profitant de sa notori\u00e9t\u00e9 et de la grande visibilit\u00e9 de ses publications sur les r\u00e9seaux sociaux (Erin Moriarty est suivie par 2,3\u00a0millions de personnes sur Instagram) pour faire passer un message de pr\u00e9vention.<\/p>\n<p>Des yeux qui sortent de leur\u00a0orbite<\/p>\n<p>La maladie de Basedow, ou Graves-Basedow, se manifeste par une hyperthyro\u00efdie dite \u00ab\u00a0secondaire\u00a0\u00bb, c&rsquo;est-\u00e0-dire par \u00ab\u00a0la pr\u00e9sence d&rsquo;anticorps stimulant la s\u00e9cr\u00e9tion des [&#8230;] <a href=\"https:\/\/www.lepoint.fr\/sante\/qu-est-ce-que-la-maladie-de-basedow-dont-souffre-la-star-de-the-boys-erin-moriarty-17-06-2025-2592267_40.php\" rel=\"nofollow noopener\" target=\"_blank\" data-ylk=\"slk:Lire la suite;elm:context_link;itc:0;sec:content-canvas\" class=\"link \">Lire la suite<\/a><\/p>\n<p><script async src=\"\/\/www.instagram.com\/embed.js\"><\/script><\/p>\n","protected":false},"excerpt":{"rendered":"\u00ab\u00a0On me l&rsquo;a diagnostiqu\u00e9e il y a un mois.\u00a0\u00bb Dans un post tr\u00e8s sobre\u00a0publi\u00e9 en fin de semaine&hellip;\n","protected":false},"author":2,"featured_media":184105,"comment_status":"","ping_status":"","sticky":false,"template":"","format":"standard","meta":{"footnotes":""},"categories":[1359],"tags":[58,59,32200,4685,1011,27,32201,973],"class_list":{"0":"post-184104","1":"post","2":"type-post","3":"status-publish","4":"format-standard","5":"has-post-thumbnail","7":"category-people","8":"tag-divertissement","9":"tag-entertainment","10":"tag-erin-moriarty","11":"tag-fin-de-semaine","12":"tag-fr","13":"tag-france","14":"tag-maladie-de-basedow","15":"tag-people"},"share_on_mastodon":{"url":"https:\/\/pubeurope.com\/@fr\/114700407603576084","error":""},"_links":{"self":[{"href":"https:\/\/www.europesays.com\/fr\/wp-json\/wp\/v2\/posts\/184104","targetHints":{"allow":["GET"]}}],"collection":[{"href":"https:\/\/www.europesays.com\/fr\/wp-json\/wp\/v2\/posts"}],"about":[{"href":"https:\/\/www.europesays.com\/fr\/wp-json\/wp\/v2\/types\/post"}],"author":[{"embeddable":true,"href":"https:\/\/www.europesays.com\/fr\/wp-json\/wp\/v2\/users\/2"}],"replies":[{"embeddable":true,"href":"https:\/\/www.europesays.com\/fr\/wp-json\/wp\/v2\/comments?post=184104"}],"version-history":[{"count":0,"href":"https:\/\/www.europesays.com\/fr\/wp-json\/wp\/v2\/posts\/184104\/revisions"}],"wp:featuredmedia":[{"embeddable":true,"href":"https:\/\/www.europesays.com\/fr\/wp-json\/wp\/v2\/media\/184105"}],"wp:attachment":[{"href":"https:\/\/www.europesays.com\/fr\/wp-json\/wp\/v2\/media?parent=184104"}],"wp:term":[{"taxonomy":"category","embeddable":true,"href":"https:\/\/www.europesays.com\/fr\/wp-json\/wp\/v2\/categories?post=184104"},{"taxonomy":"post_tag","embeddable":true,"href":"https:\/\/www.europesays.com\/fr\/wp-json\/wp\/v2\/tags?post=184104"}],"curies":[{"name":"wp","href":"https:\/\/api.w.org\/{rel}","templated":true}]}}