{"id":184116,"date":"2025-06-17T19:46:09","date_gmt":"2025-06-17T19:46:09","guid":{"rendered":"https:\/\/www.europesays.com\/fr\/184116\/"},"modified":"2025-06-17T19:46:09","modified_gmt":"2025-06-17T19:46:09","slug":"a-33-ans-elle-decouvre-souffrir-dun-cancer-du-colon-les-medecins-lui-assuraient-quelle-etait-trop-jeune-et-pensaient-a-un-syndrome-du-colon-irritable","status":"publish","type":"post","link":"https:\/\/www.europesays.com\/fr\/184116\/","title":{"rendered":"\u00c0 33 ans, elle d\u00e9couvre souffrir d\u2019un cancer du c\u00f4lon, les m\u00e9decins lui assuraient qu\u2019elle \u00e9tait \u00ab\u00a0trop jeune\u00a0\u00bb et pensaient \u00e0 un syndrome du c\u00f4lon irritable"},"content":{"rendered":"<p>\u00c0 33 ans, cette jeune femme ne s&rsquo;attendait pas \u00e0 un tel diagnostic. Plusieurs fois par jour, Vicki Steyert doit se rendre rapidement aux toilettes. Elle consulte son m\u00e9decin et r\u00e9alise des analyses qui reviennent positives. Pour le m\u00e9decin, ces r\u00e9sultats confirment la pr\u00e9sence du syndrome du c\u00f4lon irritable.<\/p>\n<p>Alors qu&rsquo;elle est enceinte de son deuxi\u00e8me enfant, Vicki Steyert retourne voir un m\u00e9decin qui valide le premier diagnostic, rapporte<a data-i13n=\"cpos:1;pos:1\" href=\"https:\/\/www.dailymail.co.uk\/health\/article-14816657\/irritable-bowel-syndrome-incurable-colon-cancer-young.html\" rel=\"nofollow noopener\" target=\"_blank\" data-ylk=\"slk:le Daily Mail;cpos:1;pos:1;elm:context_link;itc:0;sec:content-canvas\" class=\"link \"> le Daily Mail<\/a> : \u00ab\u00a0Il a fait des analyses de sang et de selles et elles n&rsquo;ont rien montr\u00e9, alors il m&rsquo;a dit que j&rsquo;avais probablement un l\u00e9ger trouble inflammatoire de l&rsquo;intestin. Je lui ai parl\u00e9 du cancer colorectal \u2013 j&rsquo;avais cherch\u00e9 sur Google \u2013 et je lui ai demand\u00e9 comment il savait que ce n&rsquo;\u00e9tait pas \u00e7a. Il m&rsquo;a dit que je n&rsquo;aurais pas cette apparence, que j&rsquo;aurais perdu plus de poids et que j&rsquo;aurais eu la jaunisse. Et surtout, on ne cessait de me dire que j\u2019\u00e9tais beaucoup trop jeune pour avoir un cancer de l\u2019intestin\u00a0\u00bb.<\/p>\n<p><strong>LIRE AUSSI &gt;&gt;<\/strong> <a data-i13n=\"cpos:2;pos:1\" href=\"https:\/\/fr.news.yahoo.com\/mefiez-vous-cette-boisson-a-la-mode-pourrait-augmenter-le-risque-de-cancer-colorectal-134300138.html\" data-ylk=\"slk:M\u00e9fiez-vous, cette boisson \u00e0 la mode pourrait augmenter le risque de cancer colorectal;cpos:2;pos:1;elm:context_link;itc:0;sec:content-canvas;outcm:mb_qualified_link;_E:mb_qualified_link;ct:story;\" class=\"link  yahoo-link\" target=\"_blank\" rel=\"noopener\">M\u00e9fiez-vous, cette boisson \u00e0 la mode pourrait augmenter le risque de cancer colorectal<\/a><\/p>\n<p>Mais, la m\u00e8re de famille reste convaincue qu&rsquo;elle souffre de quelque chose de bien plus grave. Apr\u00e8s son accouchement, elle retourne chez son m\u00e9decin g\u00e9n\u00e9raliste \u00e0 cause d&rsquo;infections urinaires r\u00e9currentes. Elle r\u00e9alise un scanner de sa vessie qui r\u00e9v\u00e8le des anomalies au niveau de son foie. Apr\u00e8s un scanner et une coloscopie, la m\u00e8re de deux jeunes enfants d\u00e9couvre qu&rsquo;elle souffre d&rsquo;un cancer de l&rsquo;intestin propag\u00e9 \u00e0 son foie.<\/p>\n<p>Des m\u00e9dicaments \u00e0 vie<\/p>\n<p>Sous le choc, elle apprend \u00e9galement que sa maladie est incurable. Mais, quatre ans plus tard, elle est gu\u00e9rie de son cancer gr\u00e2ce \u00e0 une nouvelle proc\u00e9dure de transplantation. Aujourd&rsquo;hui, elle peut penser sereinement \u00e0 l&rsquo;avenir avec sa famille. \u00ab\u00a0Je dois prendre des m\u00e9dicaments pour le reste de ma vie \u2013 des immunosuppresseurs pour que mon corps ne rejette pas le foie \u2013 et passer des examens tous les trois mois, mais je suis tr\u00e8s reconnaissante pour les soins incroyables que j&rsquo;ai re\u00e7us.\u00a0\u00bb<\/p>\n<p><strong>LIRE AUSSI &gt;&gt;<\/strong> <a data-i13n=\"cpos:3;pos:1\" href=\"https:\/\/fr.news.yahoo.com\/jai-compris-quon-allait-menlever-une-partie-de-mon-corps--a-18-ans-elle-apprend-quelle-souffre-dun-cancer-du-colon-130603394.html\" data-ylk=\"slk:&quot;J\u2019ai compris qu\u2019on allait m\u2019enlever une partie de mon corps&quot; : \u00e0 18 ans, elle apprend qu&#039;elle souffre d&#039;un cancer du c\u00f4lon;cpos:3;pos:1;elm:context_link;itc:0;sec:content-canvas;outcm:mb_qualified_link;_E:mb_qualified_link;ct:story;\" class=\"link  yahoo-link\" target=\"_blank\" rel=\"noopener\">\u00ab\u00a0J\u2019ai compris qu\u2019on allait m\u2019enlever une partie de mon corps\u00a0\u00bb : \u00e0 18 ans, elle apprend qu&rsquo;elle souffre d&rsquo;un cancer du c\u00f4lon<\/a><\/p>\n<p>En 2023, 47 582 nouveaux cas de cancers du c\u00f4lon ou du rectum ont \u00e9t\u00e9 diagnostiqu\u00e9s en France. La Fondation pour la Recherche M\u00e9dicale rappelle que le cancer colorectal se situe au troisi\u00e8me rang des cancers les plus fr\u00e9quents en France, apr\u00e8s le cancer de la prostate et celui du sein.<\/p>\n<p>Partout dans le monde, les cas de cancer colorectal sont en augmentation, particuli\u00e8rement chez les jeunes. Aujourd&rsquo;hui, un cas diagnostiqu\u00e9 sur cinq concerne des patients de moins de 54 ans.<\/p>\n","protected":false},"excerpt":{"rendered":"\u00c0 33 ans, cette jeune femme ne s&rsquo;attendait pas \u00e0 un tel diagnostic. Plusieurs fois par jour, Vicki&hellip;\n","protected":false},"author":2,"featured_media":184117,"comment_status":"","ping_status":"","sticky":false,"template":"","format":"standard","meta":{"footnotes":""},"categories":[10],"tags":[29690,101,2672,1011,27,72,30190,9576,71,14148,32207],"class_list":{"0":"post-184116","1":"post","2":"type-post","3":"status-publish","4":"format-standard","5":"has-post-thumbnail","7":"category-sante","8":"tag-33-ans","9":"tag-cancer","10":"tag-cancer-du-colon","11":"tag-fr","12":"tag-france","13":"tag-health","14":"tag-medecin-generaliste","15":"tag-qu","16":"tag-sante","17":"tag-syndrome-du-colon-irritable","18":"tag-vicki-steyert"},"share_on_mastodon":{"url":"https:\/\/pubeurope.com\/@fr\/114700431103543863","error":""},"_links":{"self":[{"href":"https:\/\/www.europesays.com\/fr\/wp-json\/wp\/v2\/posts\/184116","targetHints":{"allow":["GET"]}}],"collection":[{"href":"https:\/\/www.europesays.com\/fr\/wp-json\/wp\/v2\/posts"}],"about":[{"href":"https:\/\/www.europesays.com\/fr\/wp-json\/wp\/v2\/types\/post"}],"author":[{"embeddable":true,"href":"https:\/\/www.europesays.com\/fr\/wp-json\/wp\/v2\/users\/2"}],"replies":[{"embeddable":true,"href":"https:\/\/www.europesays.com\/fr\/wp-json\/wp\/v2\/comments?post=184116"}],"version-history":[{"count":0,"href":"https:\/\/www.europesays.com\/fr\/wp-json\/wp\/v2\/posts\/184116\/revisions"}],"wp:featuredmedia":[{"embeddable":true,"href":"https:\/\/www.europesays.com\/fr\/wp-json\/wp\/v2\/media\/184117"}],"wp:attachment":[{"href":"https:\/\/www.europesays.com\/fr\/wp-json\/wp\/v2\/media?parent=184116"}],"wp:term":[{"taxonomy":"category","embeddable":true,"href":"https:\/\/www.europesays.com\/fr\/wp-json\/wp\/v2\/categories?post=184116"},{"taxonomy":"post_tag","embeddable":true,"href":"https:\/\/www.europesays.com\/fr\/wp-json\/wp\/v2\/tags?post=184116"}],"curies":[{"name":"wp","href":"https:\/\/api.w.org\/{rel}","templated":true}]}}