{"id":18412,"date":"2025-04-11T22:30:09","date_gmt":"2025-04-11T22:30:09","guid":{"rendered":"https:\/\/www.europesays.com\/fr\/18412\/"},"modified":"2025-04-11T22:30:09","modified_gmt":"2025-04-11T22:30:09","slug":"ne-gachez-pas-votre-argent-justin-bieber-coupe-les-ponts-avec-sa-marque-de-mode-drew-house","status":"publish","type":"post","link":"https:\/\/www.europesays.com\/fr\/18412\/","title":{"rendered":"\u00ab\u00a0Ne g\u00e2chez pas votre argent\u00a0\u00bb, Justin Bieber coupe les ponts avec sa marque de mode Drew House"},"content":{"rendered":"<p>Justin Bieber a <a href=\"https:\/\/www.20minutes.fr\/arts-stars\/people\/4131626-20250104-justin-bieber-publie-message-aussi-mystique-cryptique-ca-air-aller\" target=\"_blank\" class=\"color-ultramarine c-link\" rel=\"noopener\">l\u00e2ch\u00e9 une nouvelle <\/a>bombe\u2026 Le chanteur canadien de 31 ans a r\u00e9v\u00e9l\u00e9 sur Instagram qu\u2019il n\u2019\u00e9tait plus affili\u00e9 \u00e0 la marque de v\u00eatements Drew House, qu\u2019il a cofond\u00e9e en\u00a02018 avec le styliste Ryan Good. Le duo avait lanc\u00e9 son business en\u00a02019 et semblait encore en bons termes en mars\u00a02023, lorsque l\u2019interpr\u00e8te de Sorry a souhait\u00e9 l\u2019anniversaire de son \u00ab\u00a0fr\u00e8re\u00a0\u00bb en ligne. Mais l\u2019ambiance chez Drew House, dont le nom reprend le deuxi\u00e8me pr\u00e9nom de <a href=\"https:\/\/www.20minutes.fr\/arts-stars\/people\/4106838-20240824-justin-bieber-annonce-naissance-fils-jack-blues\" target=\"_blank\" class=\"color-ultramarine c-link\" rel=\"noopener\">l\u2019artiste<\/a>, semble s\u2019\u00eatre bien refroidie.<\/p>\n<p>\u00ab\u00a0Moi, Justin Bieber, ne suis plus impliqu\u00e9 dans cette marque. Drewhouse ne repr\u00e9sente ni moi, ni ma famille, ni ma vie\u00a0\u00bb, a-t-il post\u00e9 dans ses Stories Instagram. \u00ab\u00a0Si vous \u00eates d\u2019accord avec moi, le Justin Bieber humain, ne gaspillez pas votre argent avec drewhouse\u00a0\u00bb, a-t-il ajout\u00e9, avant de supprimer son post peu de temps apr\u00e8s.<\/p>\n<p>\u00ab\u00a0Je veux grandir\u00a0\u00bb<\/p>\n<p>L\u2019aventure de Justin Bieber dans la mode pourrait ne pas s\u2019arr\u00eater l\u00e0, \u00e0 en croire d\u2019autres posts du chanteur o\u00f9 l\u2019on aper\u00e7oit des piles de v\u00eatements color\u00e9s accompagn\u00e9s du tag Skylrk, qui m\u00e8ne \u00e0 un compte du m\u00eame nom sans aucun post pour le moment. Cette m\u00eame mention est pr\u00e9sente dans la bio Instagram de l\u2019artiste, tandis que l\u2019illustration de son profil et celle du compte Skylrk montrent le m\u00eame logo de deux couleurs diff\u00e9rentes.<\/p>\n<p>Les fans de Justin Bieber sont aussi habitu\u00e9s depuis plusieurs semaines aux posts myst\u00e9rieux, <a href=\"https:\/\/www.20minutes.fr\/arts-stars\/people\/4140353-20250224-representant-justin-bieber-denonce-rumeurs-consommation-drogues-courent-star\" target=\"_blank\" class=\"color-ultramarine c-link\" rel=\"noopener\">voire parfois inqui\u00e9tants<\/a>, du chanteur sur les r\u00e9seaux sociaux. Le mois dernier, l\u2019\u00e9poux de la mannequin et femme d\u2019affaires Hailey Bieber, avec qui il a accueilli l\u2019an dernier son premier enfant, Jack Blues, confiait avoir des \u00ab\u00a0<a href=\"https:\/\/www.20minutes.fr\/arts-stars\/people\/4145735-20250330-justin-bieber-admet-avoir-mal-gerer-acces-colere-travaille\" target=\"_blank\" class=\"color-ultramarine c-link\" rel=\"noopener\">probl\u00e8mes de gestion de la col\u00e8re<\/a>\u00a0\u00bb. \u00ab\u00a0Mais je veux grandir et ne pas r\u00e9agir autant\u00a0\u00bb, a-t-il ensuite pr\u00e9cis\u00e9.<\/p>\n<p>Dans un autre post, le chanteur disait se d\u00e9tester \u00ab\u00a0parfois quand je sens que je commence \u00e0 devenir inauthentique\u00a0\u00bb. En parall\u00e8le, des images de lui paraissant vuln\u00e9rable ou fumant une grosse cigarette roul\u00e9e avec <a href=\"https:\/\/www.20minutes.fr\/arts-stars\/people\/4141176-20250228-justin-timberlake-freine-soucis-sante-justin-bieber-inquiete-encore-fans\" target=\"_blank\" class=\"color-ultramarine c-link\" rel=\"noopener\">une expression \u00e9trange<\/a> continuent de susciter l\u2019inqui\u00e9tude des internautes.<\/p>\n","protected":false},"excerpt":{"rendered":"Justin Bieber a l\u00e2ch\u00e9 une nouvelle bombe\u2026 Le chanteur canadien de 31 ans a r\u00e9v\u00e9l\u00e9 sur Instagram qu\u2019il&hellip;\n","protected":false},"author":2,"featured_media":18413,"comment_status":"","ping_status":"","sticky":false,"template":"","format":"standard","meta":{"footnotes":""},"categories":[1355],"tags":[1696,58,59,1011,27,7317,1361,873,973,1969,133],"class_list":{"0":"post-18412","1":"post","2":"type-post","3":"status-publish","4":"format-standard","5":"has-post-thumbnail","7":"category-musique","8":"tag-chanteur","9":"tag-divertissement","10":"tag-entertainment","11":"tag-fr","12":"tag-france","13":"tag-justin-bieber","14":"tag-music","15":"tag-musique","16":"tag-people","17":"tag-style","18":"tag-video"},"share_on_mastodon":{"url":"https:\/\/pubeurope.com\/@fr\/114321701314548775","error":""},"_links":{"self":[{"href":"https:\/\/www.europesays.com\/fr\/wp-json\/wp\/v2\/posts\/18412","targetHints":{"allow":["GET"]}}],"collection":[{"href":"https:\/\/www.europesays.com\/fr\/wp-json\/wp\/v2\/posts"}],"about":[{"href":"https:\/\/www.europesays.com\/fr\/wp-json\/wp\/v2\/types\/post"}],"author":[{"embeddable":true,"href":"https:\/\/www.europesays.com\/fr\/wp-json\/wp\/v2\/users\/2"}],"replies":[{"embeddable":true,"href":"https:\/\/www.europesays.com\/fr\/wp-json\/wp\/v2\/comments?post=18412"}],"version-history":[{"count":0,"href":"https:\/\/www.europesays.com\/fr\/wp-json\/wp\/v2\/posts\/18412\/revisions"}],"wp:featuredmedia":[{"embeddable":true,"href":"https:\/\/www.europesays.com\/fr\/wp-json\/wp\/v2\/media\/18413"}],"wp:attachment":[{"href":"https:\/\/www.europesays.com\/fr\/wp-json\/wp\/v2\/media?parent=18412"}],"wp:term":[{"taxonomy":"category","embeddable":true,"href":"https:\/\/www.europesays.com\/fr\/wp-json\/wp\/v2\/categories?post=18412"},{"taxonomy":"post_tag","embeddable":true,"href":"https:\/\/www.europesays.com\/fr\/wp-json\/wp\/v2\/tags?post=18412"}],"curies":[{"name":"wp","href":"https:\/\/api.w.org\/{rel}","templated":true}]}}