{"id":184122,"date":"2025-06-17T19:49:13","date_gmt":"2025-06-17T19:49:13","guid":{"rendered":"https:\/\/www.europesays.com\/fr\/184122\/"},"modified":"2025-06-17T19:49:13","modified_gmt":"2025-06-17T19:49:13","slug":"tinder-lance-une-nouvelle-fonctionnalite-pour-faire-des-rencontres-a-plusieurs","status":"publish","type":"post","link":"https:\/\/www.europesays.com\/fr\/184122\/","title":{"rendered":"Tinder lance une nouvelle fonctionnalit\u00e9 pour faire des rencontres \u00e0 plusieurs"},"content":{"rendered":"<p>D\u00e9j\u00e0 test\u00e9e dans d\u2019autres pays, cette option d\u00e9barque en France. Elle permet de se cr\u00e9er un profil en duo et ainsi d\u2019organiser des doubles rendez-vous.<\/p>\n<p class=\"fig-paragraph\">En\u00a0<a href=\"http:\/\/www.lefigaro.fr\/medias\/tinder-bumble-meetic-le-grand-blues-des-applications-de-rencontre-en-ligne-20240602\" target=\"_blank\" data-fig-type=\"Article\" rel=\"noopener\" data-gtm-custom-categorie=\"navigation\" data-gtm-custom-action=\"crossclick\" data-gtm-custom-label=\"Contextuel\" data-gtm-event=\"customEventSPE\" data-fig-domain=\"LEFIGARO\">perte de vitesse aupr\u00e8s des jeunes<\/a>, Tinder lance une nouvelle fonctionnalit\u00e9 pour se relancer aupr\u00e8s de ce public. \u00abDouble date\u00bb, c\u2019est son nom, permet, \u00abavec un.e ami.e, de swiper et matcher avec d\u2019autres duos\u00bb, explique la c\u00e9l\u00e8bre application de rencontres dans un communiqu\u00e9 publi\u00e9 ce mardi. Concr\u00e8tement, l\u2019id\u00e9e est donc de faire des rencontres non pas en t\u00eate-\u00e0-t\u00eate, mais en bin\u00f4me.<\/p>\n<p class=\"fig-paragraph\">Si cette option arrive en France aujourd\u2019hui, elle a d\u00e9j\u00e0 \u00e9t\u00e9 test\u00e9e dans d\u2019autres pays. Et, selon Tinder, elle fait un carton aupr\u00e8s des jeunes de la\u00a0<a href=\"http:\/\/www.lefigaro.fr\/economie\/les-jeunes-de-la-generation-z-font-du-travail-un-plaisir-et-une-fierte-20241002\" target=\"_blank\" data-fig-type=\"Article\" rel=\"noopener\" data-gtm-custom-categorie=\"navigation\" data-gtm-custom-action=\"crossclick\" data-gtm-custom-label=\"Contextuel\" data-gtm-event=\"customEventSPE\" data-fig-domain=\"LEFIGARO\">g\u00e9n\u00e9ration Z<\/a>\u00a0(n\u00e9s entre le milieu des ann\u00e9es 1990 et la fin des ann\u00e9es 2000) et les millenials (n\u00e9s entre le d\u00e9but des ann\u00e9es 1980 et le milieu des ann\u00e9es 1990). \u00abPr\u00e8s de 90% des profils Double Date proviennent d\u2019utilisateur\u00b7rices de moins de 29 ans\u00bb, affirme l\u2019application de rencontre, qui assure par ailleurs que cette fonctionnalit\u00e9 \u00aba aussi aid\u00e9 \u00e0 attirer de nouveaux utilisateur\u00b7rices et \u00e0 faire revenir d\u2019anciens\u00bb. En effet, \u00abpr\u00e8s de 15 % de ceux qui ont accept\u00e9 une invitation Double date \u00e9taient des nouveaux venus sur Tinder, soit des utilisateurs r\u00e9cemment r\u00e9activ\u00e9s\u00bb.<\/p>\n<p>\u00abAll\u00e9ger la pression\u00bb des rencontres<\/p>\n<p class=\"fig-paragraph\">En mati\u00e8re pratique, Tinder pr\u00e9cise qu\u2019il est possible de choisir \u00abjusqu\u2019\u00e0 trois ami.es pour former votre duo\u00bb. Il suffit ensuite de faire d\u00e9filer un fil de profils en duo. Si l\u2019un des deux membres du bin\u00f4me \u00ablike\u00bb un profil, une discussion de groupe \u00e0 quatre se cr\u00e9e. \u00abIl s\u2019agit d\u2019une exp\u00e9rience ax\u00e9e sur le social qui vise \u00e0 all\u00e9ger la pression que beaucoup de la g\u00e9n\u00e9ration Z ressentent en mati\u00e8re de rencontres, en les rendant plus sociales, plus ludiques et en invitant ses amis \u00e0 participer pour renforcer ce sentiment de confort\u00bb, indique aupr\u00e8s du m\u00e9dia am\u00e9ricain The Verge Cleo Long, responsable du marketing produit de Tinder.<\/p>\n<p class=\"fig-paragraph\">Cet argument du confort et de la s\u00e9curit\u00e9 dans les rencontres semble particuli\u00e8rement r\u00e9sonner aupr\u00e8s des femmes, puisque, selon Tinder, \u00ables femmes ayant test\u00e9 Double date<strong>\u00a0<\/strong>se sont montr\u00e9es trois fois plus pr\u00eates \u00e0 \u201cliker\u201d un duo qu\u2019un profil individuel, et les taux de match sont nettement \u00e9lev\u00e9s avec cette fonctionnalit\u00e9\u00bb. Un d\u00e9ploiement mondial de cette fonctionnalit\u00e9 est pr\u00e9vu pour juillet 2025.<\/p>\n","protected":false},"excerpt":{"rendered":"D\u00e9j\u00e0 test\u00e9e dans d\u2019autres pays, cette option d\u00e9barque en France. Elle permet de se cr\u00e9er un profil en&hellip;\n","protected":false},"author":2,"featured_media":184123,"comment_status":"","ping_status":"","sticky":false,"template":"","format":"standard","meta":{"footnotes":""},"categories":[7],"tags":[47,722,723,1011,27,727,726,142,310,655,720,719,43,40,41,39,724,725,717,42,44,718,15541,721,728],"class_list":{"0":"post-184122","1":"post","2":"type-post","3":"status-publish","4":"format-standard","5":"has-post-thumbnail","7":"category-sciences-et-technologies","8":"tag-actualite","9":"tag-blog","10":"tag-blogs","11":"tag-fr","12":"tag-france","13":"tag-gadget","14":"tag-gadgets","15":"tag-high-tech","16":"tag-internet","17":"tag-iphone","18":"tag-multimedia","19":"tag-nouvelles-technolgies","20":"tag-science","21":"tag-science-and-technology","22":"tag-sciences","23":"tag-sciences-et-technologies","24":"tag-smartphone","25":"tag-tablette","26":"tag-technologie","27":"tag-technologies","28":"tag-technology","29":"tag-tic","30":"tag-tinder","31":"tag-web","32":"tag-widgets"},"share_on_mastodon":{"url":"https:\/\/pubeurope.com\/@fr\/114700443450770437","error":""},"_links":{"self":[{"href":"https:\/\/www.europesays.com\/fr\/wp-json\/wp\/v2\/posts\/184122","targetHints":{"allow":["GET"]}}],"collection":[{"href":"https:\/\/www.europesays.com\/fr\/wp-json\/wp\/v2\/posts"}],"about":[{"href":"https:\/\/www.europesays.com\/fr\/wp-json\/wp\/v2\/types\/post"}],"author":[{"embeddable":true,"href":"https:\/\/www.europesays.com\/fr\/wp-json\/wp\/v2\/users\/2"}],"replies":[{"embeddable":true,"href":"https:\/\/www.europesays.com\/fr\/wp-json\/wp\/v2\/comments?post=184122"}],"version-history":[{"count":0,"href":"https:\/\/www.europesays.com\/fr\/wp-json\/wp\/v2\/posts\/184122\/revisions"}],"wp:featuredmedia":[{"embeddable":true,"href":"https:\/\/www.europesays.com\/fr\/wp-json\/wp\/v2\/media\/184123"}],"wp:attachment":[{"href":"https:\/\/www.europesays.com\/fr\/wp-json\/wp\/v2\/media?parent=184122"}],"wp:term":[{"taxonomy":"category","embeddable":true,"href":"https:\/\/www.europesays.com\/fr\/wp-json\/wp\/v2\/categories?post=184122"},{"taxonomy":"post_tag","embeddable":true,"href":"https:\/\/www.europesays.com\/fr\/wp-json\/wp\/v2\/tags?post=184122"}],"curies":[{"name":"wp","href":"https:\/\/api.w.org\/{rel}","templated":true}]}}