{"id":184126,"date":"2025-06-17T19:51:09","date_gmt":"2025-06-17T19:51:09","guid":{"rendered":"https:\/\/www.europesays.com\/fr\/184126\/"},"modified":"2025-06-17T19:51:09","modified_gmt":"2025-06-17T19:51:09","slug":"la-russie-lamine-la-capitale-kiev-la-coree-du-nord-va-encore-aider-moscou","status":"publish","type":"post","link":"https:\/\/www.europesays.com\/fr\/184126\/","title":{"rendered":"La Russie lamine la capitale Kiev, la Cor\u00e9e du Nord va encore aider Moscou"},"content":{"rendered":"<p>Vous avez rat\u00e9 les derniers \u00e9v\u00e9nements sur la <a href=\"https:\/\/www.20minutes.fr\/monde\/ukraine\/\" class=\"color-ultramarine c-link\" rel=\"nofollow noopener\" target=\"_blank\">guerre en Ukraine<\/a>\u00a0? 20 Minutes fait le point pour vous tous les soirs. Voici l\u2019essentiel de ce mardi 17\u00a0juin 2025, 1.210e jour du conflit.<\/p>\n<p>Le fait du jour<\/p>\n<p>Le pr\u00e9sident <a href=\"https:\/\/www.20minutes.fr\/monde\/volodymyr-zelensky\/\" class=\"color-ultramarine c-link\" rel=\"nofollow noopener\" target=\"_blank\">Volodymyr Zelensky<\/a> l\u2019a qualifi\u00e9e comme \u00ab\u00a0l\u2019une des pires attaques\u00a0\u00bb russes contre la capitale ukrainienne. Au moins 10 personnes, dont un Am\u00e9ricain, ont p\u00e9ri \u00e0 <a href=\"https:\/\/www.20minutes.fr\/dossier\/kiev\" class=\"color-ultramarine c-link\" rel=\"nofollow noopener\" target=\"_blank\">Kiev<\/a> dans la nuit de lundi \u00e0 mardi. Plus de 440 drones et 32 missiles ont ainsi \u00e9t\u00e9 tir\u00e9s sur la capitale. \u00ab\u00a0Ce fut probablement la nuit la plus infernale dont je me souvienne dans notre quartier\u00a0\u00bb, raconte \u00e0 l\u2019AFP Alina Chtompel, une \u00e9tudiante de 20 ans.<\/p>\n<p>Selon le ministre de l\u2019Int\u00e9rieur Igor Klymenko, \u00ab\u00a027 sites\u00a0\u00bb ont \u00e9t\u00e9 pris pour cible dans la capitale ukrainienne. \u00ab\u00a0Douze personnes ont \u00e9t\u00e9 tu\u00e9es dans les frappes nocturnes russes en Ukraine\u00a0\u00bb, a-t-il \u00e9crit en fin d\u2019apr\u00e8s-midi, \u00ab\u00a0dix ont \u00e9t\u00e9 tu\u00e9es \u00e0 Kiev et deux autres ont \u00e9t\u00e9 sorties des d\u00e9combres \u00e0 <a href=\"https:\/\/www.20minutes.fr\/dossier\/odessa\" class=\"color-ultramarine c-link\" rel=\"nofollow noopener\" target=\"_blank\">Odessa<\/a>\u00a0\u00bb, dans le sud du pays. Igor Klymenko a \u00e9galement averti de la poursuite des op\u00e9rations de recherche \u00e0 deux endroits de Kiev, avec \u00ab\u00a0des personnes toujours sous les d\u00e9combres\u00a0\u00bb.<\/p>\n<p>Cette nouvelle salve de l\u2019arm\u00e9e russe intervient en plein sommet du G7 au Canada, o\u00f9 cette guerre est \u00e9clips\u00e9e par les hostilit\u00e9s entre Isra\u00ebl et l\u2019Iran.<\/p>\n<p>La d\u00e9claration du jour<\/p>\n<blockquote class=\"mx-m@xs mx-xxl@md color-ultramarine c-citation\">\n<p class=\"font-weight-regular@xs text-italic font-source-serif-pro text-l@xs c-citation__content\">\u00ab\u00a0Au Kremlin qui voudrait faire la paix au Proche-Orient\u00a0: commencez par l\u2019Ukraine\u00a0\u00bb<\/p>\n<\/blockquote>\n<p>Les paroles sont sign\u00e9es <a href=\"https:\/\/www.20minutes.fr\/politique\/jean-noel-barrot\/\" class=\"color-ultramarine c-link\" rel=\"nofollow noopener\" target=\"_blank\">Jean-No\u00ebl Barrot<\/a>. Le chef de la diplomatie fran\u00e7aise a d\u00e9nonc\u00e9 ce mardi \u00ab\u00a0la cruaut\u00e9 et le cynisme\u00a0\u00bb sans limite de la Russie, exhortant cette derni\u00e8re \u00e0 faire la paix en Ukraine avant de se proposer comme m\u00e9diateur au Proche-Orient.<\/p>\n<p>Le pr\u00e9sident russe Vladimir Poutine avait \u00ab\u00a0condamn\u00e9\u00a0\u00bb vendredi les frappes isra\u00e9liennes ayant vis\u00e9 l\u2019<a href=\"https:\/\/www.20minutes.fr\/monde\/iran\/\" class=\"color-ultramarine c-link\" rel=\"nofollow noopener\" target=\"_blank\">Iran<\/a>, alli\u00e9 proche de Moscou, qualifiant ces attaques de \u00ab\u00a0dangereuse escalade\u00a0\u00bb qui pourrait avoir \u00ab\u00a0des cons\u00e9quences d\u00e9sastreuses\u00a0\u00bb pour le <a href=\"https:\/\/www.20minutes.fr\/dossier\/moyen_orient\" class=\"color-ultramarine c-link\" rel=\"nofollow noopener\" target=\"_blank\">Moyen-Orient<\/a>. Puis, lors d\u2019un entretien avec le Premier ministre isra\u00e9lien Benjamin Netanyahou, il \u00ab\u00a0s\u2019est d\u00e9clar\u00e9 pr\u00eat \u00e0 jouer un r\u00f4le de m\u00e9diateur afin d\u2019\u00e9viter une nouvelle escalade des tensions\u00a0\u00bb.<\/p>\n<\/p>\n<p>La tendance<\/p>\n<p>La Russie a annonc\u00e9 mardi que la Cor\u00e9e du Nord allait envoyer plusieurs milliers de sapeurs militaires et des ouvriers de l\u2019arm\u00e9e nord-cor\u00e9enne pour aider \u00e0 la reconstruction de la r\u00e9gion russe de Koursk, qui avait \u00e9t\u00e9 partiellement occup\u00e9e par les forces ukrainiennes entre ao\u00fbt\u00a02024 et le printemps\u00a02025.<\/p>\n<p>\u00ab\u00a0Cinq mille personnes, r\u00e9unies au sein d\u2019une division d\u2019ouvriers, se chargeront de la reconstruction de la r\u00e9gion de Koursk\u00a0\u00bb, en plus de \u00ab\u00a01.000 sapeurs\u00a0\u00bb \u2013 des soldats du g\u00e9nie \u2013, a d\u00e9clar\u00e9 le secr\u00e9taire du Conseil de s\u00e9curit\u00e9 russe, Sergue\u00ef Cho\u00efgou, \u00e0 l\u2019issue d\u2019un entretien avec le dirigeant Kim Jong Un. Le responsable russe, en visite en Cor\u00e9e du Nord une deuxi\u00e8me fois en moins de quinze jours, a salu\u00e9 \u00ab\u00a0l\u2019aide fraternelle\u00a0\u00bb de Pyongyang, d\u2019apr\u00e8s l\u2019agence russe Ria Novosti.<\/p>\n<p><a href=\"https:\/\/www.20minutes.fr\/monde\/ukraine\/\" class=\"c-link c-btn c-btn--primary\" rel=\"nofollow noopener\" target=\"_blank\">Notre dossier sur la guerre en Ukraine<\/a><\/p>\n<p>Cette annonce intervient moins de deux mois apr\u00e8s la revendication par le pr\u00e9sident russe Vladimir Poutine de l\u2019expulsion \u00ab\u00a0totale\u00a0\u00bb des forces ukrainiennes de la r\u00e9gion russe de Koursk, frontali\u00e8re de l\u2019Ukraine. Celle-ci avait \u00e9t\u00e9 en partie occup\u00e9e par l\u2019arm\u00e9e ukrainienne depuis un assaut d\u2019ampleur surprise lanc\u00e9 en ao\u00fbt dernier.<\/p>\n<p>L\u2019arm\u00e9e russe a reconnu qu\u2019un contingent de soldats nord-cor\u00e9ens avait particip\u00e9 aux combats contre les forces ukrainiennes, sans communiquer le nombre de militaires engag\u00e9s.<\/p>\n<p>La nouvelle visite de Sergue\u00ef Cho\u00efgou \u00e0 Pyongyang s\u2019inscrit \u00ab\u00a0dans le cadre de l\u2019Accord sur le partenariat global strat\u00e9gique\u00a0\u00bb entre la Russie et la <a href=\"https:\/\/www.20minutes.fr\/monde\/coree_du_nord\/\" class=\"color-ultramarine c-link\" rel=\"nofollow noopener\" target=\"_blank\">Cor\u00e9e du Nord<\/a>.<\/p>\n<p>Le chiffre du jour<\/p>\n<p>1,27\u00a0milliard. C\u2019est en euros le montant de la nouvelle aide militaire que le Canada va fournir \u00e0 l\u2019Ukraine, a annonc\u00e9 mardi le <a href=\"https:\/\/www.20minutes.fr\/dossier\/premier_ministre\" class=\"color-ultramarine c-link\" rel=\"nofollow noopener\" target=\"_blank\">Premier ministre<\/a> canadien Mark Carney, lors d\u2019une rencontre avec le pr\u00e9sident ukrainien Volodymyr Zelensky au sommet du G7.<\/p>\n<p>Cette aide \u00e9quivalent \u00e0 2,2\u00a0milliards de dollars canadiens permettra de financer des drones, des munitions et des v\u00e9hicules blind\u00e9s, a pr\u00e9cis\u00e9 le gouvernement canadien. Mark Carney a promis une \u00ab\u00a0solidarit\u00e9 totale avec l\u2019Ukraine\u00a0\u00bb et annonc\u00e9 de nouvelles sanctions contre la Russie visant \u00e0 imposer une \u00ab\u00a0pression maximale\u00a0\u00bb sur le pr\u00e9sident Vladimir Poutine.<\/p>\n","protected":false},"excerpt":{"rendered":"Vous avez rat\u00e9 les derniers \u00e9v\u00e9nements sur la guerre en Ukraine\u00a0? 20 Minutes fait le point pour vous&hellip;\n","protected":false},"author":2,"featured_media":184127,"comment_status":"","ping_status":"","sticky":false,"template":"","format":"standard","meta":{"footnotes":""},"categories":[5],"tags":[47,11,574,13987,1011,27,23564,131,14,2121,4998,74,1916,12,23851,136,807,32165,132,135,134,28],"class_list":{"0":"post-184126","1":"post","2":"type-post","3":"status-publish","4":"format-standard","5":"has-post-thumbnail","7":"category-international","8":"tag-actualite","9":"tag-actualites","10":"tag-canada","11":"tag-coree-du-nord","12":"tag-fr","13":"tag-france","14":"tag-g7","15":"tag-guerre-en-ukraine","16":"tag-international","17":"tag-jean-noel-barrot","18":"tag-kremlin","19":"tag-monde","20":"tag-moscou","21":"tag-news","22":"tag-odessa","23":"tag-otan","24":"tag-prisonniers","25":"tag-pyongyang","26":"tag-russie","27":"tag-vladimir-poutine","28":"tag-volodymyr-zelensky","29":"tag-world"},"share_on_mastodon":{"url":"","error":""},"_links":{"self":[{"href":"https:\/\/www.europesays.com\/fr\/wp-json\/wp\/v2\/posts\/184126","targetHints":{"allow":["GET"]}}],"collection":[{"href":"https:\/\/www.europesays.com\/fr\/wp-json\/wp\/v2\/posts"}],"about":[{"href":"https:\/\/www.europesays.com\/fr\/wp-json\/wp\/v2\/types\/post"}],"author":[{"embeddable":true,"href":"https:\/\/www.europesays.com\/fr\/wp-json\/wp\/v2\/users\/2"}],"replies":[{"embeddable":true,"href":"https:\/\/www.europesays.com\/fr\/wp-json\/wp\/v2\/comments?post=184126"}],"version-history":[{"count":0,"href":"https:\/\/www.europesays.com\/fr\/wp-json\/wp\/v2\/posts\/184126\/revisions"}],"wp:featuredmedia":[{"embeddable":true,"href":"https:\/\/www.europesays.com\/fr\/wp-json\/wp\/v2\/media\/184127"}],"wp:attachment":[{"href":"https:\/\/www.europesays.com\/fr\/wp-json\/wp\/v2\/media?parent=184126"}],"wp:term":[{"taxonomy":"category","embeddable":true,"href":"https:\/\/www.europesays.com\/fr\/wp-json\/wp\/v2\/categories?post=184126"},{"taxonomy":"post_tag","embeddable":true,"href":"https:\/\/www.europesays.com\/fr\/wp-json\/wp\/v2\/tags?post=184126"}],"curies":[{"name":"wp","href":"https:\/\/api.w.org\/{rel}","templated":true}]}}