{"id":184128,"date":"2025-06-17T19:52:15","date_gmt":"2025-06-17T19:52:15","guid":{"rendered":"https:\/\/www.europesays.com\/fr\/184128\/"},"modified":"2025-06-17T19:52:15","modified_gmt":"2025-06-17T19:52:15","slug":"lassemblee-approuve-le-projet-de-loi-de-simplification-et-la-suppression-des-zfe","status":"publish","type":"post","link":"https:\/\/www.europesays.com\/fr\/184128\/","title":{"rendered":"L\u2019Assembl\u00e9e approuve le projet de loi de \u00ab\u00a0simplification\u00a0\u00bb et la suppression des ZFE"},"content":{"rendered":"<p>        <img decoding=\"async\" loading=\"lazy\" src=\"https:\/\/www.europesays.com\/fr\/wp-content\/uploads\/2025\/06\/f1a7525_1733738643126-000-36kl9z6.jpg\"  width=\"728\" height=\"409\" alt=\"Divis\u00e9es, les troupes d\u2019Attal \u00e9chouent \u00e0 faire retoquer la loi simplification, coup dur pour Macron\"\/>  <\/p>\n<p>LUDOVIC MARIN \/ AFP<\/p>\n<p>Divis\u00e9es, les troupes d\u2019Attal \u00e9chouent \u00e0 faire retoquer la loi simplification, coup dur pour Macron<\/p>\n<p class=\"asset asset-text\">POLITIQUE &#8211; La pi\u00e8ce a fini par retomber, du mauvais c\u00f4t\u00e9 pour les macronistes. <a href=\"https:\/\/www.huffingtonpost.fr\/politique\/article\/en-quoi-ce-projet-de-loi-est-exceptionnel-et-dit-beaucoup-de-la-pagaille-a-l-assemblee_250985.html\" rel=\"nofollow noopener\" target=\"_blank\">L\u2019Assembl\u00e9e nationale<\/a> a adopt\u00e9 ce mardi 17\u00a0juin <a href=\"https:\/\/www.huffingtonpost.fr\/politique\/article\/l-ultime-man-uvre-des-macronistes-a-l-assemblee-pour-sauver-un-peu-leur-bilan-ecolo_251400.html\" rel=\"nofollow noopener\" target=\"_blank\">la loi \u00ab\u00a0simplification\u00a0\u00bb<\/a>, lanc\u00e9e par Bruno Le\u00a0Maire en 2024 mais largement d\u00e9natur\u00e9e par le Parlement apr\u00e8s la dissolution, au terme d\u2019un vote \u00e0 suspense. Les troupes du pr\u00e9sident, majoritairement contre, ont \u00e9chou\u00e9 \u00e0 retoquer le texte.<\/p>\n<p class=\"asset asset-text\">Le projet de loi a effectivement \u00e9t\u00e9 valid\u00e9 en fin d\u2019apr\u00e8s-midi \u00e0 275 voix contre 252. La droite et l\u2019alliance RN-ciottistes ont vot\u00e9 pour, comme le MoDem et Horizons. Face \u00e0 eux, la gauche et les troupes d\u2019Emmanuel Macron &#8211; qui esp\u00e9raient un vote n\u00e9gatif pour repartir de la version du S\u00e9nat &#8211; n\u2019ont donc pas fait le poids.<\/p>\n<p class=\"asset asset-text\">C\u2019est un coup dur incontestable pour le chef de l\u2019\u00c9tat et ses soutiens, tant le texte pr\u00e9vu au d\u00e9part pour simplifier la vie des entreprises s\u2019est transform\u00e9 au final en une ribambelle de reculs \u00e9cologiques, propres \u00e0 remettre en cause le bilan du premier quinquennat Macron en la mati\u00e8re. Parmi eux\u00a0: la fin des ZFE, ces \u00ab\u00a0zones \u00e0 faibles \u00e9missions\u00a0\u00bb, qui excluent certaines voitures polluantes pour lutter contre la pollution de l\u2019air.<\/p>\n<p>    <strong>Les frondeurs macronistes<\/strong>    <\/p>\n<p class=\"asset asset-text\">Dans le d\u00e9tail, la fronde d\u2019une vingtaine de macronistes aura \u00e9t\u00e9 fatale \u00e0 la man\u0153uvre du groupe EPR. Son pr\u00e9sident, Gabriel Attal, avait effectivement appel\u00e9 \u00e0 retoquer le texte d\u2019un bloc. Histoire de repartir de la version du S\u00e9nat, plus proche de la philosophie initiale. <a href=\"https:\/\/www.assemblee-nationale.fr\/dyn\/17\/scrutins\/2458\" target=\"_blank\" rel=\"noopener nofollow\" title=\"Nouvelle fen\u00eatre\">Mais 22\u00a0d\u00e9put\u00e9s n\u2019ont pas suivi la consigne<\/a>\u00a0: 8\u00a0ont vot\u00e9 pour, 14\u00a0se sont abstenus. Si le collectif avait vot\u00e9 comme un seul homme, le texte aurait donc \u00e9t\u00e9 retoqu\u00e9.<\/p>\n<p class=\"asset asset-text\">Outre la fin des ZFE (dispositif n\u00e9 de la fameuse Convention citoyenne pour le climat), le texte acte \u00e9galement un net recul du \u00ab\u00a0z\u00e9ro artificialisation nette\u00a0\u00bb (ZAN), dispositif de lutte contre l\u2019artificialisation des sols. D\u00e9sormais, les collectivit\u00e9s pourront \u00ab\u00a0d\u00e9passer jusqu\u2019\u00e0 30\u00a0%\u00a0\u00bb la limite de surfaces am\u00e9nageables.<\/p>\n<p class=\"asset asset-text\">Apr\u00e8s le vote, la ministre Les R\u00e9publicains charg\u00e9e du Commerce et des PME V\u00e9ronique Louwagie a d\u00e9fendu un texte \u00ab\u00a0fortement attendu par le monde \u00e9conomique\u00a0\u00bb, quand son coll\u00e8gue de la Fonction publique et de la Simplification Laurent Marcangeli (Horizons) a vant\u00e9 un projet de loi qui \u00ab\u00a0r\u00e9pond \u00e0 une demande claire\u00a0: all\u00e9ger les contraintes administratives qui p\u00e8sent sur leur quotidien et freinent leur d\u00e9veloppement.\u00a0\u00bb<\/p>\n<p class=\"asset asset-text\">Au contraire, \u00ab\u00a0c\u2019est un texte qui fragilise ce que nous avons construit depuis huit ans\u00a0\u00bb, avait d\u00e9plor\u00e9 la d\u00e9put\u00e9e EPR Marie Lebec \u00e0 la tribune, tandis que l\u2019orateur du Rassemblement national Matthias Renault se f\u00e9licitait, par exemple, d\u2019un projet qui \u00ab\u00a0remet en cause l\u2019\u00e9cologie punitive.\u00a0\u00bb<\/p>\n<p class=\"asset asset-text\">D\u00e9sormais, le texte doit passer devant une commission mixte paritaire, o\u00f9 sept d\u00e9put\u00e9s et sept s\u00e9nateurs devront s\u2019accorder sur une mouture commune. Mais le camouflet est d\u00e9j\u00e0 cons\u00e9quent pour Emmanuel Macron, lequel s\u2019\u00e9tait dit, la semaine derni\u00e8re, \u00ab\u00a0\u00e9nerv\u00e9 au plus haut point\u00a0\u00bb par la s\u00e9rie de d\u00e9tricotages \u00e0 l\u2019\u0153uvre. Le signe de responsables politiques qui \u00ab\u00a0c\u00e8dent \u00e0 la facilit\u00e9\u00a0\u00bb, avait-il fustig\u00e9. Et qui, pour certains, se r\u00e9v\u00e8lent une \u00e2me de frondeur.<\/p>\n","protected":false},"excerpt":{"rendered":"LUDOVIC MARIN \/ AFP Divis\u00e9es, les troupes d\u2019Attal \u00e9chouent \u00e0 faire retoquer la loi simplification, coup dur pour&hellip;\n","protected":false},"author":2,"featured_media":184129,"comment_status":"","ping_status":"","sticky":false,"template":"","format":"standard","meta":{"footnotes":""},"categories":[4],"tags":[11,416,51,436,1011,27,12,316,25],"class_list":{"0":"post-184128","1":"post","2":"type-post","3":"status-publish","4":"format-standard","5":"has-post-thumbnail","7":"category-france","8":"tag-actualites","9":"tag-assemblee-nationale","10":"tag-ecologie","11":"tag-environnement","12":"tag-fr","13":"tag-france","14":"tag-news","15":"tag-politique","16":"tag-republique-francaise"},"share_on_mastodon":{"url":"https:\/\/pubeurope.com\/@fr\/114700454743774692","error":""},"_links":{"self":[{"href":"https:\/\/www.europesays.com\/fr\/wp-json\/wp\/v2\/posts\/184128","targetHints":{"allow":["GET"]}}],"collection":[{"href":"https:\/\/www.europesays.com\/fr\/wp-json\/wp\/v2\/posts"}],"about":[{"href":"https:\/\/www.europesays.com\/fr\/wp-json\/wp\/v2\/types\/post"}],"author":[{"embeddable":true,"href":"https:\/\/www.europesays.com\/fr\/wp-json\/wp\/v2\/users\/2"}],"replies":[{"embeddable":true,"href":"https:\/\/www.europesays.com\/fr\/wp-json\/wp\/v2\/comments?post=184128"}],"version-history":[{"count":0,"href":"https:\/\/www.europesays.com\/fr\/wp-json\/wp\/v2\/posts\/184128\/revisions"}],"wp:featuredmedia":[{"embeddable":true,"href":"https:\/\/www.europesays.com\/fr\/wp-json\/wp\/v2\/media\/184129"}],"wp:attachment":[{"href":"https:\/\/www.europesays.com\/fr\/wp-json\/wp\/v2\/media?parent=184128"}],"wp:term":[{"taxonomy":"category","embeddable":true,"href":"https:\/\/www.europesays.com\/fr\/wp-json\/wp\/v2\/categories?post=184128"},{"taxonomy":"post_tag","embeddable":true,"href":"https:\/\/www.europesays.com\/fr\/wp-json\/wp\/v2\/tags?post=184128"}],"curies":[{"name":"wp","href":"https:\/\/api.w.org\/{rel}","templated":true}]}}