{"id":184132,"date":"2025-06-17T19:54:10","date_gmt":"2025-06-17T19:54:10","guid":{"rendered":"https:\/\/www.europesays.com\/fr\/184132\/"},"modified":"2025-06-17T19:54:10","modified_gmt":"2025-06-17T19:54:10","slug":"la-pilote-de-la-moto-meurt-sur-le-coup","status":"publish","type":"post","link":"https:\/\/www.europesays.com\/fr\/184132\/","title":{"rendered":"la pilote de la moto meurt sur le coup"},"content":{"rendered":"<p>Un terrible accident de la circulation s\u2019est produit mardi en fin d\u2019apr\u00e8s-midi dans l\u2019agglom\u00e9ration st\u00e9phanoise\u200a: les secours ont \u00e9t\u00e9 appel\u00e9s vers 17 heures pour une collision entre une moto et un bus route de Sorbiers (M23) sur la commune de Saint-H\u00e9and..<\/p>\n<p>Deux ambulances, un v\u00e9hicule de secours routier et dix sapeurs-pompiers se rendent alors sur place. \u00c0 l\u2019arriv\u00e9e des \u00e9quipes de secours du Service d\u00e9partemental d\u2019incendie et de secours de la Loire (Sdis 42), le bilan fait \u00e9tat de deux victimes.<\/p>\n<p>Le conducteur du bus choqu\u00e9<\/p>\n<p>La pilote de la moto, une femme de 58 ans, est en arr\u00eat cardio-respiratoire. Elle a \u00e9t\u00e9 d\u00e9clar\u00e9e d\u00e9c\u00e9d\u00e9e sur place. Le conducteur du bus, un homme de 33 ans, a \u00e9t\u00e9 choqu\u00e9 et l\u00e9g\u00e8rement bless\u00e9. Il a \u00e9t\u00e9 transport\u00e9 \u00e0 l\u2019h\u00f4pital Nord.<\/p>\n<p>Selon le capitaine Herv\u00e9 Fournerie, commandant adjoint de compagnie de la compagnie de Saint-\u00c9tienne, \u00ab\u200ale bus scolaire et la moto circulaient dans le m\u00eame sens, entre les communes de Saint-H\u00e9and et de Sorbiers\u200a\u00bb.<\/p>\n<p>Sur place, les militaires de la brigade territoriale de Sorbiers et de la Brigade motoris\u00e9e de Saint-\u00c9tienne ont proc\u00e9d\u00e9 aux premi\u00e8res constatations.<\/p>\n<p>L\u2019enqu\u00eate devra permettre de d\u00e9finir ce qu\u2019il s\u2019est pass\u00e9 alors que les deux v\u00e9hicules entamaient la remont\u00e9e, la motocycliste suivant le bus, vers la cit\u00e9 sorb\u00e9ranne apr\u00e8s un virage en \u00e9pingle sur la droite.<\/p>\n<p>\u00c9blouissement d\u00fb au soleil couchant\u200a? Erreur d\u2019inattention ? Probl\u00e8me m\u00e9canique\u200a? Selon nos informations, aucune hypoth\u00e8se n\u2019est \u00e9cart\u00e9e pour le moment par les militaires charg\u00e9s de l\u2019enqu\u00eate.<\/p>\n<p>  Des \u00e9l\u00e8ves tr\u00e8s choqu\u00e9s par le drame<\/p>\n<p>Le bus transportait environ quarante \u00e9l\u00e8ves du coll\u00e8ge de Saint-H\u00e9and qui ont \u00e9t\u00e9 r\u00e9cup\u00e9r\u00e9s \u00ab\u200apour la grande majorit\u00e9\u200a\u00bb par leurs parents d\u2019apr\u00e8s le capitaine Herv\u00e9 Fournerie.<\/p>\n<p>Pour certains avant m\u00eame l\u2019arriv\u00e9e des secours. Une cellule psychologique sera mise en place au sein de l\u2019\u00e9tablissement h\u00e9andais ce mercredi matin.<\/p>\n<p>\u00ab De nombreux \u00e9l\u00e8ves qui se trouvaient \u00e0 bord du bus ont \u00e9t\u00e9 tr\u00e8s choqu\u00e9s par le drame. Il est important de les accompagner \u00bb, ajoute le grad\u00e9.<\/p>\n<p>Il s\u2019agit du sixi\u00e8me mort sur les routes du d\u00e9partement de la Loire depuis le d\u00e9but de l\u2019ann\u00e9e. Le second impliquant le pilote d\u2019un deux-roues apr\u00e8s la collision avec une voiture \u00e0 Villerest au d\u00e9but du mois de juin<\/p>\n","protected":false},"excerpt":{"rendered":"Un terrible accident de la circulation s\u2019est produit mardi en fin d\u2019apr\u00e8s-midi dans l\u2019agglom\u00e9ration st\u00e9phanoise\u200a: les secours ont&hellip;\n","protected":false},"author":2,"featured_media":184133,"comment_status":"","ping_status":"","sticky":false,"template":"","format":"standard","meta":{"footnotes":""},"categories":[9653],"tags":[119,1111,11,2430,7539,1777,674,274,1011,27,3367,12,25,4001,9664,22839],"class_list":{"0":"post-184132","1":"post","2":"type-post","3":"status-publish","4":"format-standard","5":"has-post-thumbnail","7":"category-saint-etienne","8":"tag-accident","9":"tag-actu","10":"tag-actualites","11":"tag-auvergne-rhone-alpes","12":"tag-edition-loire-sud","13":"tag-eu","14":"tag-europe","15":"tag-faits-divers-justice","16":"tag-fr","17":"tag-france","18":"tag-loire","19":"tag-news","20":"tag-republique-francaise","21":"tag-saint-etienne","22":"tag-saint-etienne-bassin","23":"tag-saint-heand"},"share_on_mastodon":{"url":"https:\/\/pubeurope.com\/@fr\/114700462539547740","error":""},"_links":{"self":[{"href":"https:\/\/www.europesays.com\/fr\/wp-json\/wp\/v2\/posts\/184132","targetHints":{"allow":["GET"]}}],"collection":[{"href":"https:\/\/www.europesays.com\/fr\/wp-json\/wp\/v2\/posts"}],"about":[{"href":"https:\/\/www.europesays.com\/fr\/wp-json\/wp\/v2\/types\/post"}],"author":[{"embeddable":true,"href":"https:\/\/www.europesays.com\/fr\/wp-json\/wp\/v2\/users\/2"}],"replies":[{"embeddable":true,"href":"https:\/\/www.europesays.com\/fr\/wp-json\/wp\/v2\/comments?post=184132"}],"version-history":[{"count":0,"href":"https:\/\/www.europesays.com\/fr\/wp-json\/wp\/v2\/posts\/184132\/revisions"}],"wp:featuredmedia":[{"embeddable":true,"href":"https:\/\/www.europesays.com\/fr\/wp-json\/wp\/v2\/media\/184133"}],"wp:attachment":[{"href":"https:\/\/www.europesays.com\/fr\/wp-json\/wp\/v2\/media?parent=184132"}],"wp:term":[{"taxonomy":"category","embeddable":true,"href":"https:\/\/www.europesays.com\/fr\/wp-json\/wp\/v2\/categories?post=184132"},{"taxonomy":"post_tag","embeddable":true,"href":"https:\/\/www.europesays.com\/fr\/wp-json\/wp\/v2\/tags?post=184132"}],"curies":[{"name":"wp","href":"https:\/\/api.w.org\/{rel}","templated":true}]}}