{"id":184134,"date":"2025-06-17T19:55:14","date_gmt":"2025-06-17T19:55:14","guid":{"rendered":"https:\/\/www.europesays.com\/fr\/184134\/"},"modified":"2025-06-17T19:55:14","modified_gmt":"2025-06-17T19:55:14","slug":"lecole-des-ovides-interroge-sur-lusage-des-ecrans","status":"publish","type":"post","link":"https:\/\/www.europesays.com\/fr\/184134\/","title":{"rendered":"l\u2019\u00e9cole des Ovides interroge sur l\u2019usage des \u00e9crans"},"content":{"rendered":"<p>36 \u00e9l\u00e8ves de 7 \u00e0 11 ans de l\u2019\u00e9cole des Ovides sont mont\u00e9s sur sc\u00e8ne \u00e0 la Com\u00e8te, mardi soir, pour pr\u00e9senter un spectacle d\u20191\u00a0h\u00a030 sur le th\u00e8me de la dangerosit\u00e9 des \u00e9crans. Par leur sens de la chor\u00e9graphie, les \u00e9l\u00e8ves ont captiv\u00e9 une salle Panassa quasiment pleine. Questions \u00e0 Pierre Bufferne, coresponsable du spectacle.<\/p>\n<blockquote class=\"question\"><p>Pourquoi avez-vous choisi le th\u00e8me des \u00e9crans\u00a0?<\/p><\/blockquote>\n<p>\u00ab\u00a0C\u2019\u00e9tait la th\u00e9matique de travail de l\u2019\u00e9cole cette ann\u00e9e. Nous avions \u00e0 c\u0153ur de d\u00e9noncer cette invasion des \u00e9crans, tant pour nos&#8230;<\/p>\n","protected":false},"excerpt":{"rendered":"36 \u00e9l\u00e8ves de 7 \u00e0 11 ans de l\u2019\u00e9cole des Ovides sont mont\u00e9s sur sc\u00e8ne \u00e0 la Com\u00e8te,&hellip;\n","protected":false},"author":2,"featured_media":184135,"comment_status":"","ping_status":"","sticky":false,"template":"","format":"standard","meta":{"footnotes":""},"categories":[9653],"tags":[1111,11,2430,1687,7539,1777,674,1011,27,12,25,4001,7538,3140],"class_list":{"0":"post-184134","1":"post","2":"type-post","3":"status-publish","4":"format-standard","5":"has-post-thumbnail","7":"category-saint-etienne","8":"tag-actu","9":"tag-actualites","10":"tag-auvergne-rhone-alpes","11":"tag-culture-loisirs","12":"tag-edition-loire-sud","13":"tag-eu","14":"tag-europe","15":"tag-fr","16":"tag-france","17":"tag-news","18":"tag-republique-francaise","19":"tag-saint-etienne","20":"tag-saint-etienne-ville","21":"tag-spectacle"},"share_on_mastodon":{"url":"https:\/\/pubeurope.com\/@fr\/114700466456281184","error":""},"_links":{"self":[{"href":"https:\/\/www.europesays.com\/fr\/wp-json\/wp\/v2\/posts\/184134","targetHints":{"allow":["GET"]}}],"collection":[{"href":"https:\/\/www.europesays.com\/fr\/wp-json\/wp\/v2\/posts"}],"about":[{"href":"https:\/\/www.europesays.com\/fr\/wp-json\/wp\/v2\/types\/post"}],"author":[{"embeddable":true,"href":"https:\/\/www.europesays.com\/fr\/wp-json\/wp\/v2\/users\/2"}],"replies":[{"embeddable":true,"href":"https:\/\/www.europesays.com\/fr\/wp-json\/wp\/v2\/comments?post=184134"}],"version-history":[{"count":0,"href":"https:\/\/www.europesays.com\/fr\/wp-json\/wp\/v2\/posts\/184134\/revisions"}],"wp:featuredmedia":[{"embeddable":true,"href":"https:\/\/www.europesays.com\/fr\/wp-json\/wp\/v2\/media\/184135"}],"wp:attachment":[{"href":"https:\/\/www.europesays.com\/fr\/wp-json\/wp\/v2\/media?parent=184134"}],"wp:term":[{"taxonomy":"category","embeddable":true,"href":"https:\/\/www.europesays.com\/fr\/wp-json\/wp\/v2\/categories?post=184134"},{"taxonomy":"post_tag","embeddable":true,"href":"https:\/\/www.europesays.com\/fr\/wp-json\/wp\/v2\/tags?post=184134"}],"curies":[{"name":"wp","href":"https:\/\/api.w.org\/{rel}","templated":true}]}}