{"id":18414,"date":"2025-04-11T22:31:14","date_gmt":"2025-04-11T22:31:14","guid":{"rendered":"https:\/\/www.europesays.com\/fr\/18414\/"},"modified":"2025-04-11T22:31:14","modified_gmt":"2025-04-11T22:31:14","slug":"si-peter-dit-saute-les-acteurs-du-seigneur-des-anneaux-parlent-dun-eventuel-retour","status":"publish","type":"post","link":"https:\/\/www.europesays.com\/fr\/18414\/","title":{"rendered":"\u00ab\u00a0Si Peter dit &lsquo;saute&rsquo;&#8230;\u00a0\u00bb Les acteurs du Seigneur des Anneaux parlent d&rsquo;un \u00e9ventuel retour"},"content":{"rendered":"<p>Si Prime Video exploite l\u2019imaginaire de Tolkien avec <a href=\"https:\/\/www.journaldugeek.com\/2025\/02\/14\/les-anneaux-de-pouvoir-un-grand-saut-dans-le-temps-au-programme-de-la-saison-3\/\" target=\"_blank\" rel=\"noopener\">Les Anneaux de Pouvoir<\/a>, Warner Bros n\u2019a pas l\u2019intention de laisser dormir ses droits d\u2019adaptation tr\u00e8s longtemps. Une d\u00e9cennie apr\u00e8s Le Hobbit\u00a0: La Bataille des Cinq Arm\u00e9es, deux apr\u00e8s l\u2019apoth\u00e9ose Le Seigneur des Anneaux\u00a0: le retour du Roi, le studio planche sur un nouveau m\u00e9trage \u00e9voluant sur la Terre du Milieu. Sous <strong>la direction d\u2019Andy Serkis<\/strong>, avec Peter Jackson et Fran Walsh \u00e0 la production ainsi que Phoebe Gittins et Philippa Boyens \u00e0 l\u2019\u00e9criture, <strong>The Hunt for Gollum<\/strong> veut rappeler les amateurs de fantasy aux belles heures du genre dans les salles obscures.<\/p>\n<p>Le projet annonc\u00e9 en 2024 \u00e0 la surprise g\u00e9n\u00e9rale devrait se situer<strong> entre le voyage de Bilbon et celui de son neveu Frodon. I<\/strong>l racontera comment Aragorn est envoy\u00e9 \u00e0 la poursuite de celui que l\u2019on appelait autre fois Smeagol. Gandalf veut emp\u00eacher que <a href=\"https:\/\/www.journaldugeek.com\/critique\/critique-le-seigneur-des-anneaux-les-anneaux-de-pouvoir-saison-2-nous-sauron-enfin-tout\/\" target=\"_blank\" rel=\"noopener\">Sauron<\/a> ne d\u00e9couvre des <strong>informations cruciales sur l\u2019Anneau Unique<\/strong>, de celles qui pourraient largement lui offrir la victoire face aux peuples de la Terre du Milieu.<\/p>\n<p> Faire le pont <\/p>\n<p>Pour rappel, dans Le Hobbit, Bilbon croise pour la premi\u00e8re fois Gollum apr\u00e8s avoir s\u2019\u00eatre perdu dans Les Monts Brumeux. Ce dernier est en possession de l\u2019anneau depuis des ann\u00e9es, mais va se le faire voler par le personnage principal du premier roman de Tolkien. Bilbon le gardera <strong>une soixantaine d\u2019ann\u00e9es<\/strong> avant de le donner \u00e0 Frodon pour qu\u2019il puisse le d\u00e9truire. Peter Jackson expliquait \u00e0 Deadline l\u2019ann\u00e9e derni\u00e8re \u00eatre fascin\u00e9 par Gollum, car il repr\u00e9sente\u00a0:<\/p>\n<p>\u201cle pire de la nature humaine, alors que Smeagol \u00e9tait, sans doute, assez sympathique.\u00a0 Nous voulons vraiment explorer son histoire et explorer les aspects de son parcours que nous n\u2019avons pas eu le temps d\u2019aborder dans les films pr\u00e9c\u00e9dents. Il est trop t\u00f4t pour savoir qui croisera son chemin, mais disons simplement que nous nous inspirerons du professeur Tolkien\u201d.\u00a0<\/p>\n<p> Retour des anciens\u00a0? <\/p>\n<p>Aucune annonce de casting n\u2019a \u00e9t\u00e9 faite, mais le sujet continue de fasciner les adorateurs de Tolkien et son imaginaire. Lors de l\u2019AwesomeCon, <a href=\"https:\/\/screenrant.com\/lord-of-the-rings-original-cast-return-tyler-astin-rhys-davies-bloom-response\/\" target=\"_blank\" rel=\"noopener\">ScreenRant<\/a> a men\u00e9 un panel avec certains des acteurs embl\u00e9matiques des premiers films. Sur sc\u00e8ne, Liv Tyler (Arwen), John Rhys-Davies (Gimli), Sean Astin (Sam) et Orlando Bloom (Legolas) ont \u00e9t\u00e9 \u00e9videmment \u00e9t\u00e9 interrog\u00e9 sur la possibilit\u00e9 pour eux de reprendre du service. Rien n\u2019est impossible. L\u2019interpr\u00e8te d\u2019Arwen, le personnage a une grande importance pour Aragorn, confie \u00eatre pr\u00eate \u00e0 faire \u201cn\u2019importe quoi pour retrouver son personnage\u201d. Elle explique\u00a0: \u201cJ\u2019\u00e9cris souvent \u00e0 Fran et Philippa. Je leur dis\u00a0: \u2018Dis-moi, est-ce qu\u2019on aura besoin de revoir Arwen\u00a0?\u2019 C\u2019\u00e9tait un tel cadeau pour nous\u201d.\u00a0<\/p>\n<p>L\u2019interpr\u00e8te de Sam se demande quant \u00e0 lui comment<strong> il sera capable de livrer une performance \u00e0 la hauteur de la pr\u00e9c\u00e9dente<\/strong>, en sachant quel impact ont eu les premiers films sur la pop culture. Celui qui compte aussi l\u2019estampille Les Goonies dans sa filmographie n\u2019est encore jamais revenu \u00e0 un univers qui est devenu aussi illustre. \u201cJe me demande ce que \u00e7a ferait d\u2019essayer de se produire sur le tournage, d\u2019\u00eatre pr\u00e9sent et concentr\u00e9 sur ce qu\u2019on fait, avec ce genre de pression. Je ne sais pas ce que \u00e7a donnerait\u201d.<\/p>\n<p>L\u2019interpr\u00e8te de Gimli se pose moins de questions, expliquant qu\u2019il ne veut simplement pas avoir \u00e0 porter la proth\u00e8se qu\u2019il avait au d\u00e9but des ann\u00e9es 2000. Enfin, Orlando Bloom est l\u2019un des acteurs qui ont le plus de chance de revenir pour ces nouvelles aventures et ne cache pas son enthousiasme. Il explique n\u2019avoir aucune r\u00e9ticence. \u201cJe pense encore que, si Pete me dit \u201csaute\u201d, je r\u00e9ponds \u201c\u00e0 quelle hauteur?\u201d. <strong>Qui ne voudrait pas retourner l\u00e0-bas\u00a0?\u201d\u00a0<\/strong><\/p>\n<p> Un calendrier charg\u00e9 <\/p>\n<p>Pour rappel, Viggo Mortensen n\u2019a pas officiellement \u00e9t\u00e9 annonc\u00e9 \u00e0 la distribution. Il en est de m\u00eame pour <a href=\"https:\/\/www.journaldugeek.com\/2024\/09\/03\/ian-mckellen-evoque-son-retour-dans-le-prochain-seigneur-des-anneaux\/\" target=\"_blank\" rel=\"noopener\">Ian McKellen<\/a> qui campe Gandalf. Ils avaient d\u00e9j\u00e0 n\u00e9anmoins \u00e9voqu\u00e9 la possibilit\u00e9 de <a href=\"https:\/\/www.journaldugeek.com\/2024\/12\/05\/le-seigneur-des-anneaux-viggo-mortensen-pourrait-il-passer-la-main\/\" target=\"_blank\" rel=\"noopener\">reprendre du service<\/a>. L\u2019interpr\u00e8te du magicien gris est n\u00e9anmoins particuli\u00e8rement occup\u00e9 puisqu\u2019il vient d\u2019\u00eatre annonc\u00e9 \u00e0 la distribution d\u2019Avengers\u00a0: Doomsday. Le tournage a commenc\u00e9 en Grande-Bretagne et il retrouve le personnage de Magneto devant la cam\u00e9ra des fr\u00e8res Russo.<\/p>\n<p>De son c\u00f4t\u00e9, The Hunt for Gollum doit investir les cin\u00e9mas du monde en d\u00e9cembre 2027. Il \u00e9tait promis \u00e0 une sortie en 2026 mais a \u00e9t\u00e9 repouss\u00e9 pour permettre aux \u00e9quipes de peaufiner le sc\u00e9nario. En th\u00e9orie, McKellen devrait avoir l\u2019opportunit\u00e9 de remettre sa cape et sa barbe pour The Hunt for Gollum. Reste que son personnage devrait \u00eatre une composante essentielle d\u2019<a href=\"https:\/\/www.journaldugeek.com\/2025\/02\/12\/avengers-6-ca-avance-tres-bien-pour-secret-wars\/\" target=\"_blank\" rel=\"noopener\">Avengers\u00a0: Secret Wars<\/a>, qui sera tourn\u00e9 en 2026. Marvel et New Line vont devoir jouer des coudes.<\/p>\n<p> \u2014 \u00c0 voir aussi \u2014 <\/p>\n<p>    <a href=\"https:\/\/www.youtube.com\/user\/JournalduGeek?sub_confirmation=1\" target=\"_blank\" rel=\"nofollow noopener\"><br \/>\n        S&rsquo;abonner \u00e0 Journal du Geek<br \/>\n    <\/a> <\/p>\n<blockquote>\n<p class=\"text-base text-neutral-700 dark:text-neutral-300\">\ud83d\udfe3 Pour ne manquer aucune news sur le Journal du Geek, abonnez-vous sur <a href=\"https:\/\/news.google.com\/publications\/CAAqBwgKMNr_hAswwYyCAw?hl=fr&amp;gl=FR&amp;ceid=FR%3Afr\" target=\"_blank\" rel=\"noopener\">Google Actualit\u00e9s<\/a> et sur <a href=\"https:\/\/whatsapp.com\/channel\/0029VaClM5y4tRry12tb7D2h\" target=\"_blank\" rel=\"noopener\">notre WhatsApp<\/a>. Et si vous nous adorez, on a <a href=\"https:\/\/www.journaldugeek.com\/newsletter\/\" target=\"_blank\" rel=\"noopener\">une newsletter tous les matins<\/a>.<\/p>\n<\/blockquote>\n","protected":false},"excerpt":{"rendered":"Si Prime Video exploite l\u2019imaginaire de Tolkien avec Les Anneaux de Pouvoir, Warner Bros n\u2019a pas l\u2019intention de&hellip;\n","protected":false},"author":2,"featured_media":18415,"comment_status":"","ping_status":"","sticky":false,"template":"","format":"standard","meta":{"footnotes":""},"categories":[1354],"tags":[58,59,1346,1011,27,7318,1360,7319],"class_list":{"0":"post-18414","1":"post","2":"type-post","3":"status-publish","4":"format-standard","5":"has-post-thumbnail","7":"category-films","8":"tag-divertissement","9":"tag-entertainment","10":"tag-films","11":"tag-fr","12":"tag-france","13":"tag-le-seigneur-des-anneaux","14":"tag-movies","15":"tag-the-hunt-for-gollum"},"share_on_mastodon":{"url":"https:\/\/pubeurope.com\/@fr\/114321705415667278","error":""},"_links":{"self":[{"href":"https:\/\/www.europesays.com\/fr\/wp-json\/wp\/v2\/posts\/18414","targetHints":{"allow":["GET"]}}],"collection":[{"href":"https:\/\/www.europesays.com\/fr\/wp-json\/wp\/v2\/posts"}],"about":[{"href":"https:\/\/www.europesays.com\/fr\/wp-json\/wp\/v2\/types\/post"}],"author":[{"embeddable":true,"href":"https:\/\/www.europesays.com\/fr\/wp-json\/wp\/v2\/users\/2"}],"replies":[{"embeddable":true,"href":"https:\/\/www.europesays.com\/fr\/wp-json\/wp\/v2\/comments?post=18414"}],"version-history":[{"count":0,"href":"https:\/\/www.europesays.com\/fr\/wp-json\/wp\/v2\/posts\/18414\/revisions"}],"wp:featuredmedia":[{"embeddable":true,"href":"https:\/\/www.europesays.com\/fr\/wp-json\/wp\/v2\/media\/18415"}],"wp:attachment":[{"href":"https:\/\/www.europesays.com\/fr\/wp-json\/wp\/v2\/media?parent=18414"}],"wp:term":[{"taxonomy":"category","embeddable":true,"href":"https:\/\/www.europesays.com\/fr\/wp-json\/wp\/v2\/categories?post=18414"},{"taxonomy":"post_tag","embeddable":true,"href":"https:\/\/www.europesays.com\/fr\/wp-json\/wp\/v2\/tags?post=18414"}],"curies":[{"name":"wp","href":"https:\/\/api.w.org\/{rel}","templated":true}]}}