{"id":184152,"date":"2025-06-17T20:05:27","date_gmt":"2025-06-17T20:05:27","guid":{"rendered":"https:\/\/www.europesays.com\/fr\/184152\/"},"modified":"2025-06-17T20:05:27","modified_gmt":"2025-06-17T20:05:27","slug":"suivez-notre-guide-pour-profiter-de-la-fete-de-la-musique","status":"publish","type":"post","link":"https:\/\/www.europesays.com\/fr\/184152\/","title":{"rendered":"suivez notre guide pour profiter de la F\u00eate de la musique"},"content":{"rendered":"<p>  Au Fort de la Bastille<\/p>\n<p>Des duos, trios, quatuors&#8230;de l\u2019Harmonie de Grenoble. <a href=\"https:\/\/www.harmonie-grenoble.fr\/index.php?option=com_content&amp;view=article&amp;id=60&amp;Itemid=131\" target=\"_blank\" rel=\"nofollow noopener\">Les Son\u2019enBulles<\/a> (fanfare), Atoutcuivre (cuivres), le BEC (clarinettes), le VOF (fl\u00fbtes), les Saxo\u2019Notes (saxophones), les orchestres cadet et junior\u2026 Sans oublier le Grand orchestre d\u2019Harmonie et ses 55 musiciens\u00a0!<\/p>\n<p class=\"note\">De 12\u00a0h\u00a030 \u00e0 19 heures.<\/p>\n<p>  Au Rocky Pop Music Party<\/p>\n<p>Le Groupe de Oufff qui promet quelque chose d\u2019extraordinaire\u00a0; Stock, l\u2019histoire de deux fr\u00e8res qui aiment le rock, la folk et la guitare\u00a0; Pas riche Hilton, un groupe de reprises pour celles et ceux qui n\u2019aiment pas les groupes de reprises.<\/p>\n<p class=\"note\">Au 9 rue de Strasbourg, \u00e0 partir de 18 heures.<\/p>\n<p>  Au The Rock Tavern<\/p>\n<p>Concert de folk metal avec Wesmaguhl.<\/p>\n<p>Au 3 boulevard Gambetta, \u00e0 partir de 20 heures.<\/p>\n<p>  \u00c0\u00a0La Chim\u00e8re<\/p>\n<p>Mathilde Dionnet\u00a0: chansons fran\u00e7aises pop rock\u00a0; Septet du jazz\u00a0: jazz musique du monde.<\/p>\n<p class=\"note\">Au 12 rue Voltaire \u00e0 partir de 20\u00a0h\u00a030.<\/p>\n<p>  Au Beer Square Grenoble<\/p>\n<p>Soir\u00e9e br\u00e9silienne avec le groupe SambaNoble.<\/p>\n<p class=\"note\">Au 5 esplanade Andry-Farcy \u00e0 partir de 20 heures.<\/p>\n<p class=\"insetTitle\">Vous jouez aussi ? Dites-le nous !<\/p>\n<p>N\u2019h\u00e9sitez pas \u00e0 nous \u00e9crire si votre \u00e9v\u00e9nement n\u2019est pas mentionn\u00e9, nous le rajouterons : clement.berthet@ledauphine.com<\/p>\n<p>  \u00c0\u00a0Cymbaline<\/p>\n<p>R\u00f8z, une voix incarn\u00e9e et rauque, qui traverse les \u00e9motions avec une intensit\u00e9 brute et sinc\u00e8re\u00a0; Mr Kanandjo &amp; Le Kouguen\u2019tetao, une aventure musicale entre reggae, afro, pop et chanson fran\u00e7aise\u00a0; Funky void, <a href=\"https:\/\/www.instagram.com\/funky_void\/\" target=\"_blank\" rel=\"nofollow noopener\">un power trio de hard rock grenoblois<\/a>.<\/p>\n<p class=\"note\">Au 5 rue Jean-Jacques-Rousseau, \u00e0 partir de 19 heures.<\/p>\n<p>  \u00c0\u00a0Hop Hop Hop<\/p>\n<p>Nina Quincy, un duo p\u00e9tillant et chaleureux de reprises de jazz, de pop acoustique, de vari\u00e9t\u00e9 fran\u00e7aise et anglophone\u00a0; B.L.T. Sandwich club, reprises pop\/rock \u00e9clectiques\u00a0; Pillowtree, de la folk indie aux compositions originales\u00a0; Nunky Futs, du jazz fusion instrumental qui groove.<\/p>\n<p class=\"note\">Au 17 avenue F\u00e9lix-Viallet, \u00e0 partir de 18 heures.<\/p>\n<p>  \u00c0\u00a0Levrette caf\u00e9<\/p>\n<p>BoZo (Sins\u00e9milia &amp; Danakil) avec ses lives de saxophone\u00a0; Daniel Orpi, originaire de Barcelone et figure de la sc\u00e8ne de musique \u00e9lectronique\u00a0; Asjockers, DJ et producteur grenoblois, Juanito, influenc\u00e9 par ses racines ib\u00e9riques avec une musique qui navigue entre house et techno.<\/p>\n<p class=\"point\">\u00c0 l&rsquo;Esplanade de la Caserne de Bonne, \u00e0 partir de 18 heures.<\/p>\n<p>  \u00c0\u00a0La Guinguette \u00e9lectrique<\/p>\n<p>Lancement de la nouvelle saison \u00e0 l\u2019occasion de cette F\u00eate de la musique avec Pambel\u00e9, compos\u00e9 de sept musiciens qui explorent les connexions entre les musiques dites traditionnelles de la Cara\u00efbe colombienne et les influences sonores psych\u00e9es occidentales\u00a0; BoxSons et ses sets \u00e9clectiques\u00a0; Turbo Boom-Boom, l\u2019explorateur musical passionn\u00e9.<\/p>\n<p class=\"note\">Au 12 esplanade Andry-Farcy, \u00e0 partir de 18 heures.<\/p>\n<p>                                            <img class=\"placeholder-svg\" loading=\"lazy\" decoding=\"async\" src=\"https:\/\/cdn-files.prsmedia.fr\/files\/REDAC\/images\/svg\/placeholders\/youtube.svg\" alt=\"Youtube PlaceHolder\"\/>               <\/p>\n<p>Ce contenu est bloqu\u00e9 car vous n&rsquo;avez pas accept\u00e9 les cookies et autres traceurs.<\/p>\n<p>En cliquant sur \u00ab J\u2019accepte \u00bb, les cookies et autres traceurs seront d\u00e9pos\u00e9s et vous pourrez visualiser les contenus  (<a href=\"\" class=\"consentModule_policy\" target=\"_blank\" title=\"Consulter la politique de protection des donn\u00e9es du fournisseur\">plus d&rsquo;informations<\/a>).<\/p>\n<p>En cliquant sur \u00ab J\u2019accepte tous les cookies \u00bb, vous autorisez des d\u00e9p\u00f4ts de cookies et autres traceurs pour le stockage de vos donn\u00e9es sur nos sites et applications \u00e0 des fins de personnalisation et de ciblage publicitaire.<\/p>\n<p class=\"consentModule_secondaryText\">Vous gardez la possibilit\u00e9 de retirer votre consentement \u00e0 tout moment en consultant notre <a href=\"https:\/\/www.ledauphine.com\/protection-des-donnees\" target=\"_blank\" title=\"Consulter notre politique de protection des donn\u00e9es\" rel=\"nofollow noopener\">politique de protection des donn\u00e9es<\/a>. <br \/>&#13;<br \/>\n            <a href=\"https:\/\/www.ledauphine.com\/culture-loisirs\/2025\/06\/17\/javascript:Didomi.notice.show()\" class=\"consentModule_cmp\" rel=\"nofollow noopener\" target=\"_blank\">G\u00e9rer mes choix<\/a>&#13;\n        <\/p>\n<p>&#13;<br \/>\n                        J&rsquo;accepte&#13;<br \/>\n            J&rsquo;accepte tous les cookies&#13;\n        <\/p>\n<p>  Au Jardin de ville<\/p>\n<p>Desertstreet, un groupe de cinq musiciens nord-africains\/fran\u00e7ais qui aspirent \u00e0 faire d\u00e9couvrirent leur fusion ensoleill\u00e9e et rythm\u00e9e de blues, de funk, de flamenco, de rock et de pop\u00a0; Balla Bangoura, un artiste venu d\u2019une famille de griots entre la Guin\u00e9e et le S\u00e9n\u00e9gal. Il int\u00e8gre sa kora dans un combo guitare, basse, batterie et percussions plein d\u2019\u00e9nergie. Dub Squad\u00a0: r\u00e9unir l\u2019\u00e9nergie du live festival et la puissance du sound system, haut lieu de la culture dub et reggae\u00a0; Holy Sound System\u00a0: n\u00e9 en 2011 avec l\u2019ambition de partager un message et une musique qui nous rassemblent autour d\u2019un sound system en perp\u00e9tuelle \u00e9volution.<\/p>\n<p class=\"note\">\u00c0 partir de 16 heures.<\/p>\n<p>  Au Minimistan<\/p>\n<p>La P\u00eache, quintet balkanique d\u00e9brid\u00e9 avec un son p\u00e9tillant et carr\u00e9ment atypique\u00a0; <a href=\"https:\/\/soundcloud.com\/collectifgagnepain\" target=\"_blank\" rel=\"nofollow noopener\">Le Collectif Gagne Pain<\/a> prend les platines pour poursuivre la soir\u00e9e.<\/p>\n<p class=\"note\">Dans la Cour Marcel-Reymond, 1 rue des Minimes, d\u00e8s 14 heures.<\/p>\n<p>  \u00c0 l&rsquo;Anneau de vitesse<\/p>\n<p>Divers groupes de musique se succ\u00e9deront sur la sc\u00e8ne\u00a0: Eaube (deep house), Patafora b2b lilii borea (world), M.Toe (techno)\u2026<\/p>\n<p class=\"note\">\u00c0 partir de 15 heures.<\/p>\n<p>  \u00c0\u00a0Bifurk<\/p>\n<p>L\u2019association Retour de Sc\u00e8ne investit la salle avec quatre concerts gratuits aux styles vari\u00e9s\u00a0: rap, fanfare festive, musiques du monde et rock puissant. Au programme\u00a0: L\u2019amiseul, Fanfare, 4Dawgz et\u00a0NOVA.<\/p>\n<p class=\"note\">Au 2 rue Gustave-Flaubert, \u00e0 partir de 19\u00a0h\u00a030.<\/p>\n<p>  \u00c0\u00a0La Correspondance<\/p>\n<p>En mode sound system en plein air, attendez-vous \u00e0 des s\u00e9lections exclusives de la part de l\u2019\u00e9quipe Grokesoir et des diff\u00e9rents guests qui se joindront \u00e0 la soir\u00e9e.<\/p>\n<p class=\"note\">Au 30 bis avenue Marcelin-Berthelot, \u00e0 partir de 18 heures.<\/p>\n<p>  \u00c0\u00a0Luna Caf\u00e9<\/p>\n<p>Les choristes amateurs de Gospel Move partagent tous la passion du chant, de la musique et tout particuli\u00e8rement du gospel.<\/p>\n<p class=\"note\">Au 33 avenue Alsace-Lorraine, \u00e0 partir de 19\u00a0h\u00a030.<\/p>\n<p>                                                                <script async src=\"\/\/www.instagram.com\/embed.js\"><\/script><\/p>\n","protected":false},"excerpt":{"rendered":"Au Fort de la Bastille Des duos, trios, quatuors&#8230;de l\u2019Harmonie de Grenoble. Les Son\u2019enBulles (fanfare), Atoutcuivre (cuivres), le&hellip;\n","protected":false},"author":2,"featured_media":184153,"comment_status":"","ping_status":"","sticky":false,"template":"","format":"standard","meta":{"footnotes":""},"categories":[9566],"tags":[1111,11,2430,1687,112,1777,674,1011,27,2731,2732,108,873,12,25,3140],"class_list":{"0":"post-184152","1":"post","2":"type-post","3":"status-publish","4":"format-standard","5":"has-post-thumbnail","7":"category-grenoble","8":"tag-actu","9":"tag-actualites","10":"tag-auvergne-rhone-alpes","11":"tag-culture-loisirs","12":"tag-edition-grenoble-agglomeration","13":"tag-eu","14":"tag-europe","15":"tag-fr","16":"tag-france","17":"tag-grenoble","18":"tag-grenoble-bassin","19":"tag-isere","20":"tag-musique","21":"tag-news","22":"tag-republique-francaise","23":"tag-spectacle"},"share_on_mastodon":{"url":"https:\/\/pubeurope.com\/@fr\/114700505850725273","error":""},"_links":{"self":[{"href":"https:\/\/www.europesays.com\/fr\/wp-json\/wp\/v2\/posts\/184152","targetHints":{"allow":["GET"]}}],"collection":[{"href":"https:\/\/www.europesays.com\/fr\/wp-json\/wp\/v2\/posts"}],"about":[{"href":"https:\/\/www.europesays.com\/fr\/wp-json\/wp\/v2\/types\/post"}],"author":[{"embeddable":true,"href":"https:\/\/www.europesays.com\/fr\/wp-json\/wp\/v2\/users\/2"}],"replies":[{"embeddable":true,"href":"https:\/\/www.europesays.com\/fr\/wp-json\/wp\/v2\/comments?post=184152"}],"version-history":[{"count":0,"href":"https:\/\/www.europesays.com\/fr\/wp-json\/wp\/v2\/posts\/184152\/revisions"}],"wp:featuredmedia":[{"embeddable":true,"href":"https:\/\/www.europesays.com\/fr\/wp-json\/wp\/v2\/media\/184153"}],"wp:attachment":[{"href":"https:\/\/www.europesays.com\/fr\/wp-json\/wp\/v2\/media?parent=184152"}],"wp:term":[{"taxonomy":"category","embeddable":true,"href":"https:\/\/www.europesays.com\/fr\/wp-json\/wp\/v2\/categories?post=184152"},{"taxonomy":"post_tag","embeddable":true,"href":"https:\/\/www.europesays.com\/fr\/wp-json\/wp\/v2\/tags?post=184152"}],"curies":[{"name":"wp","href":"https:\/\/api.w.org\/{rel}","templated":true}]}}