{"id":184154,"date":"2025-06-17T20:06:31","date_gmt":"2025-06-17T20:06:31","guid":{"rendered":"https:\/\/www.europesays.com\/fr\/184154\/"},"modified":"2025-06-17T20:06:31","modified_gmt":"2025-06-17T20:06:31","slug":"ils-ouvrent-leur-restaurant-bistronomique-apres-un-coup-de-coeur","status":"publish","type":"post","link":"https:\/\/www.europesays.com\/fr\/184154\/","title":{"rendered":"ils ouvrent leur restaurant bistronomique apr\u00e8s un coup de c\u0153ur"},"content":{"rendered":"<p>            Par<br \/>\n        <strong><br \/>\n            <a href=\"https:\/\/actu.fr\/auteur\/redaction-jv\" title=\"Consulter tous les articles de R\u00e9daction Vitr\u00e9\" rel=\"nofollow noopener\" target=\"_blank\">R\u00e9daction Vitr\u00e9<\/a><br \/>\n        <\/strong><\/p>\n<p>        Publi\u00e9 le<\/p>\n<p>            17 juin 2025 \u00e0 11h51        <\/p>\n<p>D\u00e9but juin\u00a02025, <b>La Table du Pavail <\/b>a ouvert ses portes dans le bourg de <b>Saint-Aubin-du-Pavail (Ille-et-Vilaine)<\/b>, au 202, rue de la Mairie, dans un <b>restaurant <\/b>enti\u00e8rement r\u00e9nov\u00e9. L\u2019aboutissement d\u2019un projet port\u00e9 par <b>Ma\u00eblle Travers et Kevin Pellan<\/b>.<\/p>\n<p class=\" wall-content\">\u00ab\u2009Nous avons tous les deux un bac S puis avons suivi un BTS management en h\u00f4tellerie-restauration option cuisine pour moi et option gestion pour Ma\u00eblle\u2009\u00bb, amorce Kevin Pellan.<\/p>\n<p class=\" wall-content\">\u00ab\u2009Nous avons travaill\u00e9 dans des \u00e9tablissements haut de gamme. La crise sanitaire nous a pouss\u00e9s \u00e0 nous concentrer sur un nouveau projet, un food truck fa\u00e7on bistronomie, comme traiteurs, trois ans en Normandie. J\u2019adore manger, cuisiner, rassembler les gens autour d\u2019un plat, partager des moments conviviaux.\u2009\u00bb<\/p>\n<p>Un coup de c\u0153ur<\/p>\n<p class=\" wall-content\">Tous deux \u00e9taient \u00e0 la recherche d\u2019un restaurant lorsqu\u2019ils sont tomb\u00e9s sur une annonce concernant le restaurant de Saint-Aubin-du-Pavail, anciennement La Grange du Pavail.<\/p>\n<p class=\" wall-content\">\u00ab\u2009Nous avons eu un coup de c\u0153ur pour la b\u00e2tisse et la ville, dynamique, pas trop loin de Rennes, avec plusieurs producteurs locaux autour\u2009\u00bb, confie Kevin Pellan.<\/p>\n<p>Vid\u00e9os : en ce moment sur Actu<\/p>\n<p class=\" wall-content\">Le restaurant est ouvert le mercredi, jeudi et vendredi de 12\u2009h \u00e0 14\u2009h et de 19\u2009h \u00e0 21\u2009h, le samedi de 19\u2009h \u00e0 21\u2009h, le dimanche de 12\u2009h \u00e0 14\u2009h. Il ouvre \u00e9galement le samedi midi uniquement pour les groupes, sur r\u00e9servation.<\/p>\n<p class=\" wall-content\">Ma\u00eblle et Kevin proposent un menu soir et week-end avec <b>trois entr\u00e9es, trois plats, trois desserts<\/b>. Le chef propose une cuisine bistronomique, 100\u2009% maison, \u00e9labor\u00e9e \u00e0 partir de <b>produits frais, locaux et de saison<\/b>.<\/p>\n<p>\u00ab\u2009Cuisiner est une v\u00e9ritable passion\u2009\u00bb<\/p>\n<p class=\" wall-content\">\u00ab\u2009Notre restaurant est un lieu que nous voulons chaleureux, familial, o\u00f9 nos clients se sentent bien\u2009\u00bb, ajoute Kevin Pellan.<\/p>\n<p class=\" wall-content\">\u00ab\u2009J\u2019aime les sauces, les desserts, les p\u00e2tisseries. Je peux proposer, par exemple, un Paris-Brest caramel, sarrasin, miso, des noisettes torr\u00e9fi\u00e9es ou un Baba vanille, rhum, citron.\u2009\u00bb<\/p>\n<p class=\" wall-content\">En 2019, le restaurateur a particip\u00e9 au championnat de France du dessert, \u00e9v\u00e9nement majeur dans le monde de la p\u00e2tisserie.<\/p>\n<p class=\" wall-content\">\u00ab\u2009J\u2019ai remport\u00e9 la deuxi\u00e8me place, le dessert d\u2019argent en cat\u00e9gorie juniors lors de la prestigieuse finale nationale, sous la pr\u00e9sidence de Pierre Herm\u00e9, meilleur p\u00e2tissier du monde. J\u2019ai conquis le jury avec mon dessert Le voyage de Granny Smith, un g\u00e2teau et un sorbet autour de la pomme avec du yuzu (agrume japonais), lait Ribot, madeleine, sabl\u00e9 vanille, ganache mont\u00e9e au basilic, mayonnaise sucr\u00e9e.\u2009\u00bb<\/p>\n<p class=\" wall-content\">Et Kevin Pellan ne compte pas s\u2019arr\u00eater en si bon chemin.<\/p>\n<p class=\" wall-content\">\u00ab\u2009J\u2019aimerais faire d\u2019autres championnats. On y apprend plein de choses, on fait de belles rencontres. Cuisiner est une v\u00e9ritable passion.\u2009\u00bb<\/p>\n<p>Pratique\u2009: La Table du Pavail, 202, rue de la mairie. Contact\u2009: 02\u200923\u200907\u200967\u200978 ou <a href=\"https:\/\/actu.fr\/cdn-cgi\/l\/email-protection\" class=\"__cf_email__\" data-cfemail=\"a5c9c4d1c4c7c9c0c1d0d5c4d3c4ccc9e5c2c8c4ccc98bc6cac8\" rel=\"nofollow noopener\" target=\"_blank\">[email\u00a0protected]<\/a> \u2013 latabledupavail.fr<\/p>\n<p class=\" wall-content\">Suivez toute l\u2019actualit\u00e9 de vos villes et m\u00e9dias favoris en vous inscrivant \u00e0 <a href=\"https:\/\/moncompte.actu.fr\" title=\"D\u00e9couvez Mon Actu\" rel=\"nofollow noopener\" data-trk=\"{&quot;cta&quot;:{&quot;action&quot;:&quot;https:\\\/\\\/moncompte.actu.fr&quot;,&quot;category&quot;:&quot;mon compte&quot;,&quot;from&quot;:&quot;article footer&quot;,&quot;name&quot;:&quot;Mon actu&quot;,&quot;type&quot;:&quot;cta&quot;}}\" target=\"_blank\">Mon Actu<\/a>.<\/p>\n","protected":false},"excerpt":{"rendered":"Par R\u00e9daction Vitr\u00e9 Publi\u00e9 le 17 juin 2025 \u00e0 11h51 D\u00e9but juin\u00a02025, La Table du Pavail a ouvert&hellip;\n","protected":false},"author":2,"featured_media":184155,"comment_status":"","ping_status":"","sticky":false,"template":"","format":"standard","meta":{"footnotes":""},"categories":[2821],"tags":[1111,11,829,1777,674,1011,27,12,584,25,1340,104],"class_list":{"0":"post-184154","1":"post","2":"type-post","3":"status-publish","4":"format-standard","5":"has-post-thumbnail","7":"category-rennes","8":"tag-actu","9":"tag-actualites","10":"tag-bretagne","11":"tag-eu","12":"tag-europe","13":"tag-fr","14":"tag-france","15":"tag-news","16":"tag-rennes","17":"tag-republique-francaise","18":"tag-restaurant","19":"tag-societe"},"share_on_mastodon":{"url":"https:\/\/pubeurope.com\/@fr\/114700509761208858","error":""},"_links":{"self":[{"href":"https:\/\/www.europesays.com\/fr\/wp-json\/wp\/v2\/posts\/184154","targetHints":{"allow":["GET"]}}],"collection":[{"href":"https:\/\/www.europesays.com\/fr\/wp-json\/wp\/v2\/posts"}],"about":[{"href":"https:\/\/www.europesays.com\/fr\/wp-json\/wp\/v2\/types\/post"}],"author":[{"embeddable":true,"href":"https:\/\/www.europesays.com\/fr\/wp-json\/wp\/v2\/users\/2"}],"replies":[{"embeddable":true,"href":"https:\/\/www.europesays.com\/fr\/wp-json\/wp\/v2\/comments?post=184154"}],"version-history":[{"count":0,"href":"https:\/\/www.europesays.com\/fr\/wp-json\/wp\/v2\/posts\/184154\/revisions"}],"wp:featuredmedia":[{"embeddable":true,"href":"https:\/\/www.europesays.com\/fr\/wp-json\/wp\/v2\/media\/184155"}],"wp:attachment":[{"href":"https:\/\/www.europesays.com\/fr\/wp-json\/wp\/v2\/media?parent=184154"}],"wp:term":[{"taxonomy":"category","embeddable":true,"href":"https:\/\/www.europesays.com\/fr\/wp-json\/wp\/v2\/categories?post=184154"},{"taxonomy":"post_tag","embeddable":true,"href":"https:\/\/www.europesays.com\/fr\/wp-json\/wp\/v2\/tags?post=184154"}],"curies":[{"name":"wp","href":"https:\/\/api.w.org\/{rel}","templated":true}]}}