{"id":184160,"date":"2025-06-17T20:09:24","date_gmt":"2025-06-17T20:09:24","guid":{"rendered":"https:\/\/www.europesays.com\/fr\/184160\/"},"modified":"2025-06-17T20:09:24","modified_gmt":"2025-06-17T20:09:24","slug":"jeremy-sebas-definitivement-transfere-alsasports","status":"publish","type":"post","link":"https:\/\/www.europesays.com\/fr\/184160\/","title":{"rendered":"\u00a0J\u00e9r\u00e9my Sebas d\u00e9finitivement transf\u00e9r\u00e9 ! \u2014 Alsa&rsquo;Sports"},"content":{"rendered":"<p><strong>Pr\u00eat\u00e9 \u00e0 Bastia l\u2019hiver dernier o\u00f9 il a inscrit un but et d\u00e9livr\u00e9 une passe d\u00e9cisive en 13 matches de Ligue 2, J\u00e9r\u00e9my Sebas rejoint d\u00e9finitivement le SC Bastia pour les quatre prochaines saisons.<\/strong><\/p>\n<p><strong>Le communiqu\u00e9 du RC Strasbourg : <\/strong><\/p>\n<p>Pr\u00eat\u00e9 par le Racing au club corse depuis l\u2019hiver dernier, l\u2019attaquant rejoint le SC Bastia \u00e0 titre permanent.<\/p>\n<p>Apr\u00e8s un passage par la Racing Mutest Acad\u00e9mie, J\u00e9r\u00e9my Sebas a sign\u00e9 son premier contrat professionnel avec le club \u00e0 l\u2019\u00e9t\u00e9 2023. Fort de 30 rencontres avec l\u2019\u00e9quipe premi\u00e8re, sous Patrick Vieira puis Liam Rosenior, le Martiniquais a \u00e9t\u00e9 pr\u00eat\u00e9 au SC Bastia lors du dernier mercato hivernal.<\/p>\n<p>Avec 13 titularisations, il a particip\u00e9 \u00e0 la bonne phase retour des Bastiais en Ligue 2. S\u00e9duit par le profil du joueur, le SC Bastia a ainsi d\u00e9cid\u00e9 de le recruter de mani\u00e8re permanente. J\u00e9r\u00e9my Sebas figure parmi les 28 joueurs ayant \u00e9volu\u00e9 sous les maillots du Racing et du club corse, aux c\u00f4t\u00e9s notamment de Pascal Camadini, Alexander Djiku, Yves Ehrlacher, Dimitri Lienard ou Jacques Vergnes.\u00a0<\/p>\n<p>Le Racing remercie J\u00e9r\u00e9my pour son engagement et son professionnalisme, et lui souhaite le meilleur pour la suite de sa carri\u00e8re.<\/p>\n","protected":false},"excerpt":{"rendered":"Pr\u00eat\u00e9 \u00e0 Bastia l\u2019hiver dernier o\u00f9 il a inscrit un but et d\u00e9livr\u00e9 une passe d\u00e9cisive en 13&hellip;\n","protected":false},"author":2,"featured_media":184161,"comment_status":"","ping_status":"","sticky":false,"template":"","format":"standard","meta":{"footnotes":""},"categories":[2820],"tags":[1111,11,1777,674,1011,27,775,32211,12,25,640],"class_list":{"0":"post-184160","1":"post","2":"type-post","3":"status-publish","4":"format-standard","5":"has-post-thumbnail","7":"category-strasbourg","8":"tag-actu","9":"tag-actualites","10":"tag-eu","11":"tag-europe","12":"tag-fr","13":"tag-france","14":"tag-grand-est","15":"tag-jeremy-sebas","16":"tag-news","17":"tag-republique-francaise","18":"tag-strasbourg"},"share_on_mastodon":{"url":"https:\/\/pubeurope.com\/@fr\/114700521484760277","error":""},"_links":{"self":[{"href":"https:\/\/www.europesays.com\/fr\/wp-json\/wp\/v2\/posts\/184160","targetHints":{"allow":["GET"]}}],"collection":[{"href":"https:\/\/www.europesays.com\/fr\/wp-json\/wp\/v2\/posts"}],"about":[{"href":"https:\/\/www.europesays.com\/fr\/wp-json\/wp\/v2\/types\/post"}],"author":[{"embeddable":true,"href":"https:\/\/www.europesays.com\/fr\/wp-json\/wp\/v2\/users\/2"}],"replies":[{"embeddable":true,"href":"https:\/\/www.europesays.com\/fr\/wp-json\/wp\/v2\/comments?post=184160"}],"version-history":[{"count":0,"href":"https:\/\/www.europesays.com\/fr\/wp-json\/wp\/v2\/posts\/184160\/revisions"}],"wp:featuredmedia":[{"embeddable":true,"href":"https:\/\/www.europesays.com\/fr\/wp-json\/wp\/v2\/media\/184161"}],"wp:attachment":[{"href":"https:\/\/www.europesays.com\/fr\/wp-json\/wp\/v2\/media?parent=184160"}],"wp:term":[{"taxonomy":"category","embeddable":true,"href":"https:\/\/www.europesays.com\/fr\/wp-json\/wp\/v2\/categories?post=184160"},{"taxonomy":"post_tag","embeddable":true,"href":"https:\/\/www.europesays.com\/fr\/wp-json\/wp\/v2\/tags?post=184160"}],"curies":[{"name":"wp","href":"https:\/\/api.w.org\/{rel}","templated":true}]}}