{"id":184176,"date":"2025-06-17T20:17:10","date_gmt":"2025-06-17T20:17:10","guid":{"rendered":"https:\/\/www.europesays.com\/fr\/184176\/"},"modified":"2025-06-17T20:17:10","modified_gmt":"2025-06-17T20:17:10","slug":"le-prometteur-valentin-delpy-toulouse-prete-en-pro-d2-la-saison-prochaine","status":"publish","type":"post","link":"https:\/\/www.europesays.com\/fr\/184176\/","title":{"rendered":"le prometteur Valentin Delpy (Toulouse) pr\u00eat\u00e9 en Pro D2 la saison prochaine"},"content":{"rendered":"<p>Le jeune demi d\u2019ouverture du Stade Toulousain est pr\u00eat\u00e9 \u00e0 Colomiers.<\/p>\n<p class=\"fig-paragraph\">Tr\u00e8s intelligent sur le march\u00e9 des transferts, Colomiers, pensionnaire de Pro D2, s\u2019offre une belle recrue. Pour la saison prochaine, le club haut-garonnais s\u2019est attach\u00e9 les services du jeune demi d\u2019ouverture de\u00a0<a href=\"http:\/\/www.lefigaro.fr\/sports\/rugby\/top-14\/toulouse-bayonne-a-quelle-heure-et-sur-quelle-chaine-regarder-la-premiere-demi-finale-de-top-14-20250616\" data-fig-type=\"NewsFlash\" data-gtm-custom-categorie=\"navigation\" data-gtm-custom-action=\"crossclick\" data-gtm-custom-label=\"Contextuel\" data-gtm-event=\"customEventSPE\" data-fig-domain=\"LEFIGARO\" target=\"_blank\" rel=\"noopener\">Toulouse<\/a>\u00a0Valentin Delpy (21 ans), en pr\u00eat.<\/p>\n<p class=\"fig-paragraph\">Le joueur r\u00e9v\u00e9l\u00e9 \u00e0 Blagnac avait d\u00e9j\u00e0 \u00e9t\u00e9 pr\u00eat\u00e9 en cours de saison du c\u00f4t\u00e9 de Perpignan. Il avait notamment d\u00e9pann\u00e9 \u00e0 l\u2019ouverture mais surtout \u00e0 l\u2019arri\u00e8re. Une bien belle recrue pour Colomiers, qui cherchait un rempla\u00e7ant \u00e0\u00a0<a href=\"http:\/\/www.lefigaro.fr\/sports\/rugby\/rugby-c-est-difficile-pour-moi-apres-des-commotions-a-repetition-joaquin-de-la-vega-met-sa-carriere-entre-parentheses-20250610\" data-fig-type=\"NewsFlash\" data-gtm-custom-categorie=\"navigation\" data-gtm-custom-action=\"crossclick\" data-gtm-custom-label=\"Contextuel\" data-gtm-event=\"customEventSPE\" data-fig-domain=\"LEFIGARO\" target=\"_blank\" rel=\"noopener\">Joaquin De la Vega<\/a>. Ce dernier a mis sa carri\u00e8re entre parenth\u00e8ses \u00e0 la suite de nombreuses\u00a0<a href=\"http:\/\/www.lefigaro.fr\/sports\/football\/emmanuel-petit-sur-les-commotions-cerebrales-c-est-au-joueur-de-se-prendre-en-charge-20250617\" data-fig-type=\"NewsFlash\" data-gtm-custom-categorie=\"navigation\" data-gtm-custom-action=\"crossclick\" data-gtm-custom-label=\"Contextuel\" data-gtm-event=\"customEventSPE\" data-fig-domain=\"LEFIGARO\" target=\"_blank\" rel=\"noopener\">commotions<\/a>.<\/p>\n","protected":false},"excerpt":{"rendered":"Le jeune demi d\u2019ouverture du Stade Toulousain est pr\u00eat\u00e9 \u00e0 Colomiers. Tr\u00e8s intelligent sur le march\u00e9 des transferts,&hellip;\n","protected":false},"author":2,"featured_media":184177,"comment_status":"","ping_status":"","sticky":false,"template":"","format":"standard","meta":{"footnotes":""},"categories":[2816],"tags":[1111,11,525,4590,1981,2313,814,1777,674,1011,27,955,12,2680,4589,2311,25,1980,479,2259,476,478,2310,2312,14988],"class_list":{"0":"post-184176","1":"post","2":"type-post","3":"status-publish","4":"format-standard","5":"has-post-thumbnail","7":"category-toulouse","8":"tag-actu","9":"tag-actualites","10":"tag-calendrier","11":"tag-championnat-france","12":"tag-classement","13":"tag-clermont","14":"tag-direct","15":"tag-eu","16":"tag-europe","17":"tag-fr","18":"tag-france","19":"tag-match","20":"tag-news","21":"tag-occitanie","22":"tag-phase-finale","23":"tag-racing","24":"tag-republique-francaise","25":"tag-resultats","26":"tag-rugby","27":"tag-score","28":"tag-stade-toulousain","29":"tag-top-14","30":"tag-toulon","31":"tag-toulouse","32":"tag-usap"},"share_on_mastodon":{"url":"https:\/\/pubeurope.com\/@fr\/114700553038981394","error":""},"_links":{"self":[{"href":"https:\/\/www.europesays.com\/fr\/wp-json\/wp\/v2\/posts\/184176","targetHints":{"allow":["GET"]}}],"collection":[{"href":"https:\/\/www.europesays.com\/fr\/wp-json\/wp\/v2\/posts"}],"about":[{"href":"https:\/\/www.europesays.com\/fr\/wp-json\/wp\/v2\/types\/post"}],"author":[{"embeddable":true,"href":"https:\/\/www.europesays.com\/fr\/wp-json\/wp\/v2\/users\/2"}],"replies":[{"embeddable":true,"href":"https:\/\/www.europesays.com\/fr\/wp-json\/wp\/v2\/comments?post=184176"}],"version-history":[{"count":0,"href":"https:\/\/www.europesays.com\/fr\/wp-json\/wp\/v2\/posts\/184176\/revisions"}],"wp:featuredmedia":[{"embeddable":true,"href":"https:\/\/www.europesays.com\/fr\/wp-json\/wp\/v2\/media\/184177"}],"wp:attachment":[{"href":"https:\/\/www.europesays.com\/fr\/wp-json\/wp\/v2\/media?parent=184176"}],"wp:term":[{"taxonomy":"category","embeddable":true,"href":"https:\/\/www.europesays.com\/fr\/wp-json\/wp\/v2\/categories?post=184176"},{"taxonomy":"post_tag","embeddable":true,"href":"https:\/\/www.europesays.com\/fr\/wp-json\/wp\/v2\/tags?post=184176"}],"curies":[{"name":"wp","href":"https:\/\/api.w.org\/{rel}","templated":true}]}}