{"id":184183,"date":"2025-06-17T20:21:10","date_gmt":"2025-06-17T20:21:10","guid":{"rendered":"https:\/\/www.europesays.com\/fr\/184183\/"},"modified":"2025-06-17T20:21:10","modified_gmt":"2025-06-17T20:21:10","slug":"pourquoi-la-rtm-resilie-une-nouvelle-fois-le-contrat-avec-son-prestataire","status":"publish","type":"post","link":"https:\/\/www.europesays.com\/fr\/184183\/","title":{"rendered":"pourquoi la RTM r\u00e9silie une nouvelle fois le contrat avec son prestataire"},"content":{"rendered":"<p>Ce nouveau prestataire \u00e9tait arriv\u00e9 en sauveur. Apr\u00e8s <a href=\"https:\/\/www.laprovence.com\/article\/societe\/9806401920007614\/apres-la-sncf-la-rtm-balaye-a-son-tour-laser-proprete-pour-le-nettoyage-du-metro-de-marseille\" target=\"_blank\" rel=\"noopener\">Laser et un march\u00e9 marqu\u00e9 par d\u2019innombrables conflits sociaux<\/a>, la RTM avait fini par d\u00e9noncer ce contrat pour \u00ab\u00a0faute grave\u00a0\u00bb en septembre dernier.<a href=\"https:\/\/www.laprovence.com\/article\/societe\/1187718257364715\/nettoyage-dans-le-metro-a-marseille-arrivee-mouvementee-pour-lentreprise-atalian\" target=\"_blank\" rel=\"noopener\"> Atalian<\/a> prenait la suite dans la foul\u00e9e et devait permettre de retrouver \u00ab\u00a0des prestations \u00e0 la hauteur\u00a0\u00bb pour la propret\u00e9 des rames et des stations de m\u00e9tro.<\/p>\n","protected":false},"excerpt":{"rendered":"Ce nouveau prestataire \u00e9tait arriv\u00e9 en sauveur. Apr\u00e8s Laser et un march\u00e9 marqu\u00e9 par d\u2019innombrables conflits sociaux, la&hellip;\n","protected":false},"author":2,"featured_media":184184,"comment_status":"","ping_status":"","sticky":false,"template":"","format":"standard","meta":{"footnotes":""},"categories":[2814],"tags":[17,1111,11,1777,674,1011,27,884,4047,32212,12,7555,882,16,25,32213,10783,96],"class_list":{"0":"post-184183","1":"post","2":"type-post","3":"status-publish","4":"format-standard","5":"has-post-thumbnail","7":"category-marseille","8":"tag-17","9":"tag-actu","10":"tag-actualites","11":"tag-eu","12":"tag-europe","13":"tag-fr","14":"tag-france","15":"tag-marseille","16":"tag-metro","17":"tag-nettoyage","18":"tag-news","19":"tag-pourquoi","20":"tag-provence-alpes-cote-dazur","21":"tag-region","22":"tag-republique-francaise","23":"tag-resilie","24":"tag-rtm","25":"tag-une"},"share_on_mastodon":{"url":"https:\/\/pubeurope.com\/@fr\/114700568701855817","error":""},"_links":{"self":[{"href":"https:\/\/www.europesays.com\/fr\/wp-json\/wp\/v2\/posts\/184183","targetHints":{"allow":["GET"]}}],"collection":[{"href":"https:\/\/www.europesays.com\/fr\/wp-json\/wp\/v2\/posts"}],"about":[{"href":"https:\/\/www.europesays.com\/fr\/wp-json\/wp\/v2\/types\/post"}],"author":[{"embeddable":true,"href":"https:\/\/www.europesays.com\/fr\/wp-json\/wp\/v2\/users\/2"}],"replies":[{"embeddable":true,"href":"https:\/\/www.europesays.com\/fr\/wp-json\/wp\/v2\/comments?post=184183"}],"version-history":[{"count":0,"href":"https:\/\/www.europesays.com\/fr\/wp-json\/wp\/v2\/posts\/184183\/revisions"}],"wp:featuredmedia":[{"embeddable":true,"href":"https:\/\/www.europesays.com\/fr\/wp-json\/wp\/v2\/media\/184184"}],"wp:attachment":[{"href":"https:\/\/www.europesays.com\/fr\/wp-json\/wp\/v2\/media?parent=184183"}],"wp:term":[{"taxonomy":"category","embeddable":true,"href":"https:\/\/www.europesays.com\/fr\/wp-json\/wp\/v2\/categories?post=184183"},{"taxonomy":"post_tag","embeddable":true,"href":"https:\/\/www.europesays.com\/fr\/wp-json\/wp\/v2\/tags?post=184183"}],"curies":[{"name":"wp","href":"https:\/\/api.w.org\/{rel}","templated":true}]}}