{"id":184185,"date":"2025-06-17T20:22:11","date_gmt":"2025-06-17T20:22:11","guid":{"rendered":"https:\/\/www.europesays.com\/fr\/184185\/"},"modified":"2025-06-17T20:22:11","modified_gmt":"2025-06-17T20:22:11","slug":"gregory-doucet-interpelle-emmanuel-macron","status":"publish","type":"post","link":"https:\/\/www.europesays.com\/fr\/184185\/","title":{"rendered":"Gr\u00e9gory Doucet interpelle Emmanuel Macron"},"content":{"rendered":"<p itemprop=\"description\"><strong><br \/>&#13;<br \/>\nDans un message publi\u00e9 ce mardi 17 juin sur ses r\u00e9seaux sociaux, le maire de Lyon Gr\u00e9gory Doucet (EELV) appelle solennellement le pr\u00e9sident de la R\u00e9publique \u00e0 reconna\u00eetre officiellement l\u2019\u00c9tat de Palestine, dans le contexte de la guerre en cours \u00e0 Gaza.<br \/>&#13;<br \/>\n<\/strong><\/p>\n<p>\u00ab\u00a0Alors que la situation \u00e0 Gaza atteint chaque jour de nouveaux sommets de d\u00e9vastation humaine, je tiens \u00e0 vous adresser solennellement notre appel \u00e0 reconna\u00eetre officiellement l&rsquo;\u00c9tat de Palestine\u00a0\u00bb, \u00e9crit l\u2019\u00e9dile lyonnais.<\/p>\n<p>Il rappelle les mots d\u2019Emmanuel Macron, selon lesquels la reconnaissance de la Palestine ne serait \u00ab\u00a0pas simplement un devoir moral, mais une exigence politique.\u00a0\u00bb<\/p>\n<p>Gr\u00e9gory Doucet insiste sur l\u2019ampleur de la crise humanitaire : \u00ab\u00a0Plus de 14 500 enfants ont \u00e9t\u00e9 tu\u00e9s \u00e0 Gaza depuis le d\u00e9but de la guerre, soit davantage que le nombre d&rsquo;enfants tu\u00e9s en quatre ann\u00e9es de conflits dans le monde entier.\u00a0\u00bb<\/p>\n<p>Il s\u2019inqui\u00e8te \u00e9galement de l\u2019annulation de la conf\u00e9rence internationale que le pr\u00e9sident fran\u00e7ais devait co-pr\u00e9sider \u00e0 l\u2019ONU : \u00ab\u00a0Ce rendez-vous \u00e9tait attendu comme un tournant historique, dans l&rsquo;esprit de la r\u00e9solution adopt\u00e9e \u00e0 une large majorit\u00e9 par l&rsquo;Assembl\u00e9e g\u00e9n\u00e9rale de l&rsquo;ONU le 3 d\u00e9cembre 2024.\u00a0\u00bb<\/p>\n<p>Le maire de Lyon insiste : \u00ab\u00a0La reconnaissance de la souverainet\u00e9 palestinienne ne constitue pas un aboutissement, mais une \u00e9tape incontournable vers une solution politique au conflit.\u00a0\u00bb Rappelant l\u2019action de sa ville, il souligne que Lyon \u00ab\u00a0a mobilis\u00e9 une aide humanitaire d&rsquo;urgence de 50 000 \u20ac\u00a0\u00bb et qu\u2019\u00a0\u00bbune nouvelle enveloppe du m\u00eame montant sera soumise au prochain Conseil municipal.\u00a0\u00bb<\/p>\n<p>Gr\u00e9gory Doucet conclut son message par un appel direct : \u00ab\u00a0Continuer \u00e0 d\u00e9fendre la solution \u00e0 deux \u00c9tats et reconna\u00eetre enfin l&rsquo;\u00c9tat de Palestine, c&rsquo;est affirmer que la paix repose sur la justice et sur la pleine reconnaissance des droits fondamentaux du peuple palestinien.\u00a0\u00bb<\/p>\n<p>Et de conclure \u00e0 l\u2019adresse d\u2019Emmanuel Macron : \u00ab\u00a0Vous pouvez compter, Monsieur le Pr\u00e9sident, sur le soutien r\u00e9solu de la Ville de Lyon dans cette d\u00e9marche de justice et de paix. Il est temps pour la France d\u2019\u00e9crire une page juste, forte et \u00e0 la hauteur de ses valeurs.\u00a0\u00bb<\/p>\n","protected":false},"excerpt":{"rendered":"&#13; Dans un message publi\u00e9 ce mardi 17 juin sur ses r\u00e9seaux sociaux, le maire de Lyon Gr\u00e9gory&hellip;\n","protected":false},"author":2,"featured_media":184186,"comment_status":"","ping_status":"","sticky":false,"template":"","format":"standard","meta":{"footnotes":""},"categories":[1889],"tags":[1111,11,2813,2190,2430,1109,251,1112,2811,1777,674,118,1011,27,1922,1110,1114,2428,2810,12,241,316,25,2812,517,800],"class_list":{"0":"post-184185","1":"post","2":"type-post","3":"status-publish","4":"format-standard","5":"has-post-thumbnail","7":"category-lyon","8":"tag-actu","9":"tag-actualites","10":"tag-article","11":"tag-asvel","12":"tag-auvergne-rhone-alpes","13":"tag-breves","14":"tag-culture","15":"tag-depeches","16":"tag-economique","17":"tag-eu","18":"tag-europe","19":"tag-faits-divers","20":"tag-fr","21":"tag-france","22":"tag-info","23":"tag-informations","24":"tag-infos","25":"tag-lyon","26":"tag-lyonmag","27":"tag-news","28":"tag-ol","29":"tag-politique","30":"tag-republique-francaise","31":"tag-sociale","32":"tag-sport","33":"tag-transports"},"share_on_mastodon":{"url":"https:\/\/pubeurope.com\/@fr\/114700572671109246","error":""},"_links":{"self":[{"href":"https:\/\/www.europesays.com\/fr\/wp-json\/wp\/v2\/posts\/184185","targetHints":{"allow":["GET"]}}],"collection":[{"href":"https:\/\/www.europesays.com\/fr\/wp-json\/wp\/v2\/posts"}],"about":[{"href":"https:\/\/www.europesays.com\/fr\/wp-json\/wp\/v2\/types\/post"}],"author":[{"embeddable":true,"href":"https:\/\/www.europesays.com\/fr\/wp-json\/wp\/v2\/users\/2"}],"replies":[{"embeddable":true,"href":"https:\/\/www.europesays.com\/fr\/wp-json\/wp\/v2\/comments?post=184185"}],"version-history":[{"count":0,"href":"https:\/\/www.europesays.com\/fr\/wp-json\/wp\/v2\/posts\/184185\/revisions"}],"wp:featuredmedia":[{"embeddable":true,"href":"https:\/\/www.europesays.com\/fr\/wp-json\/wp\/v2\/media\/184186"}],"wp:attachment":[{"href":"https:\/\/www.europesays.com\/fr\/wp-json\/wp\/v2\/media?parent=184185"}],"wp:term":[{"taxonomy":"category","embeddable":true,"href":"https:\/\/www.europesays.com\/fr\/wp-json\/wp\/v2\/categories?post=184185"},{"taxonomy":"post_tag","embeddable":true,"href":"https:\/\/www.europesays.com\/fr\/wp-json\/wp\/v2\/tags?post=184185"}],"curies":[{"name":"wp","href":"https:\/\/api.w.org\/{rel}","templated":true}]}}