{"id":184187,"date":"2025-06-17T20:23:12","date_gmt":"2025-06-17T20:23:12","guid":{"rendered":"https:\/\/www.europesays.com\/fr\/184187\/"},"modified":"2025-06-17T20:23:12","modified_gmt":"2025-06-17T20:23:12","slug":"mort-de-bernard-lacombe-figure-de-lolympique-lyonnais-et-du-football-francais","status":"publish","type":"post","link":"https:\/\/www.europesays.com\/fr\/184187\/","title":{"rendered":"Mort de Bernard Lacombe, figure de l&rsquo;Olympique lyonnais et du football fran\u00e7ais"},"content":{"rendered":"<p>            Par<br \/>\n        <strong><br \/>\n            <a href=\"https:\/\/actu.fr\/auteur\/nicolas-zaugra\" title=\"Consulter tous les articles de Nicolas Zaugra\" rel=\"nofollow noopener\" target=\"_blank\">Nicolas Zaugra<\/a><br \/>\n        <\/strong><\/p>\n<p>        Publi\u00e9 le<\/p>\n<p>            17 juin 2025 \u00e0 21h50<br \/>\n        ; mis \u00e0 jour le 17 juin 2025 \u00e0 22h03    <\/p>\n<p><strong>Bernard Lacombe<\/strong>, figure de l\u2019OL et du football fran\u00e7ais, est d\u00e9c\u00e9d\u00e9\u00a0 \u00e0 l\u2019\u00e2ge de 72 ans ce mardi 17 juin 2025, a annonc\u00e9 le journaliste sportif Jacques Vendroux.<\/p>\n<p class=\" wall-content\">\u00ab\u00a0\u00c0 la demande de la famille, c\u2019est avec un immense chagrin que nous annon\u00e7ons le d\u00e9part de Bernard Lacombe, qui est parti ce soir \u00e0 19h30 \u00e0 l\u2019\u00e2ge de 72 ans. Nous partageons notre peine consid\u00e9rable avec vous. Mireille, sa femme, Arnaud et S\u00e9bastien Lacombe, ses fils\u00a0\u00bb, \u00e9crit-t-il sur X.<\/p>\n<p class=\" wall-content\">L\u2019ancienne l\u00e9gende lyonnaise \u00e9tait hospitalis\u00e9 depuis janvier dernier.<\/p>\n<p class=\" wall-content\">\n<p class=\" wall-content\">\u00ab\u00a0C\u2019est avec une immense tristesse que nous avons appris ce mardi soir le d\u00e9c\u00e8s de Bernard Lacombe. Toutes nos pens\u00e9es vont vers sa famille et ses proches, mais aussi les amoureux de l\u2019Olympique Lyonnais et du football. Adieu Bernard, vous \u00e9tiez notre l\u00e9gende, le plus grand de tous\u00a0\u00bb, a communiqu\u00e9 l\u2019OL dans un message d\u2019hommage sur X.<\/p>\n<p class=\" wall-content\">\n<p>Ex-joueur de Lyon, Saint-Etienne, Bordeaux et de l\u2019Equipe de France<\/p>\n<p class=\" wall-content\">Le natif de Villefranche-sur-Sa\u00f4ne (Rh\u00f4ne) a \u00e9t\u00e9 joueur \u00e0 l\u2019<a href=\"https:\/\/actu.fr\/tag\/olympique-lyonnais-ol\" rel=\"nofollow noopener\" target=\"_blank\">Olympique lyonnais<\/a> dans les ann\u00e9es 1970, de l\u2019AS Saint-Etienne \u00e0 la fin des ann\u00e9es 1970 et des Girondins de Bordeaux entre 1979 et 1987.<\/p>\n<p class=\" wall-content\">Il a aussi \u00e9t\u00e9 s\u00e9lectionn\u00e9 en Equipe de France de football entre 1973 et 1984. Bernard Lacombe a aussi \u00e9t\u00e9 entra\u00eeneur de l\u2019\u00e9quipe de Lyon \u00e0 plusieurs reprises, y compris dans les ann\u00e9es 2000.<\/p>\n<p>Vid\u00e9os : en ce moment sur Actu<\/p>\n<p class=\" wall-content\">Ancien attaquant, l\u2019ex-ma\u00eetre des stades a eu une activit\u00e9 prolifique dans les clubs parcours dans sa carri\u00e8re de 1969 \u00e0 1987, principalement avec l\u2019OL (258 matches, 149 buts) mais aussi avec l\u2019AS Saint-Etienne (37 matches, 18 buts) et les Girondins de Bordeaux (298 matches, 137 buts). En 497 matches de premi\u00e8re division fran\u00e7aise, il a marqu\u00e9 255 buts, ce qui fait de lui le second meilleur buteur de l\u2019histoire du Championnat de France.<\/p>\n<p class=\" wall-content\">\n<p>Proche conseiller de Jean-Michel Aulas<\/p>\n<p class=\" wall-content\">Le Lyonnais a \u00e9t\u00e9 tr\u00e8s proche de <a href=\"https:\/\/actu.fr\/auvergne-rhone-alpes\/lyon_69123\/lyon-municipales-2026-jean-michel-aulas-fait-des-propositions-pour-apaiser-les-rues_62761772.html\" rel=\"nofollow noopener\" target=\"_blank\">Jean-Michel Aulas<\/a>, ex-pr\u00e9sident de l\u2019OL, pendant des ann\u00e9es en \u00e9tant notamment l\u2019un de ses conseillers direct. Sa carri\u00e8re de footballeur termin\u00e9e, Bernard Lacombe est recrut\u00e9 par Jean-Michel Aulas.<\/p>\n<p class=\" wall-content\">Le nouveau pr\u00e9sident de l\u2019Olympique lyonnais et chef d\u2019entreprise, qui d\u00e9couvre le monde du football, souhaite en effet s\u2019entourer \u00ab d\u2019anciens de la maison \u00bb afin de reconstruire un club descendu en deuxi\u00e8me division. Bernard Lacombe est ainsi nomm\u00e9 directeur sportif lors de la saison 1988-1989, Raymond Domenech devenant entra\u00eeneur de l\u2019\u00e9quipe premi\u00e8re. Tous deux parviennent \u00e0 faire remonter le club en premi\u00e8re division.<\/p>\n<p class=\" wall-content\">Ses fonctions aupr\u00e8s de Jean-Michel Aulas s\u2019ach\u00e8vent en 2017. Deux ans plus tard, il quitte d\u00e9finitivement le club de Ligue 1.<\/p>\n<p class=\" wall-content\">Suivez toute l\u2019actualit\u00e9 de vos villes et m\u00e9dias favoris en vous inscrivant \u00e0 <a href=\"https:\/\/moncompte.actu.fr\" title=\"D\u00e9couvez Mon Actu\" rel=\"nofollow noopener\" data-trk=\"{&quot;cta&quot;:{&quot;action&quot;:&quot;https:\\\/\\\/moncompte.actu.fr&quot;,&quot;category&quot;:&quot;mon compte&quot;,&quot;from&quot;:&quot;article footer&quot;,&quot;name&quot;:&quot;Mon actu&quot;,&quot;type&quot;:&quot;cta&quot;}}\" target=\"_blank\">Mon Actu<\/a>.<\/p>\n<ul class=\"ac-article-tag wall-content\">\n<li><a href=\"https:\/\/actu.fr\/tag\/necrologie\" data-trk=\"{&quot;cta&quot;:{&quot;action&quot;:&quot;N\\u00e9crologie&quot;,&quot;category&quot;:&quot;tag&quot;,&quot;from&quot;:&quot;article footer&quot;,&quot;name&quot;:&quot;N\\u00e9crologie&quot;,&quot;type&quot;:&quot;cta&quot;}}\" rel=\"nofollow noopener\" target=\"_blank\">#N\u00e9crologie<\/a><\/li>\n<li><a href=\"https:\/\/actu.fr\/tag\/olympique-lyonnais-ol\" data-trk=\"{&quot;cta&quot;:{&quot;action&quot;:&quot;Olympique Lyonnais (OL)&quot;,&quot;category&quot;:&quot;tag&quot;,&quot;from&quot;:&quot;article footer&quot;,&quot;name&quot;:&quot;Olympique Lyonnais (OL)&quot;,&quot;type&quot;:&quot;cta&quot;}}\" rel=\"nofollow noopener\" target=\"_blank\">#Olympique Lyonnais (OL)<\/a><\/li>\n<\/ul>\n","protected":false},"excerpt":{"rendered":"Par Nicolas Zaugra Publi\u00e9 le 17 juin 2025 \u00e0 21h50 ; mis \u00e0 jour le 17 juin 2025&hellip;\n","protected":false},"author":2,"featured_media":184188,"comment_status":"","ping_status":"","sticky":false,"template":"","format":"standard","meta":{"footnotes":""},"categories":[1889],"tags":[1111,11,2430,1777,674,1011,27,2428,1391,12,2853,25,104],"class_list":{"0":"post-184187","1":"post","2":"type-post","3":"status-publish","4":"format-standard","5":"has-post-thumbnail","7":"category-lyon","8":"tag-actu","9":"tag-actualites","10":"tag-auvergne-rhone-alpes","11":"tag-eu","12":"tag-europe","13":"tag-fr","14":"tag-france","15":"tag-lyon","16":"tag-necrologie","17":"tag-news","18":"tag-olympique-lyonnais-ol","19":"tag-republique-francaise","20":"tag-societe"},"share_on_mastodon":{"url":"https:\/\/pubeurope.com\/@fr\/114700576849879016","error":""},"_links":{"self":[{"href":"https:\/\/www.europesays.com\/fr\/wp-json\/wp\/v2\/posts\/184187","targetHints":{"allow":["GET"]}}],"collection":[{"href":"https:\/\/www.europesays.com\/fr\/wp-json\/wp\/v2\/posts"}],"about":[{"href":"https:\/\/www.europesays.com\/fr\/wp-json\/wp\/v2\/types\/post"}],"author":[{"embeddable":true,"href":"https:\/\/www.europesays.com\/fr\/wp-json\/wp\/v2\/users\/2"}],"replies":[{"embeddable":true,"href":"https:\/\/www.europesays.com\/fr\/wp-json\/wp\/v2\/comments?post=184187"}],"version-history":[{"count":0,"href":"https:\/\/www.europesays.com\/fr\/wp-json\/wp\/v2\/posts\/184187\/revisions"}],"wp:featuredmedia":[{"embeddable":true,"href":"https:\/\/www.europesays.com\/fr\/wp-json\/wp\/v2\/media\/184188"}],"wp:attachment":[{"href":"https:\/\/www.europesays.com\/fr\/wp-json\/wp\/v2\/media?parent=184187"}],"wp:term":[{"taxonomy":"category","embeddable":true,"href":"https:\/\/www.europesays.com\/fr\/wp-json\/wp\/v2\/categories?post=184187"},{"taxonomy":"post_tag","embeddable":true,"href":"https:\/\/www.europesays.com\/fr\/wp-json\/wp\/v2\/tags?post=184187"}],"curies":[{"name":"wp","href":"https:\/\/api.w.org\/{rel}","templated":true}]}}