{"id":184202,"date":"2025-06-17T20:32:09","date_gmt":"2025-06-17T20:32:09","guid":{"rendered":"https:\/\/www.europesays.com\/fr\/184202\/"},"modified":"2025-06-17T20:32:09","modified_gmt":"2025-06-17T20:32:09","slug":"montreal-investit-100-000-pour-attirer-les-chercheurs-quittant-les-etats-unis","status":"publish","type":"post","link":"https:\/\/www.europesays.com\/fr\/184202\/","title":{"rendered":"Montr\u00e9al investit 100 000 $ pour attirer les chercheurs quittant les \u00c9tats-Unis"},"content":{"rendered":"<p>MONTR\u00c9AL \u2014 La Ville de Montr\u00e9al investit 100\u00a0000\u00a0$ pour attirer les scientifiques et les chercheurs souhaitant quitter les \u00c9tats-Unis.<\/p>\n<p>Dans un communiqu\u00e9 de presse, la mairesse Val\u00e9rie Plante affirme que la situation actuelle aux \u00c9tats-Unis offre \u00e0 Montr\u00e9al une occasion unique de recruter des talents internationaux.<\/p>\n<p>Le pr\u00e9sident am\u00e9ricain Donald Trump a tent\u00e9 d\u2019imposer des changements dans les universit\u00e9s qu\u2019il consid\u00e8re comme des foyers de lib\u00e9ralisme et d\u2019antis\u00e9mitisme, mena\u00e7ant de couper le financement f\u00e9d\u00e9ral si les \u00e9tablissements ne se conforment pas \u00e0 son programme politique.<\/p>\n<p>En r\u00e9ponse, l\u2019administration Plante s\u2019associe \u00e0 l\u2019agence de d\u00e9veloppement \u00e9conomique Montr\u00e9al International et aux \u00e9tablissements d\u2019enseignement sup\u00e9rieur de la m\u00e9tropole pour attirer les meilleurs talents universitaires am\u00e9ricains.<\/p>\n<p>La moiti\u00e9 de l\u2019investissement sera vers\u00e9e \u00e0 Montr\u00e9al International pour une campagne de promotion afin d\u2019attirer des investissements \u00e9trangers, des entrepreneurs et des travailleurs internationaux.<\/p>\n<p>Les 50\u00a0000\u00a0$ restants financeront cinq bourses de recherche pour des chercheurs doctoraux et postdoctoraux souhaitant poursuivre leurs travaux \u00e0 Montr\u00e9al.<\/p>\n<p>Au cours du week-end, quatre universit\u00e9s qu\u00e9b\u00e9coises ont publiquement appel\u00e9 les gouvernements provincial et f\u00e9d\u00e9ral \u00e0 agir pour faire de la province et du pays un p\u00f4le d\u2019attraction pour les chercheurs de haut niveau du monde entier. \u00abAujourd\u2019hui, nous r\u00e9affirmons notre engagement \u00e0 offrir aux scientifiques et chercheurs situ\u00e9s aux \u00c9tats-Unis un environnement dynamique, inclusif et propice \u00e0 l\u2019innovation\u00bb, a d\u00e9clar\u00e9 Mme\u00a0Plante dans le communiqu\u00e9.<\/p>\n","protected":false},"excerpt":{"rendered":"MONTR\u00c9AL \u2014 La Ville de Montr\u00e9al investit 100\u00a0000\u00a0$ pour attirer les scientifiques et les chercheurs souhaitant quitter les&hellip;\n","protected":false},"author":2,"featured_media":184203,"comment_status":"","ping_status":"","sticky":false,"template":"","format":"standard","meta":{"footnotes":""},"categories":[1589],"tags":[11,73,1866,32214,4576,12,1864,1865,1863,308],"class_list":{"0":"post-184202","1":"post","2":"type-post","3":"status-publish","4":"format-standard","5":"has-post-thumbnail","7":"category-etats-unis","8":"tag-actualites","9":"tag-etats-unis","10":"tag-etats-unis-damerique","11":"tag-https-lactualite-com-sujet-education","12":"tag-https-lactualite-com-sujet-politique","13":"tag-news","14":"tag-united-states","15":"tag-united-states-of-america","16":"tag-us","17":"tag-usa"},"share_on_mastodon":{"url":"https:\/\/pubeurope.com\/@fr\/114700611955273739","error":""},"_links":{"self":[{"href":"https:\/\/www.europesays.com\/fr\/wp-json\/wp\/v2\/posts\/184202","targetHints":{"allow":["GET"]}}],"collection":[{"href":"https:\/\/www.europesays.com\/fr\/wp-json\/wp\/v2\/posts"}],"about":[{"href":"https:\/\/www.europesays.com\/fr\/wp-json\/wp\/v2\/types\/post"}],"author":[{"embeddable":true,"href":"https:\/\/www.europesays.com\/fr\/wp-json\/wp\/v2\/users\/2"}],"replies":[{"embeddable":true,"href":"https:\/\/www.europesays.com\/fr\/wp-json\/wp\/v2\/comments?post=184202"}],"version-history":[{"count":0,"href":"https:\/\/www.europesays.com\/fr\/wp-json\/wp\/v2\/posts\/184202\/revisions"}],"wp:featuredmedia":[{"embeddable":true,"href":"https:\/\/www.europesays.com\/fr\/wp-json\/wp\/v2\/media\/184203"}],"wp:attachment":[{"href":"https:\/\/www.europesays.com\/fr\/wp-json\/wp\/v2\/media?parent=184202"}],"wp:term":[{"taxonomy":"category","embeddable":true,"href":"https:\/\/www.europesays.com\/fr\/wp-json\/wp\/v2\/categories?post=184202"},{"taxonomy":"post_tag","embeddable":true,"href":"https:\/\/www.europesays.com\/fr\/wp-json\/wp\/v2\/tags?post=184202"}],"curies":[{"name":"wp","href":"https:\/\/api.w.org\/{rel}","templated":true}]}}