{"id":184206,"date":"2025-06-17T20:34:12","date_gmt":"2025-06-17T20:34:12","guid":{"rendered":"https:\/\/www.europesays.com\/fr\/184206\/"},"modified":"2025-06-17T20:34:12","modified_gmt":"2025-06-17T20:34:12","slug":"face-au-conflit-israel-iran-le-numero-dequilibriste-de-lallemagne","status":"publish","type":"post","link":"https:\/\/www.europesays.com\/fr\/184206\/","title":{"rendered":"Face au conflit Isra\u00ebl-Iran, le \u201cnum\u00e9ro d\u2019\u00e9quilibriste\u201d de l\u2019Allemagne"},"content":{"rendered":"\n<p>\u00c0 la fin de mai, la presse allemande s\u2019interrogeait d\u00e9j\u00e0 sur l\u2019avenir des relations entre Berlin et Tel-Aviv. Le chancelier, <a href=\"https:\/\/www.courrierinternational.com\/sujet\/friedrich-merz\" rel=\"nofollow noopener\" target=\"_blank\">Friedrich Merz<\/a>, venait \u2013 dans une d\u00e9claration rare pour un dirigeant d\u2019outre-Rhin \u2013 de critiquer publiquement son alli\u00e9 h\u00e9breu. \u201cPour \u00eatre franc, je ne comprends plus l\u2019objectif que poursuit l\u2019arm\u00e9e isra\u00e9lienne \u00e0 Gaza\u201d, avait affirm\u00e9\u00a0le conservateur, pour qui la violence des actions men\u00e9es par Tsahal ne pouvait \u00eatre justifi\u00e9e par la simple lutte contre le terrorisme du groupe palestinien arm\u00e9 Hamas.<\/p>\n<p>Ce changement de ton a \u00e9t\u00e9 tr\u00e8s comment\u00e9, dans un pays qui consid\u00e8re que la s\u00e9curit\u00e9 d\u2019Isra\u00ebl rel\u00e8ve de la \u201craison d\u2019\u00c9tat\u201d allemande, en raison de la responsabilit\u00e9 de l\u2019Allemagne dans <a href=\"https:\/\/www.courrierinternational.com\/sujet\/shoah#:~:text=En%20h%C3%A9breu%2C%20le%20terme%20Shoah,Allemagne%20nazie%20suivant%20l&#039;id%C3%A9ologie\" rel=\"nofollow noopener\" target=\"_blank\">la Shoah<\/a>. Depuis, la situation a chang\u00e9\u00a0: les forces isra\u00e9liennes <a href=\"https:\/\/www.courrierinternational.com\/grand-format\/conflit-operation-rising-lion-la-carte-des-sites-vises-par-israel-en-iran_231988\" rel=\"nofollow noopener\" target=\"_blank\">ont bombard\u00e9 des sites militaires et nucl\u00e9aires iraniens<\/a>, entra\u00eenant <a href=\"https:\/\/www.courrierinternational.com\/article\/bombardements-l-iran-riposte-aux-attaques-israeliennes-l-etat-hebreu-promet-de-poursuivre-ses-frappes_232012\" rel=\"nofollow noopener\" target=\"_blank\">une riposte de la R\u00e9publique islamique sur le sol de l\u2019\u00c9tat h\u00e9breu<\/a>. Et Berlin se retrouve \u00e0 nouveau face \u00e0 une \u201cv\u00e9ritable \u00e9preuve\u201d, <a class=\"ithalc\" data-ithal=\"lien_externe\" data-ithalc=\"[nav_article]\" target=\"_blank\" href=\"https:\/\/amp.dw.com\/de\/israel-greift-iran-an-deutschlands-nahostpolitik-unter-druck\/a-72896290\" rel=\"nofollow noopener\">estime le site de la <strong>Deutsche Welle<\/strong><\/a><strong>. <\/strong>\u201cLa politique de l\u2019Allemagne au Proche-Orient relevait d\u00e9j\u00e0 du num\u00e9ro d\u2019\u00e9quilibriste. Celui-ci va \u00eatre encore plus difficile d\u00e9sormais.\u201d<\/p>\n<p>Le 13\u00a0juin, l\u2019Allemagne \u2013 comme la France et le Royaume-Uni \u2013 a pris parti pour Isra\u00ebl. Dans un<\/p>\n","protected":false},"excerpt":{"rendered":"\u00c0 la fin de mai, la presse allemande s\u2019interrogeait d\u00e9j\u00e0 sur l\u2019avenir des relations entre Berlin et Tel-Aviv.&hellip;\n","protected":false},"author":2,"featured_media":184207,"comment_status":"","ping_status":"","sticky":false,"template":"","format":"standard","meta":{"footnotes":""},"categories":[1587],"tags":[11,672,1804,1805,1803,1777,674,1801,1892,32216,16785,3257,12,1802,32215],"class_list":{"0":"post-184206","1":"post","2":"type-post","3":"status-publish","4":"format-standard","5":"has-post-thumbnail","7":"category-allemagne","8":"tag-actualites","9":"tag-allemagne","10":"tag-bundesrepublik-deutschland","11":"tag-de","12":"tag-deutschland","13":"tag-eu","14":"tag-europe","15":"tag-germany","16":"tag-gu00e9opolitique","17":"tag-guerre-israu00ebl-iran","18":"tag-israu00ebl","19":"tag-moyen-orient","20":"tag-news","21":"tag-republique-federale-dallemagne","22":"tag-tensions-iran-israu00ebl"},"share_on_mastodon":{"url":"https:\/\/pubeurope.com\/@fr\/114700621117740208","error":""},"_links":{"self":[{"href":"https:\/\/www.europesays.com\/fr\/wp-json\/wp\/v2\/posts\/184206","targetHints":{"allow":["GET"]}}],"collection":[{"href":"https:\/\/www.europesays.com\/fr\/wp-json\/wp\/v2\/posts"}],"about":[{"href":"https:\/\/www.europesays.com\/fr\/wp-json\/wp\/v2\/types\/post"}],"author":[{"embeddable":true,"href":"https:\/\/www.europesays.com\/fr\/wp-json\/wp\/v2\/users\/2"}],"replies":[{"embeddable":true,"href":"https:\/\/www.europesays.com\/fr\/wp-json\/wp\/v2\/comments?post=184206"}],"version-history":[{"count":0,"href":"https:\/\/www.europesays.com\/fr\/wp-json\/wp\/v2\/posts\/184206\/revisions"}],"wp:featuredmedia":[{"embeddable":true,"href":"https:\/\/www.europesays.com\/fr\/wp-json\/wp\/v2\/media\/184207"}],"wp:attachment":[{"href":"https:\/\/www.europesays.com\/fr\/wp-json\/wp\/v2\/media?parent=184206"}],"wp:term":[{"taxonomy":"category","embeddable":true,"href":"https:\/\/www.europesays.com\/fr\/wp-json\/wp\/v2\/categories?post=184206"},{"taxonomy":"post_tag","embeddable":true,"href":"https:\/\/www.europesays.com\/fr\/wp-json\/wp\/v2\/tags?post=184206"}],"curies":[{"name":"wp","href":"https:\/\/api.w.org\/{rel}","templated":true}]}}