{"id":184208,"date":"2025-06-17T20:35:11","date_gmt":"2025-06-17T20:35:11","guid":{"rendered":"https:\/\/www.europesays.com\/fr\/184208\/"},"modified":"2025-06-17T20:35:11","modified_gmt":"2025-06-17T20:35:11","slug":"pourquoi-plusieurs-villes-du-sud-de-leurope-sont-en-rogne-contre-le-tourisme","status":"publish","type":"post","link":"https:\/\/www.europesays.com\/fr\/184208\/","title":{"rendered":"pourquoi plusieurs villes du sud de l&rsquo;Europe sont en rogne contre le tourisme"},"content":{"rendered":"<p>            Par<br \/>\n        <strong><br \/>\n            <a href=\"https:\/\/actu.fr\/auteur\/redaction-actu\" title=\"Consulter tous les articles de R\u00e9daction Actu\" rel=\"nofollow noopener\" target=\"_blank\">R\u00e9daction Actu<\/a><br \/>\n        <\/strong><\/p>\n<p>        Publi\u00e9 le<\/p>\n<p>            17 juin 2025 \u00e0 19h09        <\/p>\n<p>Si Barcelone est devenue un <a style=\"font-size: 1.8rem;\" href=\"https:\/\/www.dailymail.co.uk\/news\/article-14658499\/amp\/activists-target-holidaymakers-water-pistols-Barcelona-Sagrada-Familia.html\" rel=\"nofollow noopener\" target=\"_blank\">symbole<\/a> de la r\u00e9sistance sociale aux effets n\u00e9gatifs d\u2019un <a style=\"font-size: 1.8rem;\" href=\"https:\/\/www.weforum.org\/stories\/2023\/10\/what-is-overtourism-and-how-can-we-overcome-it\/%22%22\" rel=\"nofollow noopener\" target=\"_blank\">tourisme pr\u00e9dateur et extractif<\/a>, elle est loin d\u2019\u00eatre seule. Ces douze derniers mois, des destinations comme les <a style=\"font-size: 1.8rem;\" href=\"https:\/\/www.timeout.com\/news\/canaries-have-a-limit-why-thousands-of-locals-are-protesting-in-the-canary-islands-051925%22%22\" rel=\"nofollow noopener\" target=\"_blank\">\u00eeles Canaries<\/a>, <a style=\"font-size: 1.8rem;\" href=\"https:\/\/www.bbc.com\/news\/articles\/clyn5l20z72o%22%22\" rel=\"nofollow noopener\" target=\"_blank\">M\u00e1laga<\/a> ou encore les <a style=\"font-size: 1.8rem;\" href=\"https:\/\/www.euronews.com\/travel\/2024\/05\/24\/everything-is-collapsing-ibiza-is-the-latest-spanish-hotspot-to-fight-back-against-overtou%22%22\" rel=\"nofollow noopener\" target=\"_blank\">Bal\u00e9ares<\/a> ont \u00e9galement connu des mobilisations massives contre les exc\u00e8s du tourisme.<\/p>\n<p class=\" wall-content\">La lassitude est palpable, et elle s\u2019\u00e9crit m\u00eame sur les murs\u00a0: les appartements touristiques recouverts de graffitis \u00ab\u00a0tourists go home\u00a0\u00bb (les touristes dehors) sont d\u00e9sormais un paysage familier dans bien des villes espagnoles. Ce ne sont pourtant pas les touristes individuellement qui sont mis en cause, mais bien une d\u00e9pendance excessive au tourisme, qui a progressivement chass\u00e9 de nombreux habitants de leurs logements et de leurs quartiers.<\/p>\n<p class=\" wall-content\">Comment en est-on arriv\u00e9 l\u00e0\u00a0? Apr\u00e8s la lev\u00e9e des restrictions li\u00e9es au Covid-19, le tourisme international a <a href=\"https:\/\/english.elpais.com\/spain\/2024-08-21\/mass-tourism-in-spain-what-do-the-numbers-reveal.html%22%22\" rel=\"nofollow noopener\" target=\"_blank\">rebondi avec force<\/a> dans de nombreuses villes m\u00e9diterran\u00e9ennes. Ce retour massif nourrit une exasp\u00e9ration grandissante au sein de la population locale, confront\u00e9e \u00e0 une transformation urbaine v\u00e9cue \u00e0 ses d\u00e9pens.<\/p>\n<p><a href=\"https:\/\/images.theconversation.com\/files\/670058\/original\/file-20250523-56-vw0o0c.jpg?ixlib=rb-4.1.0&amp;q=45&amp;auto=format&amp;w=1000&amp;fit=clip\" rel=\"nofollow noopener\" target=\"_blank\"><img decoding=\"async\" src=\"https:\/\/www.europesays.com\/fr\/wp-content\/uploads\/2025\/06\/file-20250523-56-vw0o0c.jpg\"   alt=\"a mural painted on a city street with people walking past\" loading=\"lazy\"\/><\/a>Fresque de l\u2019artiste El\u00edas Ta\u00f1o dans le quartier central d\u2019El Carmen \u00e0 Valence (Espagne), arborant un autre slogan courant : \u00ab\u00a0+1 turista\u00a0=\u00a0-1\u00a0ve\u00efna\u00a0\u00bb (un touriste de plus = une voisine de moins). <a class=\"source\" href=\"https:\/\/www.flickr.com\/photos\/boklm\/51636025759\/\" rel=\"nofollow noopener\" target=\"_blank\">Nicolas Vigier<\/a><\/p>\n<p class=\" wall-content\">Les habitants sont notamment pr\u00e9occup\u00e9s par des <a href=\"https:\/\/www.dw.com\/en\/spain-tourism-boom-worsens-housing-crisis\/video-72377720%22%22\" rel=\"nofollow noopener\" target=\"_blank\">p\u00e9nuries de logements<\/a>, la <a href=\"https:\/\/english.elpais.com\/international\/2024-06-30\/the-reality-of-living-in-ibiza-workers-sleeping-in-vans-due-to-high-cost-of-rent.html%22%22\" rel=\"nofollow noopener\" target=\"_blank\">pr\u00e9carit\u00e9 de l\u2019emploi<\/a> li\u00e9e au tourisme, ou l\u2019impact environnemental. \u00c0 Barcelone, la <a href=\"https:\/\/revistas.um.es\/turismo\/article\/view\/474091\/305221%22%22\" rel=\"nofollow noopener\" target=\"_blank\">privatisation des espaces publics<\/a> est aussi au c\u0153ur des critiques, exacerb\u00e9e par des \u00e9v\u00e9nements de prestige comme l\u2019America\u2019s Cup ou le Grand Prix de Formule 1, dont les retomb\u00e9es profitent peu aux habitants.<\/p>\n<p class=\" wall-content\">Cette fronde traduit un ras-le-bol g\u00e9n\u00e9ralis\u00e9, qu\u2019on ne peut plus balayer d\u2019un revers de main comme s\u2019il s\u2019agissait d\u2019un simple caprice ou de \u00ab\u00a0<a href=\"https:\/\/geoconfluences.ens-lyon.fr\/glossaire\/nimby-not-in-my-back-yard-surtout-pas-chez-moi#:%7E:text=NIMBY%20est%20un%20acronyme%20tir%C3%A9,de%20son%20lieu%20de%20r%C3%A9sidence.\" rel=\"nofollow noopener\" target=\"_blank\">NIMBYisme<\/a>\u00a0\u00bb (Not In My Back Yard\u00a0: \u00ab\u00a0Pas de \u00e7a chez moi\u00a0\u00bb, attitude qui consiste \u00e0 approuver un projet s\u2019il se fait ailleurs, mais \u00e0 le refuser s\u2019il est \u00e0 proximit\u00e9 de son lieu de r\u00e9sidence, ndlr). Cette contestation met en lumi\u00e8re des in\u00e9galit\u00e9s structurelles profondes, des conflits autour de l\u2019espace urbain, de la justice sociale et des <a href=\"https:\/\/www.tandfonline.com\/doi\/full\/10.1080\/14616688.2024.2391388%22%22\" rel=\"nofollow noopener\" target=\"_blank\">rapports de pouvoir qui nourrissent la croissance incontr\u00f4l\u00e9e du secteur touristique<\/a>.<\/p>\n<p>Vid\u00e9os : en ce moment sur ActuUn militantisme en mutation<\/p>\n<p class=\" wall-content\">Le militantisme anti-tourisme \u00e0 Barcelone remonte au milieu des ann\u00e9es\u00a02010, quand des quartiers comme la Barceloneta ont commenc\u00e9 \u00e0 contester le r\u00f4le du tourisme dans la gentrification et les d\u00e9placements de population. Depuis, des collectifs comme l\u2019<a href=\"https:\/\/assembleabarris.wordpress.com\/\" rel=\"nofollow noopener\" target=\"_blank\">Assembl\u00e9e des quartiers pour la d\u00e9croissance touristique<\/a> (ABDT) d\u00e9noncent les politiques publiques qui renforcent la d\u00e9pendance \u00e0 l\u2019\u00e9conomie touristique.<\/p>\n<p class=\" wall-content\">L\u2019ABDT pr\u00e9f\u00e8re d\u2019ailleurs parler de touristification plut\u00f4t que de surtourisme. Selon eux, le terme surtourisme tend \u00e0 d\u00e9politiser le d\u00e9bat, en le r\u00e9duisant \u00e0 une question de volume de visiteurs. Le c\u0153ur du probl\u00e8me, affirment-ils, tient aux in\u00e9galit\u00e9s syst\u00e9miques li\u00e9es \u00e0 l\u2019accumulation capitaliste, \u00e0 la nature extractive du tourisme, et \u00e0 un mod\u00e8le qui capte la richesse collective au profit d\u2019int\u00e9r\u00eats priv\u00e9s.<\/p>\n<p class=\" wall-content\">Ce qui distingue cette nouvelle vague de militantisme, c\u2019est le passage de l\u2019opposition frontale \u00e0 l\u2019\u00e9laboration de propositions concr\u00e8tes.<\/p>\n<p class=\" wall-content\">Lors d\u2019une grande manifestation en juillet 2024 \u00e0 Barcelone, les militants ont ainsi pr\u00e9sent\u00e9 un manifeste appelant \u00e0 r\u00e9duire la d\u00e9pendance \u00e9conomique au tourisme, et \u00e0 engager une transition vers une \u00e9conomie \u00e9co-sociale.<\/p>\n<p>Des propositions concr\u00e8tes<\/p>\n<p class=\" wall-content\">Parmi leurs revendications\u00a0: mettre fin aux subventions publiques destin\u00e9es \u00e0 la promotion touristique, encadrer la location de courte dur\u00e9e pour lutter contre la perte de logements, r\u00e9duire le trafic de croisi\u00e8res, et am\u00e9liorer les conditions de travail par des salaires d\u00e9cents et des horaires stables.<\/p>\n<p class=\" wall-content\">Le manifeste plaide aussi pour diversifier l\u2019\u00e9conomie, reconvertir les infrastructures touristiques \u00e0 des usages sociaux, et d\u00e9velopper des dispositifs de soutien aux travailleurs pr\u00e9caires.<\/p>\n<p><img decoding=\"async\" src=\"https:\/\/www.europesays.com\/fr\/wp-content\/uploads\/2025\/06\/file-20250516-56-j69fho.jpg\"   alt=\"\" loading=\"lazy\"\/>Le manifeste en 13 points de l\u2019ABDT. Milano et al. 2024<\/p>\n<p class=\" wall-content\">Le week-end du 27\u00a0avril 2025, le r\u00e9seau Europe du Sud contre la touristification s\u2019est r\u00e9uni \u00e0 Barcelone pour \u00e9tablir une feuille de route politique commune. C\u2019est l\u00e0 qu\u2019a \u00e9t\u00e9 pr\u00e9vue la manifestation coordonn\u00e9e dans plusieurs villes d\u2019Europe du Sud du <a href=\"https:\/\/eutoday.net\/southern-europe-anti-tourism-protests\/\" rel=\"nofollow noopener\" target=\"_blank\">15\u00a0juin 2025<\/a>.<\/p>\n<p>Les plus pr\u00e9caires particuli\u00e8rement touch\u00e9s<\/p>\n<p class=\" wall-content\">Les militants anti-tourisme sont souvent accus\u00e9s de tourismophobie ou de <a href=\"https:\/\/www.emerald.com\/insight\/content\/doi\/10.1108\/978-1-83867-487-820201002\/full\/html%22%22\" rel=\"nofollow noopener\" target=\"_blank\">NIMBYisme<\/a>.<\/p>\n<p class=\" wall-content\">Ces critiques ignorent pourtant que les \u00e9conomies centr\u00e9es sur le tourisme touchent surtout les groupes marginalis\u00e9s\u00a0: locataires pr\u00e9caires, travailleurs saisonniers, migrants, jeunes en difficult\u00e9. Les mouvements sociaux des villes m\u00e9diterran\u00e9ennes ont int\u00e9gr\u00e9 cette dimension, \u00e9largissant leur lutte au-del\u00e0 du tourisme pour y inclure les enjeux du logement, du travail, du climat et de la d\u00e9fense de l\u2019espace public.<\/p>\n<p class=\" wall-content\">Ils affrontent ainsi les effets crois\u00e9s de la touristification\u00a0: division sociale du travail, in\u00e9galit\u00e9s de genre, concentration du capital. Et d\u00e9montrent, par leur action, qu\u2019une grande partie des habitants souhaitent aujourd\u2019hui privil\u00e9gier le bien-\u00eatre collectif plut\u00f4t que la croissance \u00e9conomique.<\/p>\n<p>Universitaires et responsables politiques \u00e0 la tra\u00eene<\/p>\n<p class=\" wall-content\">Tant les chercheurs que les d\u00e9cideurs publics peinent \u00e0 r\u00e9pondre aux revendications des manifestants. De nombreuses \u00e9tudes s\u2019int\u00e9ressent \u00e0 la gestion des flux touristiques, au tourisme durable, ou \u00e0 ses potentiels \u00e9mancipateurs. Mais rares sont celles qui prennent au s\u00e9rieux les v\u00e9cus des r\u00e9sidents, ou analysent comment ce secteur g\u00e9n\u00e8re de la pr\u00e9carit\u00e9, de l\u2019exclusion et des in\u00e9galit\u00e9s environnementales.<\/p>\n<p class=\" wall-content\">Les politiques publiques se limitent le plus souvent \u00e0 g\u00e9rer les flux ou les transports, sans remettre en cause la croissance touristique ni les d\u00e9s\u00e9quilibres de pouvoir. Ce traitement superficiel ne fait qu\u2019entretenir les causes profondes des tensions actuelles.<\/p>\n<p class=\" wall-content\">Au-del\u00e0 de l\u2019impact sur les villes, la pr\u00e9carit\u00e9 du travail dans le tourisme reste centrale. <a href=\"https:\/\/www.tandfonline.com\/doi\/abs\/10.1080\/14616688.2018.1437765\" rel=\"nofollow noopener\" target=\"_blank\">Nombre d\u2019emplois sont mal r\u00e9mun\u00e9r\u00e9s, instables et saisonniers<\/a>. Tandis que les institutions internationales vantent les bienfaits du tourisme sur l\u2019emploi, la question \u00ab\u00a0Quels types d\u2019emplois\u00a0?\u00a0\u00bb reste trop souvent \u00e9lud\u00e9e.<\/p>\n<p class=\" wall-content\">Pour l\u2019avenir, une recherche plus ancr\u00e9e dans le r\u00e9el est n\u00e9cessaire\u00a0: intersectionnelle, ethnographique, et sur le temps long. C\u2019est \u00e0 cette condition qu\u2019on pourra \u00e9clairer l\u2019action publique et rompre avec la logique pr\u00e9datrice et productiviste qui attise les in\u00e9galit\u00e9s sociales.<\/p>\n<p class=\" wall-content\">Il ne faut plus voir ces mobilisations comme de simples nuisances localis\u00e9es, mais comme les sympt\u00f4mes d\u2019une lutte plus vaste pour la justice sociale. Elles d\u00e9montrent qu\u2019il est possible d\u2019\u00e9laborer, collectivement, des alternatives centr\u00e9es sur les besoins des habitants plut\u00f4t que sur la croissance \u00e0 tout prix.<\/p>\n<p class=\" wall-content\">Repenser le tourisme urbain, c\u2019est repenser la ville comme un espace de vie digne pour ses habitants \u2013\u00a0pas uniquement comme un d\u00e9cor pour visiteurs. Pour cela, il faut s\u2019attaquer aux in\u00e9galit\u00e9s qui sont au c\u0153ur des processus de touristification.<\/p>\n<p class=\" wall-content\"><img decoding=\"async\" loading=\"lazy\" style=\"border: none !important; box-shadow: none !important; margin: 0 !important; max-height: 1px !important; max-width: 1px !important; min-height: 1px !important; min-width: 1px !important; opacity: 0 !important; outline: none !important; padding: 0 !important;\" src=\"https:\/\/www.europesays.com\/fr\/wp-content\/uploads\/2025\/06\/1750192511_580_count.gif\" alt=\"The Conversation\" width=\"1\" height=\"1\"\/><\/p>\n<p><a href=\"https:\/\/theconversation.com\/profiles\/claudio-milano-388168\" rel=\"nofollow noopener\" target=\"_blank\">Claudio Milano<\/a>, Researcher, Lecturer and Consultant, <a href=\"https:\/\/theconversation.com\/institutions\/universitat-de-barcelona-785\" rel=\"nofollow noopener\" target=\"_blank\">Universitat de Barcelona<\/a>; <a href=\"https:\/\/theconversation.com\/profiles\/antonio-paolo-russo-2395158\" rel=\"nofollow noopener\" target=\"_blank\">Antonio Paolo Russo<\/a>, Professor, <a href=\"https:\/\/theconversation.com\/institutions\/universitat-rovira-i-virgili-2571\" rel=\"nofollow noopener\" target=\"_blank\">Universitat Rovira i Virgili<\/a> et <a href=\"https:\/\/theconversation.com\/profiles\/marina-novelli-148460\" rel=\"nofollow noopener\" target=\"_blank\">Marina Novelli<\/a>, Professor of Marketing and Tourism &amp; Director of the Sustainable Travel and Tourism Advanced Research Centre, <a href=\"https:\/\/theconversation.com\/institutions\/university-of-nottingham-1192\" rel=\"nofollow noopener\" target=\"_blank\">University of Nottingham<\/a>Cet article est republi\u00e9 \u00e0 partir de <a href=\"https:\/\/theconversation.com\" rel=\"nofollow noopener\" target=\"_blank\">The Conversation<\/a> sous licence Creative Commons. Lire l\u2019<a href=\"https:\/\/theconversation.com\/tourists-go-home-barcelone-naples-lisbonne-le-sud-de-leurope-en-revolte-contre-le-surtourisme-258489\" rel=\"nofollow noopener\" target=\"_blank\">article original<\/a>.<\/p>\n<p class=\" wall-content\">Suivez toute l\u2019actualit\u00e9 de vos villes et m\u00e9dias favoris en vous inscrivant \u00e0 <a href=\"https:\/\/moncompte.actu.fr\" title=\"D\u00e9couvez Mon Actu\" rel=\"nofollow noopener\" data-trk=\"{&quot;cta&quot;:{&quot;action&quot;:&quot;https:\\\/\\\/moncompte.actu.fr&quot;,&quot;category&quot;:&quot;mon compte&quot;,&quot;from&quot;:&quot;article footer&quot;,&quot;name&quot;:&quot;Mon actu&quot;,&quot;type&quot;:&quot;cta&quot;}}\" target=\"_blank\">Mon Actu<\/a>.<\/p>\n","protected":false},"excerpt":{"rendered":"Par R\u00e9daction Actu Publi\u00e9 le 17 juin 2025 \u00e0 19h09 Si Barcelone est devenue un symbole de la&hellip;\n","protected":false},"author":2,"featured_media":184209,"comment_status":"","ping_status":"","sticky":false,"template":"","format":"standard","meta":{"footnotes":""},"categories":[1586],"tags":[11,1777,674,1011,27,12,25,104,602],"class_list":{"0":"post-184208","1":"post","2":"type-post","3":"status-publish","4":"format-standard","5":"has-post-thumbnail","7":"category-europe","8":"tag-actualites","9":"tag-eu","10":"tag-europe","11":"tag-fr","12":"tag-france","13":"tag-news","14":"tag-republique-francaise","15":"tag-societe","16":"tag-tourisme"},"share_on_mastodon":{"url":"https:\/\/pubeurope.com\/@fr\/114700623810729369","error":""},"_links":{"self":[{"href":"https:\/\/www.europesays.com\/fr\/wp-json\/wp\/v2\/posts\/184208","targetHints":{"allow":["GET"]}}],"collection":[{"href":"https:\/\/www.europesays.com\/fr\/wp-json\/wp\/v2\/posts"}],"about":[{"href":"https:\/\/www.europesays.com\/fr\/wp-json\/wp\/v2\/types\/post"}],"author":[{"embeddable":true,"href":"https:\/\/www.europesays.com\/fr\/wp-json\/wp\/v2\/users\/2"}],"replies":[{"embeddable":true,"href":"https:\/\/www.europesays.com\/fr\/wp-json\/wp\/v2\/comments?post=184208"}],"version-history":[{"count":0,"href":"https:\/\/www.europesays.com\/fr\/wp-json\/wp\/v2\/posts\/184208\/revisions"}],"wp:featuredmedia":[{"embeddable":true,"href":"https:\/\/www.europesays.com\/fr\/wp-json\/wp\/v2\/media\/184209"}],"wp:attachment":[{"href":"https:\/\/www.europesays.com\/fr\/wp-json\/wp\/v2\/media?parent=184208"}],"wp:term":[{"taxonomy":"category","embeddable":true,"href":"https:\/\/www.europesays.com\/fr\/wp-json\/wp\/v2\/categories?post=184208"},{"taxonomy":"post_tag","embeddable":true,"href":"https:\/\/www.europesays.com\/fr\/wp-json\/wp\/v2\/tags?post=184208"}],"curies":[{"name":"wp","href":"https:\/\/api.w.org\/{rel}","templated":true}]}}