{"id":184210,"date":"2025-06-17T20:36:13","date_gmt":"2025-06-17T20:36:13","guid":{"rendered":"https:\/\/www.europesays.com\/fr\/184210\/"},"modified":"2025-06-17T20:36:13","modified_gmt":"2025-06-17T20:36:13","slug":"lunion-europeenne-cherche-a-passer-en-mode-economie-de-guerre","status":"publish","type":"post","link":"https:\/\/www.europesays.com\/fr\/184210\/","title":{"rendered":"l\u2019Union europ\u00e9enne cherche \u00e0 passer en mode \u00e9conomie de guerre"},"content":{"rendered":"<p><strong>D\u00c9CRYPTAGE &#8211;<\/strong> Une loi \u00ab\u00a0omnibus\u00a0\u00bb de la Commission vise \u00e0 simplifier les r\u00e9glementations pesant sur l\u2019industrie de la d\u00e9fense. Un projet devrait pouvoir \u00eatre autoris\u00e9 en 60\u00a0jours, au lieu de plusieurs ann\u00e9es.<\/p>\n<p class=\"fig-paragraph\">Plusieurs rapports de services de renseignements \u00e9voquent la possibilit\u00e9 d\u2019une\u00a0<a href=\"https:\/\/www.lefigaro.fr\/international\/moscou-brandit-le-risque-d-un-conflit-inevitable-entre-la-russie-et-l-otan-20240227\" data-fig-type=\"Article\" data-gtm-custom-categorie=\"navigation\" data-gtm-custom-action=\"crossclick\" data-gtm-custom-label=\"Contextuel\" data-gtm-event=\"customEventSPE\" data-fig-domain=\"LEFIGARO\" target=\"_blank\" rel=\"noopener\">attaque russe contre un pays de l\u2019Otan<\/a>\u00a0d\u2019ici cinq ans. Cinq ans, c\u2019est aussi le temps qu\u2019il faut parfois \u00e0 un industriel de la d\u00e9fense avant d\u2019obtenir le feu vert pour lancer un nouveau projet. Face \u00e0 ce paradoxe, l\u2019Union europ\u00e9enne entend donner aux acteurs du secteur la possibilit\u00e9 de mettre en \u0153uvre la\u00a0<a href=\"http:\/\/www.lefigaro.fr\/economie\/defense-la-souverainete-europeenne-se-joue-dans-les-usines-20250617\" data-fig-type=\"Article\" data-gtm-custom-categorie=\"navigation\" data-gtm-custom-action=\"crossclick\" data-gtm-custom-label=\"Contextuel\" data-gtm-event=\"customEventSPE\" data-fig-domain=\"LEFIGARO\" target=\"_blank\" rel=\"noopener\">mont\u00e9e en puissance<\/a>\u00a0impos\u00e9e par le contexte g\u00e9opolitique. La Commission a annonc\u00e9, mardi, un ensemble de mesures de simplification des r\u00e9glementations pesant sur la production, afin de permettre l\u2019investissement n\u00e9cessaire, estim\u00e9 \u00e0 800\u00a0milliards d\u2019euros sur quatre ans.<\/p>\n<p class=\"fig-paragraph\">Il s\u2019agit de se donner les moyens de ses ambitions, une semaine avant le sommet de l\u2019Otan, \u00e0 La\u00a0Haye, o\u00f9 les membres de l\u2019Alliance devraient s\u2019engager \u00e0 consacrer \u00e0 moyen terme 5\u00a0% de leur PIB \u00e0 la d\u00e9fense &#8211; un chiffre exig\u00e9 par Donald Trump\u00a0-, contre \u00e0 peine 2\u00a0% en moyenne actuellement. Pour faciliter le d\u00e9veloppement de la base industrielle\u2026<\/p>\n<p class=\"fig-premium-paywall__infos\">\n        Cet article est r\u00e9serv\u00e9 aux abonn\u00e9s.        Il vous reste 82% \u00e0 d\u00e9couvrir.\n    <\/p>\n<p>                <img  data- alt=\"Le Figaro\" class=\"fig-img--complete fig-img\"\/><\/p>\n<p class=\"fig-premium-paywall__title\">Vente Flash<\/p>\n<p class=\"fig-premium-paywall__subtitle\">3,99\u20ac par mois pendant 12 mois. Sans engagement.<\/p>\n<p class=\"fig-premium-paywall__connect\">\n                D\u00e9j\u00e0 abonn\u00e9\u00a0?                <a class=\"fig-premium-paywall__connect-link\" href=\"https:\/\/connect.lefigaro.fr\/login?client=horizon_web&amp;type=main&amp;redirect_uri=https%3A%2F%2Fwww.lefigaro.fr%2Fconjoncture%2Fl-union-europeenne-cherche-a-passer-en-mode-economie-de-guerre-20250617\" data-js-gtm=\"{&quot;customCategorie&quot;: &quot;conversion&quot;, &quot;customAction&quot;: &quot;before_Landing_Connexion_paywall_auto&quot;, &quot;customLabel&quot;: &quot;bGVmaWdhcm8uZnJfXzFmMDRiNzVkLWJmZjMtNjQ2MC04MTEwLTE3MWE5NmE3MjI3OF9fQXJ0aWNsZQ==_D\u00e9fense\u00a0: l\u2019Union europ\u00e9enne cherche \u00e0 passer en mode \u00e9conomie de guerre_344&quot;, &quot;customIDSPE&quot;: &quot;bGVmaWdhcm8uZnJfXzFmMDRiNzVkLWJmZjMtNjQ2MC04MTEwLTE3MWE5NmE3MjI3OF9fQXJ0aWNsZQ==&quot;, &quot;event&quot;: &quot;customEventSPE&quot;}\" target=\"_blank\" rel=\"noopener\"><br \/>\n                    Connectez-vous<br \/>\n                <\/a>\n            <\/p>\n","protected":false},"excerpt":{"rendered":"D\u00c9CRYPTAGE &#8211; Une loi \u00ab\u00a0omnibus\u00a0\u00bb de la Commission vise \u00e0 simplifier les r\u00e9glementations pesant sur l\u2019industrie de la&hellip;\n","protected":false},"author":2,"featured_media":184211,"comment_status":"","ping_status":"","sticky":false,"template":"","format":"standard","meta":{"footnotes":""},"categories":[1586],"tags":[339,11,340,343,345,350,130,344,352,771,349,33,341,313,1777,674,1779,3531,1011,27,346,342,353,351,347,12,136,348,25,1778,354,364],"class_list":{"0":"post-184210","1":"post","2":"type-post","3":"status-publish","4":"format-standard","5":"has-post-thumbnail","7":"category-europe","8":"tag-actualite-economique","9":"tag-actualites","10":"tag-bourse","11":"tag-cac-40","12":"tag-chef-dentreprise","13":"tag-concurrence","14":"tag-consommation","15":"tag-creation-dentreprise","16":"tag-crise","17":"tag-defense-europeenne","18":"tag-delocalisations","19":"tag-economie","20":"tag-emploi","21":"tag-entreprises","22":"tag-eu","23":"tag-europe","24":"tag-european-union","25":"tag-financement","26":"tag-fr","27":"tag-france","28":"tag-grands-patrons","29":"tag-impots","30":"tag-licenciements","31":"tag-monopole","32":"tag-multinationales","33":"tag-news","34":"tag-otan","35":"tag-privatisation","36":"tag-republique-francaise","37":"tag-ue","38":"tag-unio","39":"tag-union-europeenne"},"share_on_mastodon":{"url":"","error":""},"_links":{"self":[{"href":"https:\/\/www.europesays.com\/fr\/wp-json\/wp\/v2\/posts\/184210","targetHints":{"allow":["GET"]}}],"collection":[{"href":"https:\/\/www.europesays.com\/fr\/wp-json\/wp\/v2\/posts"}],"about":[{"href":"https:\/\/www.europesays.com\/fr\/wp-json\/wp\/v2\/types\/post"}],"author":[{"embeddable":true,"href":"https:\/\/www.europesays.com\/fr\/wp-json\/wp\/v2\/users\/2"}],"replies":[{"embeddable":true,"href":"https:\/\/www.europesays.com\/fr\/wp-json\/wp\/v2\/comments?post=184210"}],"version-history":[{"count":0,"href":"https:\/\/www.europesays.com\/fr\/wp-json\/wp\/v2\/posts\/184210\/revisions"}],"wp:featuredmedia":[{"embeddable":true,"href":"https:\/\/www.europesays.com\/fr\/wp-json\/wp\/v2\/media\/184211"}],"wp:attachment":[{"href":"https:\/\/www.europesays.com\/fr\/wp-json\/wp\/v2\/media?parent=184210"}],"wp:term":[{"taxonomy":"category","embeddable":true,"href":"https:\/\/www.europesays.com\/fr\/wp-json\/wp\/v2\/categories?post=184210"},{"taxonomy":"post_tag","embeddable":true,"href":"https:\/\/www.europesays.com\/fr\/wp-json\/wp\/v2\/tags?post=184210"}],"curies":[{"name":"wp","href":"https:\/\/api.w.org\/{rel}","templated":true}]}}