{"id":184214,"date":"2025-06-17T20:38:11","date_gmt":"2025-06-17T20:38:11","guid":{"rendered":"https:\/\/www.europesays.com\/fr\/184214\/"},"modified":"2025-06-17T20:38:11","modified_gmt":"2025-06-17T20:38:11","slug":"emmanuel-macron-repond-aux-critiques-de-donald-trump-qui-ne-lemeuvent-pas-beaucoup","status":"publish","type":"post","link":"https:\/\/www.europesays.com\/fr\/184214\/","title":{"rendered":"Emmanuel Macron r\u00e9pond aux critiques de Donald Trump, qui ne l\u2019\u00e9meuvent pas beaucoup"},"content":{"rendered":"<p>        <img decoding=\"async\" loading=\"lazy\" src=\"https:\/\/www.europesays.com\/fr\/wp-content\/uploads\/2025\/06\/976a6bc_upload-1-d3yzo341y7o9-000-36yl9az.jpg\"  width=\"728\" height=\"409\" alt=\"Emmanuel Macron a r\u00e9pondu, ce mardi 17\u00a0juin, aux critiques de Donald Trump \u00e0 son encontre.\"\/>  <\/p>\n<p>LUDOVIC MARIN \/ AFP<\/p>\n<p>Emmanuel Macron a r\u00e9pondu, ce mardi 17\u00a0juin, aux critiques de Donald Trump \u00e0 son encontre.<\/p>\n<p class=\"asset asset-text\">POLITIQUE &#8211; \u00ab\u00a0\u00c7a ne m\u2019\u00e9meut pas\u00a0\u00bb. Emmanuel Macron a r\u00e9pondu, ce mardi 17\u00a0juin au soir, aux <a href=\"https:\/\/www.huffingtonpost.fr\/international\/article\/emmanuel-ne-comprend-jamais-rien-le-tacle-de-trump-a-macron-apres-son-depart-du-g7_251443.html\" rel=\"nofollow noopener\" target=\"_blank\">critiques de Donald Trump <\/a>\u00e0 son encontre. Le locataire du Bureau Ovale avait affirm\u00e9, sur son r\u00e9seau Truth Social, que le chef d\u2019\u00c9tat fran\u00e7ais ne comprenait \u00ab\u00a0jamais rien\u00a0\u00bb et qu\u2019il avait essay\u00e9 de \u00ab\u00a0se faire de la publicit\u00e9\u00a0\u00bb en parlant de discussions en vue d\u2019un \u00ab\u00a0cessez-le-feu\u00a0\u00bb entre <a href=\"https:\/\/www.huffingtonpost.fr\/international\/article\/israel-iran-ali-shadmani-tue-explosions-a-tel-aviv-ce-qu-il-faut-retenir-au-cinquieme-jour-des-affrontements_251448.html\" rel=\"nofollow noopener\" target=\"_blank\">l\u2019Iran et Isra\u00ebl<\/a>.<\/p>\n<p class=\"asset asset-text\">Emmanuel Macron a qualifi\u00e9 de \u00ab\u00a0p\u00e9rip\u00e9tie\u00a0\u00bb les critiques du dirigeant des \u00c9tats-Unis, une expression que le pr\u00e9sident utilise r\u00e9guli\u00e8rement, notamment lors d\u2019un d\u00e9placement pol\u00e9mique \u00e0 <a href=\"https:\/\/www.lepoint.fr\/politique\/bordel-une-peripetie-pour-emmanuel-macron-06-10-2017-2162573_20.php\" target=\"_blank\" rel=\"noopener nofollow\" title=\"Nouvelle fen\u00eatre\">\u00c9gleton<\/a> en 2017. Ou encore en 2018, en d\u00e9posant une gerbe sur la tombe du g\u00e9n\u00e9ral de Gaulle, o\u00f9 il avait fait les louanges de la Ve\u00a0R\u00e9publique et s\u2019exprimer sur les<a href=\"https:\/\/www.huffingtonpost.fr\/politique\/article\/macron-depose-une-gerbe-sur-la-tombe-du-general-de-gaulle-a-colombey-les-deux-eglises_132350.html\" target=\"_blank\" rel=\"noopener nofollow\" title=\"Nouvelle fen\u00eatre\"> \u00ab\u00a0p\u00e9rip\u00e9ties du quotidien.\u00a0\u00bb<\/a><\/p>\n<p class=\"asset asset-text\">Et mardi, le dirigeant fran\u00e7ais a rappel\u00e9 que le \u00ab\u00a0cessez-le-feu [entre l\u2019Iran et Isra\u00ebl], c\u2019est surtout Trump qui en a parl\u00e9\u00a0\u00bb. Emmanuel Macron a \u00e9galement estim\u00e9 que l\u2019on avait \u00ab\u00a0besoin des \u00c9tats-Unis pour faire revenir tout le monde autour de la table des n\u00e9gociations\u00a0\u00bb dans le conflit entre l\u2019Iran et Isra\u00ebl, lors du G7 au Canada.<\/p>\n<p>    Conseil de s\u00e9curit\u00e9 et de d\u00e9fense \u00e0 l\u2019\u00c9lys\u00e9e    <\/p>\n<p class=\"asset asset-text\">Dans ce contexte d\u2019escalade des tensions au Moyen-Orient, le pr\u00e9sident a\u00a0annonc\u00e9 un conseil de s\u00e9curit\u00e9 et de d\u00e9fense mercredi \u00e0 16h \u00e0 l\u2019\u00c9lys\u00e9e. Ce conseil, le deuxi\u00e8me de ce type depuis l\u2019attaque historique d\u2019Isra\u00ebl vendredi 13\u00a0juin, fera le point sur \u00ab\u00a0la s\u00e9curit\u00e9 de nos ressortissants, l\u2019adaptation et l\u2019\u00e9volution de la menace et d\u2019\u00e9ventuelles initiatives compl\u00e9mentaires \u00e0 prendre\u00a0\u00bb.<\/p>\n<p class=\"asset asset-text\">Enfin, Emmanuel Macron\u00a0a averti que toute tentative de changement de r\u00e9gime en Iran par la guerre entra\u00eenerait le \u00ab\u00a0chaos\u00a0\u00bb dans le pays, lors d\u2019un point presse en marge du G7.<\/p>\n<p class=\"asset asset-text\">Dans la matin\u00e9e, Donald Trump a consid\u00e9rablement hauss\u00e9 le ton contre T\u00e9h\u00e9ran assurant notamment que les \u00c9tats-Unis \u00ab\u00a0savaient exactement o\u00f9 se cachait\u00a0\u00bb le guide supr\u00eame iranien Ali Khamenei mais qu\u2019ils ne comptaient pas le tuer \u00ab\u00a0pour le moment\u00a0\u00bb.<\/p>\n","protected":false},"excerpt":{"rendered":"LUDOVIC MARIN \/ AFP Emmanuel Macron a r\u00e9pondu, ce mardi 17\u00a0juin, aux critiques de Donald Trump \u00e0 son&hellip;\n","protected":false},"author":2,"featured_media":184215,"comment_status":"","ping_status":"","sticky":false,"template":"","format":"standard","meta":{"footnotes":""},"categories":[2],"tags":[11,75,1073,1011,27,14,3019,664,12,316,25],"class_list":{"0":"post-184214","1":"post","2":"type-post","3":"status-publish","4":"format-standard","5":"has-post-thumbnail","7":"category-actualites","8":"tag-actualites","9":"tag-donald-trump","10":"tag-emmanuel-macron","11":"tag-fr","12":"tag-france","13":"tag-international","14":"tag-iran","15":"tag-israel","16":"tag-news","17":"tag-politique","18":"tag-republique-francaise"},"share_on_mastodon":{"url":"https:\/\/pubeurope.com\/@fr\/114700635563239310","error":""},"_links":{"self":[{"href":"https:\/\/www.europesays.com\/fr\/wp-json\/wp\/v2\/posts\/184214","targetHints":{"allow":["GET"]}}],"collection":[{"href":"https:\/\/www.europesays.com\/fr\/wp-json\/wp\/v2\/posts"}],"about":[{"href":"https:\/\/www.europesays.com\/fr\/wp-json\/wp\/v2\/types\/post"}],"author":[{"embeddable":true,"href":"https:\/\/www.europesays.com\/fr\/wp-json\/wp\/v2\/users\/2"}],"replies":[{"embeddable":true,"href":"https:\/\/www.europesays.com\/fr\/wp-json\/wp\/v2\/comments?post=184214"}],"version-history":[{"count":0,"href":"https:\/\/www.europesays.com\/fr\/wp-json\/wp\/v2\/posts\/184214\/revisions"}],"wp:featuredmedia":[{"embeddable":true,"href":"https:\/\/www.europesays.com\/fr\/wp-json\/wp\/v2\/media\/184215"}],"wp:attachment":[{"href":"https:\/\/www.europesays.com\/fr\/wp-json\/wp\/v2\/media?parent=184214"}],"wp:term":[{"taxonomy":"category","embeddable":true,"href":"https:\/\/www.europesays.com\/fr\/wp-json\/wp\/v2\/categories?post=184214"},{"taxonomy":"post_tag","embeddable":true,"href":"https:\/\/www.europesays.com\/fr\/wp-json\/wp\/v2\/tags?post=184214"}],"curies":[{"name":"wp","href":"https:\/\/api.w.org\/{rel}","templated":true}]}}