{"id":184216,"date":"2025-06-17T20:39:09","date_gmt":"2025-06-17T20:39:09","guid":{"rendered":"https:\/\/www.europesays.com\/fr\/184216\/"},"modified":"2025-06-17T20:39:09","modified_gmt":"2025-06-17T20:39:09","slug":"bernard-lacombe-ancien-attaquant-de-lequipe-de-france-est-mort-a-lage-de-72-ans","status":"publish","type":"post","link":"https:\/\/www.europesays.com\/fr\/184216\/","title":{"rendered":"Bernard Lacombe, ancien attaquant de\u00a0l&rsquo;\u00e9quipe\u00a0de France, est mort \u00e0\u00a0l&rsquo;\u00e2ge\u00a0de 72 ans"},"content":{"rendered":"<p>Bernard Lacombe, ancien joueur et figure du football fran\u00e7ais et de l&rsquo;Olympique lyonnais, est mort mardi \u00e0 l&rsquo;\u00e2ge de 72 ans, a annonc\u00e9 l&rsquo;OL.<\/p>\n<p>\u00ab\u00a0Vous \u00e9tiez notre l\u00e9gende\u00a0\u00bb<\/p>\n<p>\u00ab\u00a0C&rsquo;est avec une immense tristesse que nous avons appris ce mardi soir le d\u00e9c\u00e8s de Bernard Lacombe. Toutes nos pens\u00e9es vont vers sa famille et ses proches, mais aussi les amoureux de l&rsquo;Olympique Lyonnais et du football. Adieu Bernard, vous \u00e9tiez notre l\u00e9gende, le plus grand de tous\u00a0\u00bb, \u00e9crit le club dans un communiqu\u00e9.<\/p>\n<p>Buteur, entra\u00eeneur puis dirigeant, Bernard Lacombe a fait l&rsquo;essentiel de sa carri\u00e8re \u00e0 Lyon, son club de coeur, mais c&rsquo;est avec Bordeaux et les Bleus, champions d&rsquo;Europe en 1984, que cette figure du foot fran\u00e7ais a connu la gloire.\u00a0<\/p>\n<p>Deuxi\u00e8me meilleur marqueur de l&rsquo;histoire du Championnat de France (255 buts en 497 matches) derri\u00e8re l&rsquo;Argentin Delio Onnis (299 buts), ce finisseur hors pair a incarn\u00e9 mieux que quiconque un style d&rsquo;avant-centre \u00e0 la fois instinctif et clinique, arch\u00e9type du \u00ab\u00a0renard des surfaces\u00a0\u00bb malgr\u00e9 sa taille relativement modeste\u00a0(1,71 m).<\/p>\n<p>Ce r\u00f4le d&rsquo;avant-centre complet, Bernard Lacombe, qui \u00e9tait n\u00e9 le 15 ao\u00fbt 1952 \u00e0 Villefranche-sur-Sa\u00f4ne, l&rsquo;a mis au service du collectif lors de l&rsquo;Euro-1984: aucun but inscrit pendant le tournoi mais une performance d\u00e9cisive en finale, lorsqu&rsquo;il obtint le coup franc permettant \u00e0 Michel Platini d&rsquo;ouvrir le score contre l&rsquo;Espagne (victoire finale 2-0).\u00a0<\/p>\n<p>\u00ab\u00a0Dans mon r\u00f4le de buteur, je n&rsquo;ai peut-\u00eatre pas donn\u00e9 enti\u00e8re satisfaction\u00a0\u00bb<\/p>\n<p>Ce match fut son dernier en Bleu (38 s\u00e9l., 12 buts) et l&rsquo;apoth\u00e9ose d&rsquo;une carri\u00e8re internationale jalonn\u00e9e de deux participations au Mondial (1978, 1982), en d\u00e9pit des critiques qui l&rsquo;ont parfois escort\u00e9 en s\u00e9lection.<\/p>\n<p>\u00ab\u00a0Dans mon r\u00f4le de buteur, je n&rsquo;ai peut-\u00eatre pas donn\u00e9 enti\u00e8re satisfaction, mais il me semble malgr\u00e9 tout que je me suis beaucoup sacrifi\u00e9 pour la collectivit\u00e9\u00a0\u00bb, estimait-il. \u00ab\u00a0Je regrette un peu le manque de confiance pr\u00e9judiciable que l&rsquo;on fait aux avant-centres. Pourtant, qui peut dire que ce n&rsquo;est pas le poste le plus ingrat \u00e0 tenir\u00a0?\u00a0\u00bb<\/p>\n<p>Ce poste, Bernard Lacombe l&rsquo;a occup\u00e9 et incarn\u00e9 \u00e0 la perfection, \u00e0 Lyon (1967-1978), bri\u00e8vement \u00e0 Saint-\u00c9tienne (1978-1979) puis \u00e0 Bordeaux o\u00f9 il a fini sa carri\u00e8re de joueur (1979-1987).<\/p>\n","protected":false},"excerpt":{"rendered":"Bernard Lacombe, ancien joueur et figure du football fran\u00e7ais et de l&rsquo;Olympique lyonnais, est mort mardi \u00e0 l&rsquo;\u00e2ge&hellip;\n","protected":false},"author":2,"featured_media":184217,"comment_status":"","ping_status":"","sticky":false,"template":"","format":"standard","meta":{"footnotes":""},"categories":[4],"tags":[17,11,4255,13771,11475,32218,932,1011,27,32217,12,25,60],"class_list":{"0":"post-184216","1":"post","2":"type-post","3":"status-publish","4":"format-standard","5":"has-post-thumbnail","7":"category-france","8":"tag-17","9":"tag-actualites","10":"tag-ancien","11":"tag-attaquant","12":"tag-bernard","13":"tag-de-lequipe-de","14":"tag-est","15":"tag-fr","16":"tag-france","17":"tag-lacombe","18":"tag-news","19":"tag-republique-francaise","20":"tag-sports"},"share_on_mastodon":{"url":"https:\/\/pubeurope.com\/@fr\/114700639500726265","error":""},"_links":{"self":[{"href":"https:\/\/www.europesays.com\/fr\/wp-json\/wp\/v2\/posts\/184216","targetHints":{"allow":["GET"]}}],"collection":[{"href":"https:\/\/www.europesays.com\/fr\/wp-json\/wp\/v2\/posts"}],"about":[{"href":"https:\/\/www.europesays.com\/fr\/wp-json\/wp\/v2\/types\/post"}],"author":[{"embeddable":true,"href":"https:\/\/www.europesays.com\/fr\/wp-json\/wp\/v2\/users\/2"}],"replies":[{"embeddable":true,"href":"https:\/\/www.europesays.com\/fr\/wp-json\/wp\/v2\/comments?post=184216"}],"version-history":[{"count":0,"href":"https:\/\/www.europesays.com\/fr\/wp-json\/wp\/v2\/posts\/184216\/revisions"}],"wp:featuredmedia":[{"embeddable":true,"href":"https:\/\/www.europesays.com\/fr\/wp-json\/wp\/v2\/media\/184217"}],"wp:attachment":[{"href":"https:\/\/www.europesays.com\/fr\/wp-json\/wp\/v2\/media?parent=184216"}],"wp:term":[{"taxonomy":"category","embeddable":true,"href":"https:\/\/www.europesays.com\/fr\/wp-json\/wp\/v2\/categories?post=184216"},{"taxonomy":"post_tag","embeddable":true,"href":"https:\/\/www.europesays.com\/fr\/wp-json\/wp\/v2\/tags?post=184216"}],"curies":[{"name":"wp","href":"https:\/\/api.w.org\/{rel}","templated":true}]}}