{"id":18422,"date":"2025-04-11T22:35:09","date_gmt":"2025-04-11T22:35:09","guid":{"rendered":"https:\/\/www.europesays.com\/fr\/18422\/"},"modified":"2025-04-11T22:35:09","modified_gmt":"2025-04-11T22:35:09","slug":"mauvaise-nouvelle-pour-la-switch-2-edition","status":"publish","type":"post","link":"https:\/\/www.europesays.com\/fr\/18422\/","title":{"rendered":"mauvaise nouvelle pour la Switch 2 Edition"},"content":{"rendered":"<p>Depuis l\u2019annonce de la <a href=\"https:\/\/www.journaldugeek.com\/2025\/04\/11\/switch-2-a-quoi-sert-vraiment-le-mode-souris\/\" target=\"_blank\" rel=\"noopener\">Nintendo Switch 2<\/a>, et surtout de son prix, les joueurs d\u00e9battent sur la r\u00e9elle utilit\u00e9 de la console et s\u2019interrogent sur leurs intentions d\u2019achat. M\u00eame les jeux ne sont pas \u00e9pargn\u00e9s par l\u2019inflation, avec des cartouches physiques \u00e0 90\u20ac pour les jeux premium, et 80\u20ac en d\u00e9mat\u00e9rialis\u00e9. Qu\u2019en est-il des Switch 2 Edition\u00a0?<\/p>\n<p>Ces versions am\u00e9lior\u00e9es de jeux <a href=\"https:\/\/www.journaldugeek.com\/2025\/04\/10\/si-vous-achetez-une-switch-2-ces-jeux-ne-fonctionneront-plus\/\" target=\"_blank\" rel=\"noopener\">d\u00e9j\u00e0 existants sur Nintendo Switch<\/a> s\u2019apparentent principalement \u00e0 des mises \u00e0 niveau next-gen, telles qu\u2019on a pu les voir sur PS5 et Xbox Series X\/S. Nintendo nous confirme aujourd\u2019hui que non seulement ces mises \u00e0 jour sont vendues presque plein pot, mais qu\u2019il faudra en plus racheter les DLC si vous souhaitez les avoir sur votre console. C\u2019est le cas pour Zelda Breath of the Wild, que de nombreux joueurs attendent dans sa version Switch 2.\u00a0Dans un communiqu\u00e9 transmis \u00e0 IGN, la firme d\u00e9clare\u00a0:<\/p>\n<p>\u201cThe Legend of Zelda: Breath of the Wild \u2013 \u00c9dition Nintendo Switch 2 n\u2019inclut pas le DLC du Pass d\u2019extension The Legend of Zelda: Breath of the Wild. Ce DLC peut n\u00e9anmoins \u00eatre achet\u00e9 s\u00e9par\u00e9ment.\u201d<\/p>\n<p> Un l\u00e9ger probl\u00e8me d\u2019\u00e9chelle <\/p>\n<p>Il n\u2019\u00e9tait certes mentionn\u00e9 nulle part que les DLC feraient partie du lot lorsque la Switch 2 Edition de Breath of the Wild a \u00e9t\u00e9 annonc\u00e9e. Mais avec <strong>son prix de 59,90\u20ac 8 ans apr\u00e8s sa sortie<\/strong>, les joueurs s\u2019attendaient \u00e0 une sorte d\u2019Ultimate Edition, avec tout le contenu sorti jusqu\u2019ici, en plus des am\u00e9liorations techniques et visuelles. Au vu du succ\u00e8s de Breath of the Wild, il est peu probable que cela touche \u00e9norm\u00e9ment de joueurs.<\/p>\n<p>Dans l\u2019ensemble, les quelque <strong>30 millions de d\u00e9tenteurs du jeu<\/strong> pourront b\u00e9n\u00e9ficier de la mise \u00e0 niveau \u00e0 un prix \u201cd\u00e9risoire\u201d, soit environ 10\u20ac. Si on additionne cela aux 60\u20ac d\u00e9j\u00e0 d\u00e9bours\u00e9s pour le jeu de base, et les 20\u20ac de l\u2019extension, cela revient \u00e0 un co\u00fbt total de 90\u20ac. Pour Nintendo, Breath of the Wild Switch 2 Edition, ou n\u2019importe quelle version Switch 2 d\u2019un titre d\u00e9j\u00e0 existant depuis pr\u00e8s de 8 ans vaut la m\u00eame chose qu\u2019un opus flambant neuf, exploitant nativement \u00e0 fond toutes les fonctionnalit\u00e9s de la prochaine g\u00e9n\u00e9ration.<\/p>\n<p>S\u2019il n\u2019y a pas beaucoup de compassion pour le porte-monnaie des joueurs, Nintendo fait au moins preuve de coh\u00e9rence avec sa grille tarifaire. Reste \u00e0 voir si cela deviendra la norme dans l\u2019industrie du jeu vid\u00e9o et si ce n\u2019est que le d\u00e9but d\u2019une grande r\u00e9volution.<\/p>\n<blockquote>\n<p class=\"text-base text-neutral-700 dark:text-neutral-300\">\ud83d\udfe3 Pour ne manquer aucune news sur le Journal du Geek, abonnez-vous sur <a href=\"https:\/\/news.google.com\/publications\/CAAqBwgKMNr_hAswwYyCAw?hl=fr&amp;gl=FR&amp;ceid=FR%3Afr\" target=\"_blank\" rel=\"noopener\">Google Actualit\u00e9s<\/a> et sur <a href=\"https:\/\/whatsapp.com\/channel\/0029VaClM5y4tRry12tb7D2h\" target=\"_blank\" rel=\"noopener\">notre WhatsApp<\/a>. Et si vous nous adorez, on a <a href=\"https:\/\/www.journaldugeek.com\/newsletter\/\" target=\"_blank\" rel=\"noopener\">une newsletter tous les matins<\/a>.<\/p>\n<\/blockquote>\n","protected":false},"excerpt":{"rendered":"Depuis l\u2019annonce de la Nintendo Switch 2, et surtout de son prix, les joueurs d\u00e9battent sur la r\u00e9elle&hellip;\n","protected":false},"author":2,"featured_media":18423,"comment_status":"","ping_status":"","sticky":false,"template":"","format":"standard","meta":{"footnotes":""},"categories":[7],"tags":[1011,27,2596,102,43,40,41,39,42,44,7321],"class_list":{"0":"post-18422","1":"post","2":"type-post","3":"status-publish","4":"format-standard","5":"has-post-thumbnail","7":"category-sciences-et-technologies","8":"tag-fr","9":"tag-france","10":"tag-nintendo","11":"tag-nintendo-switch-2","12":"tag-science","13":"tag-science-and-technology","14":"tag-sciences","15":"tag-sciences-et-technologies","16":"tag-technologies","17":"tag-technology","18":"tag-the-legend-of-zelda-breath-of-the-wild"},"share_on_mastodon":{"url":"https:\/\/pubeurope.com\/@fr\/114321720942249412","error":""},"_links":{"self":[{"href":"https:\/\/www.europesays.com\/fr\/wp-json\/wp\/v2\/posts\/18422","targetHints":{"allow":["GET"]}}],"collection":[{"href":"https:\/\/www.europesays.com\/fr\/wp-json\/wp\/v2\/posts"}],"about":[{"href":"https:\/\/www.europesays.com\/fr\/wp-json\/wp\/v2\/types\/post"}],"author":[{"embeddable":true,"href":"https:\/\/www.europesays.com\/fr\/wp-json\/wp\/v2\/users\/2"}],"replies":[{"embeddable":true,"href":"https:\/\/www.europesays.com\/fr\/wp-json\/wp\/v2\/comments?post=18422"}],"version-history":[{"count":0,"href":"https:\/\/www.europesays.com\/fr\/wp-json\/wp\/v2\/posts\/18422\/revisions"}],"wp:featuredmedia":[{"embeddable":true,"href":"https:\/\/www.europesays.com\/fr\/wp-json\/wp\/v2\/media\/18423"}],"wp:attachment":[{"href":"https:\/\/www.europesays.com\/fr\/wp-json\/wp\/v2\/media?parent=18422"}],"wp:term":[{"taxonomy":"category","embeddable":true,"href":"https:\/\/www.europesays.com\/fr\/wp-json\/wp\/v2\/categories?post=18422"},{"taxonomy":"post_tag","embeddable":true,"href":"https:\/\/www.europesays.com\/fr\/wp-json\/wp\/v2\/tags?post=18422"}],"curies":[{"name":"wp","href":"https:\/\/api.w.org\/{rel}","templated":true}]}}