{"id":184222,"date":"2025-06-17T20:43:10","date_gmt":"2025-06-17T20:43:10","guid":{"rendered":"https:\/\/www.europesays.com\/fr\/184222\/"},"modified":"2025-06-17T20:43:10","modified_gmt":"2025-06-17T20:43:10","slug":"atp-queens-carlos-alcaraz-fait-passer-un-message-apres-sa-premiere-victoire-sur-gazon-jaurais-aime-avoir-plus-de-temps-pour-me-detendre-apres-roland-garros","status":"publish","type":"post","link":"https:\/\/www.europesays.com\/fr\/184222\/","title":{"rendered":"ATP &#8211; Queen&rsquo;s > Carlos Alcaraz fait passer un message apr\u00e8s sa premi\u00e8re victoire sur gazon : \u00ab\u00a0J&rsquo;aurais aim\u00e9 avoir plus de temps pour me d\u00e9tendre apr\u00e8s Roland-Garros\u00a0\u00bb"},"content":{"rendered":"<p>Titr\u00e9 il y a 10 jours \u00e0 Roland\u2010Garros, le deuxi\u00e8me de sa carri\u00e8re sur la terre battue pari\u00adsienne et le cinqui\u00e8me en Grand Chelem, Carlos Alcaraz a \u00e0 peine eu le temps de savourer ce nouvel accomplissement.<\/p>\n<p>Si l\u2019Espagnol s\u2019est accord\u00e9 quelques jours de repos du c\u00f4t\u00e9 d\u2019Ibiza, il est rapi\u00adde\u00adment retourn\u00e9 au travail pour pr\u00e9parer la saison sur gazon et l\u2019ATP 500 du Queen\u2019s sur lequel il s\u2019est impos\u00e9 ce mardi au premier tour (victoire 6\u20134, 7\u20136 contre Walton).\u00a0<\/p>\n<p>Interrog\u00e9 sur le court apr\u00e8s ce succ\u00e8s, le 2e joueur mondial a admis qu\u2019il aurait aim\u00e9 avoir plus de temps pour se reposer alors que la tran\u00adsi\u00adtion entre la terre battue et le gazon est assez brutale.\u00a0<\/p>\n<p><strong>\u00ab\u202fJe suis vrai\u00adment content de ma perfor\u00admance aujourd\u2019hui, je me sens bien, il y a beau\u00adcoup de choses \u00e0 am\u00e9liorer et beau\u00adcoup de choses \u00e0 travailler pour me sentir plus \u00e0 l\u2019aise, mais en g\u00e9n\u00e9ral je suis content d\u2019\u00eatre pass\u00e9. Apr\u00e8s Roland\u2010Garros, il n\u2019y a qu\u2019une semaine pour passer sur le gazon, donc je n\u2019ai pas beau\u00adcoup de temps. J\u2019aurais aim\u00e9 avoir plus de temps pour me d\u00e9tendre apr\u00e8s Roland\u2010Garros.\u202f\u00bb<\/strong><\/p>\n<p class=\"post-published-date\" style=\"color: silver; font-size: 75%; text-align: left;\">Publi\u00e9 le mardi 17 juin 2025 \u00e0 19:05<\/p>\n","protected":false},"excerpt":{"rendered":"Titr\u00e9 il y a 10 jours \u00e0 Roland\u2010Garros, le deuxi\u00e8me de sa carri\u00e8re sur la terre battue pari\u00adsienne&hellip;\n","protected":false},"author":2,"featured_media":184223,"comment_status":"","ping_status":"","sticky":false,"template":"","format":"standard","meta":{"footnotes":""},"categories":[1415],"tags":[1744,1011,27,60,1467],"class_list":{"0":"post-184222","1":"post","2":"type-post","3":"status-publish","4":"format-standard","5":"has-post-thumbnail","7":"category-tennis","8":"tag-alcaraz","9":"tag-fr","10":"tag-france","11":"tag-sports","12":"tag-tennis"},"share_on_mastodon":{"url":"https:\/\/pubeurope.com\/@fr\/114700655169341002","error":""},"_links":{"self":[{"href":"https:\/\/www.europesays.com\/fr\/wp-json\/wp\/v2\/posts\/184222","targetHints":{"allow":["GET"]}}],"collection":[{"href":"https:\/\/www.europesays.com\/fr\/wp-json\/wp\/v2\/posts"}],"about":[{"href":"https:\/\/www.europesays.com\/fr\/wp-json\/wp\/v2\/types\/post"}],"author":[{"embeddable":true,"href":"https:\/\/www.europesays.com\/fr\/wp-json\/wp\/v2\/users\/2"}],"replies":[{"embeddable":true,"href":"https:\/\/www.europesays.com\/fr\/wp-json\/wp\/v2\/comments?post=184222"}],"version-history":[{"count":0,"href":"https:\/\/www.europesays.com\/fr\/wp-json\/wp\/v2\/posts\/184222\/revisions"}],"wp:featuredmedia":[{"embeddable":true,"href":"https:\/\/www.europesays.com\/fr\/wp-json\/wp\/v2\/media\/184223"}],"wp:attachment":[{"href":"https:\/\/www.europesays.com\/fr\/wp-json\/wp\/v2\/media?parent=184222"}],"wp:term":[{"taxonomy":"category","embeddable":true,"href":"https:\/\/www.europesays.com\/fr\/wp-json\/wp\/v2\/categories?post=184222"},{"taxonomy":"post_tag","embeddable":true,"href":"https:\/\/www.europesays.com\/fr\/wp-json\/wp\/v2\/tags?post=184222"}],"curies":[{"name":"wp","href":"https:\/\/api.w.org\/{rel}","templated":true}]}}